{"id":10048,"global_id":"saisonsculturelleschaumont.fr\/mdxpuixt?id=10048","global_id_lineage":["saisonsculturelleschaumont.fr\/mdxpuixt?id=10048"],"author":"3","status":"publish","date":"2023-05-25 17:04:29","date_utc":"2023-05-25 15:04:29","modified":"2023-06-02 16:01:52","modified_utc":"2023-06-02 14:01:52","url":"https:\/\/saisonsculturelleschaumont.fr\/mdxpuixt\/evenement\/autres-mondes-une-exploration-de-loeuvre-de-jeremy-perrodeau\/","rest_url":"https:\/\/saisonsculturelleschaumont.fr\/mdxpuixt\/wp-json\/tribe\/events\/v1\/events\/10048","title":"AUTRES MONDES, une exploration de l&rsquo;oeuvre de Jeremy Perrodeau","description":"<p>A\u0300 l&rsquo;occasion d&rsquo;une nouvelle collaboration avec la maison d&rsquo;e\u0301dition inde\u0301pendante strasbourgeoise 2024, la Ville de Chaumont invite l&rsquo;un de ses jeunes auteurs e\u0301mergents, Je\u0301re\u0301my Perrodeau, a\u0300 exposer son travail a\u0300 la Chapelle des Je\u0301suites. Graphiste a\u0300 ses de\u0301buts, Je\u0301re\u0301my Perrodeau se consacre exclusivement a\u0300 l\u2019illustration et a\u0300 l\u2019e\u0301criture depuis 2017. Auteur de plusieurs bandes dessine\u0301es : <i>Isles <\/i>(2012), <i>Cre\u0301puscule<\/i> (2017), <i>Le Long des Ruines<\/i> (2021), Je\u0301re\u0301my Perrodeau publie, en 2023, <i>Le Visage de Pavil<\/i>, chez 2024, et qui sera d&rsquo;ailleurs disponible, en avant premie\u0300re, pour l&rsquo;exposition. De\u0300s le 10 juin, venez admirer les planches originales de ses ouvrages et plongez dans l\u2019univers de l\u2019artiste gra\u0302ce a\u0300 une sce\u0301nographie futuriste et immersive, imagine\u0301e par le commissaire Thibault Arnoult.<\/p>\n<p>&nbsp;<\/p>\n<p style=\"font-weight: 400;\">Vernissage samedi 10 juin \u00e0 16h.<\/p>\n<p style=\"font-weight: 400;\"><em>Exposition ouverte tous les jours de 14h a\u0300 18h30 et e\u0301galement de 10h a\u0300 12h30 le mercredi et le samedi. Ferme\u0301e le mardi<br \/>\n<\/em><em>Entre\u0301e libre<\/em><\/p>","excerpt":"","slug":"autres-mondes-une-exploration-de-loeuvre-de-jeremy-perrodeau","image":{"url":"https:\/\/saisonsculturelleschaumont.fr\/mdxpuixt\/wp-content\/uploads\/2023\/05\/Le-visage-de-Pavil-\u00a9-Jeremy-Perrodeau-Editions-2024-jpg-scaled-e1685027054728.jpg","id":10050,"extension":"jpg","width":650,"height":919,"filesize":6027723,"sizes":{"medium":{"width":300,"height":300,"mime-type":"image\/jpeg","filesize":839138,"url":"https:\/\/saisonsculturelleschaumont.fr\/mdxpuixt\/wp-content\/uploads\/2023\/05\/Le-visage-de-Pavil-\u00a9-Jeremy-Perrodeau-Editions-2024-jpg-scaled-e1685027054728-300x300.jpg"},"large":{"width":1030,"height":1030,"mime-type":"image\/jpeg","filesize":2383798,"url":"https:\/\/saisonsculturelleschaumont.fr\/mdxpuixt\/wp-content\/uploads\/2023\/05\/Le-visage-de-Pavil-\u00a9-Jeremy-Perrodeau-Editions-2024-jpg-1030x1030.jpg"},"thumbnail":{"width":80,"height":80,"mime-type":"image\/jpeg","filesize":670661,"url":"https:\/\/saisonsculturelleschaumont.fr\/mdxpuixt\/wp-content\/uploads\/2023\/05\/Le-visage-de-Pavil-\u00a9-Jeremy-Perrodeau-Editions-2024-jpg-scaled-e1685027054728-80x80.jpg"},"medium_large":{"width":650,"height":768,"mime-type":"image\/jpeg","filesize":1543279,"url":"https:\/\/saisonsculturelleschaumont.fr\/mdxpuixt\/wp-content\/uploads\/2023\/05\/Le-visage-de-Pavil-\u00a9-Jeremy-Perrodeau-Editions-2024-jpg-scaled-e1685027054728-650x768.jpg"},"1536x1536":{"width":1086,"height":1536,"mime-type":"image\/jpeg","filesize":3051041,"url":"https:\/\/saisonsculturelleschaumont.fr\/mdxpuixt\/wp-content\/uploads\/2023\/05\/Le-visage-de-Pavil-\u00a9-Jeremy-Perrodeau-Editions-2024-jpg-1086x1536.jpg"},"2048x2048":{"width":1448,"height":2048,"mime-type":"image\/jpeg","filesize":4439417,"url":"https:\/\/saisonsculturelleschaumont.fr\/mdxpuixt\/wp-content\/uploads\/2023\/05\/Le-visage-de-Pavil-\u00a9-Jeremy-Perrodeau-Editions-2024-jpg-1448x2048.jpg"},"fiat_thumb":{"width":60,"height":60,"mime-type":"image\/jpeg","filesize":665003,"url":"https:\/\/saisonsculturelleschaumont.fr\/mdxpuixt\/wp-content\/uploads\/2023\/05\/Le-visage-de-Pavil-\u00a9-Jeremy-Perrodeau-Editions-2024-jpg-scaled-e1685027054728-60x60.jpg"},"widget":{"width":36,"height":36,"mime-type":"image\/jpeg","filesize":659144,"url":"https:\/\/saisonsculturelleschaumont.fr\/mdxpuixt\/wp-content\/uploads\/2023\/05\/Le-visage-de-Pavil-\u00a9-Jeremy-Perrodeau-Editions-2024-jpg-scaled-e1685027054728-36x36.jpg"},"square":{"width":180,"height":180,"mime-type":"image\/jpeg","filesize":726657,"url":"https:\/\/saisonsculturelleschaumont.fr\/mdxpuixt\/wp-content\/uploads\/2023\/05\/Le-visage-de-Pavil-\u00a9-Jeremy-Perrodeau-Editions-2024-jpg-scaled-e1685027054728-180x180.jpg"},"featured":{"width":650,"height":430,"mime-type":"image\/jpeg","filesize":1255156,"url":"https:\/\/saisonsculturelleschaumont.fr\/mdxpuixt\/wp-content\/uploads\/2023\/05\/Le-visage-de-Pavil-\u00a9-Jeremy-Perrodeau-Editions-2024-jpg-scaled-e1685027054728-650x430.jpg"},"featured_large":{"width":650,"height":630,"mime-type":"image\/jpeg","filesize":1414265,"url":"https:\/\/saisonsculturelleschaumont.fr\/mdxpuixt\/wp-content\/uploads\/2023\/05\/Le-visage-de-Pavil-\u00a9-Jeremy-Perrodeau-Editions-2024-jpg-scaled-e1685027054728-650x630.jpg"},"extra_large":{"width":1060,"height":1500,"mime-type":"image\/jpeg","filesize":2953242,"url":"https:\/\/saisonsculturelleschaumont.fr\/mdxpuixt\/wp-content\/uploads\/2023\/05\/Le-visage-de-Pavil-\u00a9-Jeremy-Perrodeau-Editions-2024-jpg-1060x1500.jpg"},"portfolio":{"width":495,"height":400,"mime-type":"image\/jpeg","filesize":1041213,"url":"https:\/\/saisonsculturelleschaumont.fr\/mdxpuixt\/wp-content\/uploads\/2023\/05\/Le-visage-de-Pavil-\u00a9-Jeremy-Perrodeau-Editions-2024-jpg-scaled-e1685027054728-495x400.jpg"},"portfolio_small":{"width":260,"height":185,"mime-type":"image\/jpeg","filesize":766454,"url":"https:\/\/saisonsculturelleschaumont.fr\/mdxpuixt\/wp-content\/uploads\/2023\/05\/Le-visage-de-Pavil-\u00a9-Jeremy-Perrodeau-Editions-2024-jpg-scaled-e1685027054728-260x185.jpg"},"gallery":{"width":650,"height":684,"mime-type":"image\/jpeg","filesize":1465718,"url":"https:\/\/saisonsculturelleschaumont.fr\/mdxpuixt\/wp-content\/uploads\/2023\/05\/Le-visage-de-Pavil-\u00a9-Jeremy-Perrodeau-Editions-2024-jpg-scaled-e1685027054728-650x684.jpg"},"magazine":{"width":650,"height":375,"mime-type":"image\/jpeg","filesize":1191872,"url":"https:\/\/saisonsculturelleschaumont.fr\/mdxpuixt\/wp-content\/uploads\/2023\/05\/Le-visage-de-Pavil-\u00a9-Jeremy-Perrodeau-Editions-2024-jpg-scaled-e1685027054728-650x375.jpg"},"masonry":{"width":499,"height":705,"mime-type":"image\/jpeg","filesize":1238658,"url":"https:\/\/saisonsculturelleschaumont.fr\/mdxpuixt\/wp-content\/uploads\/2023\/05\/Le-visage-de-Pavil-\u00a9-Jeremy-Perrodeau-Editions-2024-jpg-scaled-e1685027054728-499x705.jpg"},"entry_with_sidebar":{"width":650,"height":321,"mime-type":"image\/jpeg","filesize":1133203,"url":"https:\/\/saisonsculturelleschaumont.fr\/mdxpuixt\/wp-content\/uploads\/2023\/05\/Le-visage-de-Pavil-\u00a9-Jeremy-Perrodeau-Editions-2024-jpg-scaled-e1685027054728-650x321.jpg"},"entry_without_sidebar":{"width":650,"height":423,"mime-type":"image\/jpeg","filesize":1244544,"url":"https:\/\/saisonsculturelleschaumont.fr\/mdxpuixt\/wp-content\/uploads\/2023\/05\/Le-visage-de-Pavil-\u00a9-Jeremy-Perrodeau-Editions-2024-jpg-scaled-e1685027054728-650x423.jpg"},"cmplz_banner_image":{"width":350,"height":100,"mime-type":"image\/jpeg","filesize":745227,"url":"https:\/\/saisonsculturelleschaumont.fr\/mdxpuixt\/wp-content\/uploads\/2023\/05\/Le-visage-de-Pavil-\u00a9-Jeremy-Perrodeau-Editions-2024-jpg-350x100.jpg"}},"original_image":"Le-visage-de-Pavil-\u00a9-Jeremy-Perrodeau-Editions-2024-jpg.jpg"},"all_day":true,"start_date":"2023-06-10 14:00:00","start_date_details":{"year":"2023","month":"06","day":"10","hour":"14","minutes":"00","seconds":"00"},"end_date":"2023-08-20 18:30:00","end_date_details":{"year":"2023","month":"08","day":"20","hour":"18","minutes":"30","seconds":"00"},"utc_start_date":"2023-06-10 12:00:00","utc_start_date_details":{"year":"2023","month":"06","day":"10","hour":"12","minutes":"00","seconds":"00"},"utc_end_date":"2023-08-20 16:30:00","utc_end_date_details":{"year":"2023","month":"08","day":"20","hour":"16","minutes":"30","seconds":"00"},"timezone":"Europe\/Paris","timezone_abbr":"CEST","cost":"","cost_details":{"currency_symbol":"","currency_code":"","currency_position":"suffix","values":[]},"website":"","show_map":true,"show_map_link":true,"hide_from_listings":true,"sticky":false,"featured":false,"categories":[{"name":"arts visuels","slug":"arts-visuels","term_group":0,"term_taxonomy_id":42,"taxonomy":"tribe_events_cat","description":"","parent":0,"count":187,"filter":"raw","id":42,"urls":{"self":"https:\/\/saisonsculturelleschaumont.fr\/mdxpuixt\/wp-json\/tribe\/events\/v1\/categories\/42","collection":"https:\/\/saisonsculturelleschaumont.fr\/mdxpuixt\/wp-json\/tribe\/events\/v1\/categories"}}],"tags":[{"name":"auteur","slug":"auteur","term_group":0,"term_taxonomy_id":98,"taxonomy":"post_tag","description":"","parent":0,"count":17,"filter":"raw","id":98,"urls":{"self":"https:\/\/saisonsculturelleschaumont.fr\/mdxpuixt\/wp-json\/tribe\/events\/v1\/tags\/98","collection":"https:\/\/saisonsculturelleschaumont.fr\/mdxpuixt\/wp-json\/tribe\/events\/v1\/tags"}},{"name":"bande dessin\u00e9e","slug":"bande-dessinee","term_group":0,"term_taxonomy_id":392,"taxonomy":"post_tag","description":"","parent":0,"count":2,"filter":"raw","id":392,"urls":{"self":"https:\/\/saisonsculturelleschaumont.fr\/mdxpuixt\/wp-json\/tribe\/events\/v1\/tags\/392","collection":"https:\/\/saisonsculturelleschaumont.fr\/mdxpuixt\/wp-json\/tribe\/events\/v1\/tags"}},{"name":"chapelle","slug":"chapelle","term_group":0,"term_taxonomy_id":317,"taxonomy":"post_tag","description":"","parent":0,"count":5,"filter":"raw","id":317,"urls":{"self":"https:\/\/saisonsculturelleschaumont.fr\/mdxpuixt\/wp-json\/tribe\/events\/v1\/tags\/317","collection":"https:\/\/saisonsculturelleschaumont.fr\/mdxpuixt\/wp-json\/tribe\/events\/v1\/tags"}},{"name":"exposition","slug":"exposition","term_group":0,"term_taxonomy_id":50,"taxonomy":"post_tag","description":"","parent":0,"count":135,"filter":"raw","id":50,"urls":{"self":"https:\/\/saisonsculturelleschaumont.fr\/mdxpuixt\/wp-json\/tribe\/events\/v1\/tags\/50","collection":"https:\/\/saisonsculturelleschaumont.fr\/mdxpuixt\/wp-json\/tribe\/events\/v1\/tags"}},{"name":"illustrateur","slug":"illustrateur","term_group":0,"term_taxonomy_id":393,"taxonomy":"post_tag","description":"","parent":0,"count":3,"filter":"raw","id":393,"urls":{"self":"https:\/\/saisonsculturelleschaumont.fr\/mdxpuixt\/wp-json\/tribe\/events\/v1\/tags\/393","collection":"https:\/\/saisonsculturelleschaumont.fr\/mdxpuixt\/wp-json\/tribe\/events\/v1\/tags"}}],"venue":{"id":1182,"author":"3","status":"publish","date":"2019-07-11 19:35:29","date_utc":"2019-07-11 17:35:29","modified":"2020-02-11 21:40:30","modified_utc":"2020-02-11 20:40:30","url":"https:\/\/saisonsculturelleschaumont.fr\/mdxpuixt\/ou\/chapelle-des-jesuites\/","venue":"la chapelle","slug":"chapelle-des-jesuites","address":"rue Victoire de la Marne","city":"Chaumont","zip":"52000","phone":"03 25 02 44 91","geo_lat":48.1124846,"geo_lng":5.1409735,"json_ld":{"@type":"Place","name":"la chapelle","description":"","url":"https:\/\/saisonsculturelleschaumont.fr\/mdxpuixt\/ou\/chapelle-des-jesuites\/","address":{"@type":"PostalAddress","streetAddress":"rue Victoire de la Marne","addressLocality":"Chaumont","postalCode":"52000"},"geo":{"@type":"GeoCoordinates","latitude":48.1124846,"longitude":5.1409735},"telephone":"03 25 02 44 91","sameAs":""},"show_map":true,"show_map_link":true,"global_id":"saisonsculturelleschaumont.fr\/mdxpuixt?id=1182","global_id_lineage":["saisonsculturelleschaumont.fr\/mdxpuixt?id=1182"]},"organizer":[{"id":1191,"author":"3","status":"publish","date":"2019-07-11 19:36:09","date_utc":"2019-07-11 17:36:09","modified":"2024-06-07 16:54:31","modified_utc":"2024-06-07 14:54:31","url":"https:\/\/saisonsculturelleschaumont.fr\/mdxpuixt\/qui\/la-chapelle\/","organizer":"la chapelle des j\u00e9suites","description":"<h5>galerie d&rsquo;art contemporain<\/h5>\n<p>rue victoire de la marne<br \/>52000\u00a0chaumont<br \/>03 25 30 44 91<\/p>\n<h5>horaires<\/h5>\n<ul>\n<li>ouvert tous les jours de 14h \u00e0 18h30\u00a0et \u00e9galement de\u00a010h \u00e0 12h30\u00a0le mercredi et samedi. Fermeture le mardi.\u00a0\u200b<\/li>\n<\/ul>\n<p>B\u00e2tie en c\u0153ur de ville \u00e0 partir de 1629, la chapelle des j\u00e9suites, class\u00e9e monument historique, est un des plus remarquables \u00e9difices de chaumont.&nbsp;&nbsp;<\/p>\n<p>Le monumental retable du ch\u0153ur, \u0153uvre du sculpteur lorrain claude collignon, constitu\u00e9 d\u2019un haut relief de pierre dor\u00e9e et sculpt\u00e9e, ex\u00e9cut\u00e9 en 1712 par jean-baptiste bouchardon, est le joyau d\u2019une riche ornementation int\u00e9rieure.&nbsp;<\/p>\n<p>Aujourd\u2019hui, la chapelle est un lieu d\u2019exposition d\u00e9di\u00e9 \u00e0 l\u2019art contemporain. Elle accueille <strong>2 \u00e0 3<\/strong><strong> expositions par an<\/strong>. D&rsquo;une surface de 400 m2, la chapelle expose des \u0153uvres individuelles ou collectives d\u2019artistes fran\u00e7ais ou \u00e9trangers.&nbsp;<\/p>\n<p>Elle devient le salon des \u00e9diteurs d\u2019art et de graphisme le temps d\u2019une semaine pendant la biennale du design graphique organis\u00e9e par le signe. La prochaine \u00e9dition aura lieu en mai 2021.&nbsp;&nbsp;<\/p>\n<p>La biennale des artistes haut-marnais, organis\u00e9e par la ville, y pr\u00e9sente autour de 50 artistes s\u00e9lectionn\u00e9s par un jury d&rsquo;experts afin de pr\u00e9senter leurs derni\u00e8res cr\u00e9ations. Un prix municipal et un autre d\u00e9partemental sont d\u00e9cern\u00e9s \u00e0 cette occasion.&nbsp;<\/p>\n<p>La chapelle accueille un large public et propose, tout au long de l&rsquo;ann\u00e9e, des visites comment\u00e9es.&nbsp;<\/p>\n<p><strong>\u2192 entr\u00e9e libre pour tous les publics&nbsp;<\/strong><\/p>\n<p><strong><br \/><\/strong><\/p>\n<\/p>\n<p><font color=\"#451255\"><b>ACTUELLEMENT&nbsp;<\/b><\/font><\/p>\n<p><font color=\"#451255\"><b>Exposition ODYSS\u00c9ES, DANS LES UNIVERS D&rsquo;\u00c9TIENNE CHAIZE<\/b><\/font><\/p>\n<p><font color=\"#451255\"><b>Jusqu&rsquo;au 18 ao\u00fbt<\/b><\/font><\/p>","slug":"la-chapelle","json_ld":{"@type":"Person","name":"la chapelle des j\u00e9suites","description":"&lt;p&gt;galerie d\\'art contemporainrue victoire de la marne52000\u00a0chaumont03 25 30 44 91horairesouvert tous les jours de 14h \u00e0 18h30\u00a0et \u00e9galement de\u00a010h \u00e0 12h30\u00a0le mercredi et samedi. Fermeture le mardi.\u00a0\u200bB\u00e2tie en c\u0153ur [&hellip;]&lt;\/p&gt;\\n","url":"","telephone":"","email":"","sameAs":""},"global_id":"saisonsculturelleschaumont.fr\/mdxpuixt?id=1191","global_id_lineage":["saisonsculturelleschaumont.fr\/mdxpuixt?id=1191"]}],"json_ld":{"@context":"http:\/\/schema.org","@type":"Event","name":"AUTRES MONDES, une exploration de l&rsquo;oeuvre de Jeremy Perrodeau","description":"&lt;p&gt;A\u0300 l\\'occasion d\\'une nouvelle collaboration avec la maison d\\'e\u0301dition inde\u0301pendante strasbourgeoise 2024, la Ville de Chaumont invite l\\'un de ses jeunes auteurs e\u0301mergents, Je\u0301re\u0301my Perrodeau, a\u0300 exposer son travail a\u0300 [&hellip;]&lt;\/p&gt;\\n","image":"https:\/\/saisonsculturelleschaumont.fr\/mdxpuixt\/wp-content\/uploads\/2023\/05\/Le-visage-de-Pavil-\u00a9-Jeremy-Perrodeau-Editions-2024-jpg-scaled-e1685027054728.jpg","url":"https:\/\/saisonsculturelleschaumont.fr\/mdxpuixt\/evenement\/autres-mondes-une-exploration-de-loeuvre-de-jeremy-perrodeau\/","eventAttendanceMode":"https:\/\/schema.org\/OfflineEventAttendanceMode","eventStatus":"https:\/\/schema.org\/EventScheduled","startDate":"2023-06-10T14:00:00+02:00","endDate":"2023-08-20T18:30:00+02:00","location":{"@type":"Place","name":"la chapelle","description":"","url":"https:\/\/saisonsculturelleschaumont.fr\/mdxpuixt\/ou\/chapelle-des-jesuites\/","address":{"@type":"PostalAddress","streetAddress":"rue Victoire de la Marne","addressLocality":"Chaumont","postalCode":"52000"},"geo":{"@type":"GeoCoordinates","latitude":48.1124846,"longitude":5.1409735},"telephone":"03 25 02 44 91","sameAs":""},"organizer":{"@type":"Person","name":"la chapelle des j\u00e9suites","description":"&lt;p&gt;galerie d\\'art contemporainrue victoire de la marne52000\u00a0chaumont03 25 30 44 91horairesouvert tous les jours de 14h \u00e0 18h30\u00a0et \u00e9galement de\u00a010h \u00e0 12h30\u00a0le mercredi et samedi. Fermeture le mardi.\u00a0\u200bB\u00e2tie en c\u0153ur [&hellip;]&lt;\/p&gt;\\n","url":"","telephone":"","email":"","sameAs":""},"performer":"Organization"},"event_bgcolor":"","event_text_color":""}