{"id":10206,"global_id":"saisonsculturelleschaumont.fr\/mdxpuixt?id=10206","global_id_lineage":["saisonsculturelleschaumont.fr\/mdxpuixt?id=10206"],"author":"3","status":"publish","date":"2023-06-20 15:05:56","date_utc":"2023-06-20 13:05:56","modified":"2023-06-20 15:26:17","modified_utc":"2023-06-20 13:26:17","url":"https:\/\/saisonsculturelleschaumont.fr\/mdxpuixt\/evenement\/grandestival-avec-la-chapelle-rhenane-academia\/","rest_url":"https:\/\/saisonsculturelleschaumont.fr\/mdxpuixt\/wp-json\/tribe\/events\/v1\/events\/10206","title":"Grand&rsquo;Est&rsquo;ival avec La Chapelle Rh\u00e9nane &#038; Acad\u00ebmia","description":"<p>Grand Est\u2019ival est de retour cet \u00e9t\u00e9 : m\u00eame \u00e9nergie, m\u00eames \u00e9quipes, m\u00eame volont\u00e9 de retrouver le public !<br \/>\nUnis par un m\u00eame souhait de faire vivre et valoriser le patrimoine architectural, gastronomique et naturel de la R\u00e9gion Grand Est, les ensembles musicaux du Collectif Musical du Grand Est mettent leurs talents au service du territoire et de ses habitants, en proposant des formats artistiques \u201ctout terrain\u201d pour faire r\u00e9sonner la culture hors les murs. Musique vocale et instrumentale, ancienne ou contemporaine, airs d\u2019op\u00e9ra ou chansons de vari\u00e9t\u00e9, les petites et les grandes oreilles y trouveront leur compte.<\/p>\n<p>Deux ensembles poseront leurs instruments \u00e0 Chaumont cet \u00e9t\u00e9, la Chapelle Rh\u00e9nane et Acad\u00ebmia, \u00e0 l&rsquo;occasion d&rsquo;un concert \u00e0 la Basilique Saint Jean-Baptiste !<\/p>\n<p>Tout publics<\/p>\n<p>Entr\u00e9e libre<\/p>","excerpt":"","slug":"grandestival-avec-la-chapelle-rhenane-academia","image":{"url":"https:\/\/saisonsculturelleschaumont.fr\/mdxpuixt\/wp-content\/uploads\/2023\/06\/295998972_590365632721701_1390949955339094693_n-e1687266341223.jpg","id":10207,"extension":"jpg","width":650,"height":433,"filesize":180800,"sizes":{"medium":{"width":300,"height":300,"mime-type":"image\/jpeg","filesize":72849,"url":"https:\/\/saisonsculturelleschaumont.fr\/mdxpuixt\/wp-content\/uploads\/2023\/06\/295998972_590365632721701_1390949955339094693_n-e1687266341223-300x300.jpg"},"large":{"width":1030,"height":908,"mime-type":"image\/jpeg","filesize":543281,"url":"https:\/\/saisonsculturelleschaumont.fr\/mdxpuixt\/wp-content\/uploads\/2023\/06\/295998972_590365632721701_1390949955339094693_n-1030x908.jpg"},"thumbnail":{"width":80,"height":80,"mime-type":"image\/jpeg","filesize":7260,"url":"https:\/\/saisonsculturelleschaumont.fr\/mdxpuixt\/wp-content\/uploads\/2023\/06\/295998972_590365632721701_1390949955339094693_n-e1687266341223-80x80.jpg"},"medium_large":{"width":768,"height":768,"mime-type":"image\/jpeg","filesize":388615,"url":"https:\/\/saisonsculturelleschaumont.fr\/mdxpuixt\/wp-content\/uploads\/2023\/06\/295998972_590365632721701_1390949955339094693_n-768x768.jpg"},"fiat_thumb":{"width":60,"height":60,"mime-type":"image\/jpeg","filesize":4932,"url":"https:\/\/saisonsculturelleschaumont.fr\/mdxpuixt\/wp-content\/uploads\/2023\/06\/295998972_590365632721701_1390949955339094693_n-e1687266341223-60x60.jpg"},"widget":{"width":36,"height":36,"mime-type":"image\/jpeg","filesize":2577,"url":"https:\/\/saisonsculturelleschaumont.fr\/mdxpuixt\/wp-content\/uploads\/2023\/06\/295998972_590365632721701_1390949955339094693_n-e1687266341223-36x36.jpg"},"square":{"width":180,"height":180,"mime-type":"image\/jpeg","filesize":30751,"url":"https:\/\/saisonsculturelleschaumont.fr\/mdxpuixt\/wp-content\/uploads\/2023\/06\/295998972_590365632721701_1390949955339094693_n-e1687266341223-180x180.jpg"},"featured":{"width":650,"height":430,"mime-type":"image\/jpeg","filesize":214019,"url":"https:\/\/saisonsculturelleschaumont.fr\/mdxpuixt\/wp-content\/uploads\/2023\/06\/295998972_590365632721701_1390949955339094693_n-e1687266341223-650x430.jpg"},"featured_large":{"width":1364,"height":630,"mime-type":"image\/jpeg","filesize":505970,"url":"https:\/\/saisonsculturelleschaumont.fr\/mdxpuixt\/wp-content\/uploads\/2023\/06\/295998972_590365632721701_1390949955339094693_n-1364x630.jpg"},"portfolio":{"width":495,"height":400,"mime-type":"image\/jpeg","filesize":143776,"url":"https:\/\/saisonsculturelleschaumont.fr\/mdxpuixt\/wp-content\/uploads\/2023\/06\/295998972_590365632721701_1390949955339094693_n-e1687266341223-495x400.jpg"},"portfolio_small":{"width":260,"height":185,"mime-type":"image\/jpeg","filesize":43262,"url":"https:\/\/saisonsculturelleschaumont.fr\/mdxpuixt\/wp-content\/uploads\/2023\/06\/295998972_590365632721701_1390949955339094693_n-e1687266341223-260x185.jpg"},"gallery":{"width":845,"height":684,"mime-type":"image\/jpeg","filesize":393529,"url":"https:\/\/saisonsculturelleschaumont.fr\/mdxpuixt\/wp-content\/uploads\/2023\/06\/295998972_590365632721701_1390949955339094693_n-845x684.jpg"},"magazine":{"width":650,"height":375,"mime-type":"image\/jpeg","filesize":187213,"url":"https:\/\/saisonsculturelleschaumont.fr\/mdxpuixt\/wp-content\/uploads\/2023\/06\/295998972_590365632721701_1390949955339094693_n-e1687266341223-650x375.jpg"},"masonry":{"width":705,"height":469,"mime-type":"image\/jpeg","filesize":247324,"url":"https:\/\/saisonsculturelleschaumont.fr\/mdxpuixt\/wp-content\/uploads\/2023\/06\/295998972_590365632721701_1390949955339094693_n-705x469.jpg"},"entry_with_sidebar":{"width":650,"height":321,"mime-type":"image\/jpeg","filesize":160591,"url":"https:\/\/saisonsculturelleschaumont.fr\/mdxpuixt\/wp-content\/uploads\/2023\/06\/295998972_590365632721701_1390949955339094693_n-e1687266341223-650x321.jpg"},"entry_without_sidebar":{"width":650,"height":423,"mime-type":"image\/jpeg","filesize":210134,"url":"https:\/\/saisonsculturelleschaumont.fr\/mdxpuixt\/wp-content\/uploads\/2023\/06\/295998972_590365632721701_1390949955339094693_n-e1687266341223-650x423.jpg"},"cmplz_banner_image":{"width":350,"height":100,"mime-type":"image\/jpeg","filesize":32768,"url":"https:\/\/saisonsculturelleschaumont.fr\/mdxpuixt\/wp-content\/uploads\/2023\/06\/295998972_590365632721701_1390949955339094693_n-350x100.jpg"}}},"all_day":false,"start_date":"2023-07-29 20:00:00","start_date_details":{"year":"2023","month":"07","day":"29","hour":"20","minutes":"00","seconds":"00"},"end_date":"2023-07-29 21:00:00","end_date_details":{"year":"2023","month":"07","day":"29","hour":"21","minutes":"00","seconds":"00"},"utc_start_date":"2023-07-29 18:00:00","utc_start_date_details":{"year":"2023","month":"07","day":"29","hour":"18","minutes":"00","seconds":"00"},"utc_end_date":"2023-07-29 19:00:00","utc_end_date_details":{"year":"2023","month":"07","day":"29","hour":"19","minutes":"00","seconds":"00"},"timezone":"Europe\/Paris","timezone_abbr":"CEST","cost":"","cost_details":{"currency_symbol":"","currency_code":"","currency_position":"suffix","values":[]},"website":"","show_map":true,"show_map_link":true,"hide_from_listings":true,"sticky":false,"featured":false,"categories":[{"name":"musique","slug":"musique","term_group":0,"term_taxonomy_id":305,"taxonomy":"tribe_events_cat","description":"","parent":0,"count":238,"filter":"raw","id":305,"urls":{"self":"https:\/\/saisonsculturelleschaumont.fr\/mdxpuixt\/wp-json\/tribe\/events\/v1\/categories\/305","collection":"https:\/\/saisonsculturelleschaumont.fr\/mdxpuixt\/wp-json\/tribe\/events\/v1\/categories"}}],"tags":[{"name":"baroque","slug":"baroque","term_group":0,"term_taxonomy_id":403,"taxonomy":"post_tag","description":"","parent":0,"count":2,"filter":"raw","id":403,"urls":{"self":"https:\/\/saisonsculturelleschaumont.fr\/mdxpuixt\/wp-json\/tribe\/events\/v1\/tags\/403","collection":"https:\/\/saisonsculturelleschaumont.fr\/mdxpuixt\/wp-json\/tribe\/events\/v1\/tags"}},{"name":"concert","slug":"concert","term_group":0,"term_taxonomy_id":51,"taxonomy":"post_tag","description":"","parent":0,"count":188,"filter":"raw","id":51,"urls":{"self":"https:\/\/saisonsculturelleschaumont.fr\/mdxpuixt\/wp-json\/tribe\/events\/v1\/tags\/51","collection":"https:\/\/saisonsculturelleschaumont.fr\/mdxpuixt\/wp-json\/tribe\/events\/v1\/tags"}},{"name":"musique","slug":"musique","term_group":0,"term_taxonomy_id":99,"taxonomy":"post_tag","description":"","parent":0,"count":203,"filter":"raw","id":99,"urls":{"self":"https:\/\/saisonsculturelleschaumont.fr\/mdxpuixt\/wp-json\/tribe\/events\/v1\/tags\/99","collection":"https:\/\/saisonsculturelleschaumont.fr\/mdxpuixt\/wp-json\/tribe\/events\/v1\/tags"}}],"venue":{"id":2958,"author":"3","status":"publish","date":"2019-08-02 14:30:26","date_utc":"2019-08-02 12:30:26","modified":"2021-02-17 14:58:00","modified_utc":"2021-02-17 13:58:00","url":"https:\/\/saisonsculturelleschaumont.fr\/mdxpuixt\/ou\/la-basilique-st-jean-baptiste\/","venue":"la basilique st jean baptiste","slug":"la-basilique-st-jean-baptiste","address":"rue Saint-Jean","city":"Chaumont","zip":"52000","json_ld":{"@type":"Place","name":"la basilique st jean baptiste","description":"","url":"https:\/\/saisonsculturelleschaumont.fr\/mdxpuixt\/ou\/la-basilique-st-jean-baptiste\/","address":{"@type":"PostalAddress","streetAddress":"rue Saint-Jean","addressLocality":"Chaumont","postalCode":"52000"},"telephone":"","sameAs":""},"show_map":true,"show_map_link":true,"global_id":"saisonsculturelleschaumont.fr\/mdxpuixt?id=2958","global_id_lineage":["saisonsculturelleschaumont.fr\/mdxpuixt?id=2958"]},"organizer":[{"id":2804,"author":"3","status":"publish","date":"2019-07-26 10:23:13","date_utc":"2019-07-26 08:23:13","modified":"2023-08-03 16:31:54","modified_utc":"2023-08-03 14:31:54","url":"https:\/\/saisonsculturelleschaumont.fr\/mdxpuixt\/qui\/actions-dans-la-ville\/","organizer":"dans la ville","description":"<p>Amener la culture dans l\u2019espace public, hors les murs, la rendre accessible \u00e0 tous, fait partie de la politique culturelle men\u00e9e par la Ville de Chaumont.\u00a0<\/p>\n<p>Concerts, cin\u00e9ma en plein air, th\u00e9\u00e2tre et cirque de rue, installations artistiques et interventions graphiques\u202f; place de l\u2019h\u00f4tel de ville, place des arts, march\u00e9 couvert, square du boulingrin, jardin agathe roullot\u202f: les disciplines et les lieux sont nombreux et vari\u00e9s.\u00a0\u00a0<\/p>\n<p>Les projets se veulent inclusifs, en lien avec le territoire, men\u00e9s avec tous les services de la collectivit\u00e9 pour faciliter leur mise en \u0153uvre, mais \u00e9galement avec le tissu associatif, les jeunes \u00e9tudiants et les commer\u00e7ants de Chaumont. Ils animent la ville, mettent en valeur le patrimoine local, et am\u00e8nent un v\u00e9ritable dialogue\u202f: une autre fa\u00e7on d\u2019\u00eatre ensemble, un pas vers la d\u00e9mocratisation culturelle.\u00a0<\/p>\n<p>Une mani\u00e8re d\u2019enrayer les d\u00e9terminismes sociaux, culturels ou \u00e9ducatifs comme l\u2019a promulgu\u00e9 le rapport de la MNACEP \u2013 Mission Nationale pour l\u2019Art et la Culture dans l\u2019Espace Public \u2013 mise en place par le Minist\u00e8re de la Culture en 2014. C\u2019est aller continuellement du dedans au dehors et vice et versa pour d\u00e9cloisonner les pratiques culturelles et investir les lieux les plus divers de tous types de formes d\u2019expression artistique.\u00a0<\/p>","slug":"actions-dans-la-ville","json_ld":{"@type":"Person","name":"dans la ville","description":"&lt;p&gt;Amener la culture dans l\u2019espace public, hors les murs, la rendre accessible \u00e0 tous, fait partie de la politique culturelle men\u00e9e par la Ville de Chaumont.\u00a0Concerts, cin\u00e9ma en plein air, [&hellip;]&lt;\/p&gt;\\n","url":"","telephone":"","email":"","sameAs":""},"global_id":"saisonsculturelleschaumont.fr\/mdxpuixt?id=2804","global_id_lineage":["saisonsculturelleschaumont.fr\/mdxpuixt?id=2804"]}],"json_ld":{"@context":"http:\/\/schema.org","@type":"Event","name":"Grand&rsquo;Est&rsquo;ival avec La Chapelle Rh\u00e9nane &#038; Acad\u00ebmia","description":"&lt;p&gt;Grand Est\u2019ival est de retour cet \u00e9t\u00e9 : m\u00eame \u00e9nergie, m\u00eames \u00e9quipes, m\u00eame volont\u00e9 de retrouver le public ! Unis par un m\u00eame souhait de faire vivre et valoriser le [&hellip;]&lt;\/p&gt;\\n","image":"https:\/\/saisonsculturelleschaumont.fr\/mdxpuixt\/wp-content\/uploads\/2023\/06\/295998972_590365632721701_1390949955339094693_n-e1687266341223.jpg","url":"https:\/\/saisonsculturelleschaumont.fr\/mdxpuixt\/evenement\/grandestival-avec-la-chapelle-rhenane-academia\/","eventAttendanceMode":"https:\/\/schema.org\/OfflineEventAttendanceMode","eventStatus":"https:\/\/schema.org\/EventScheduled","startDate":"2023-07-29T20:00:00+02:00","endDate":"2023-07-29T21:00:00+02:00","location":{"@type":"Place","name":"la basilique st jean baptiste","description":"","url":"https:\/\/saisonsculturelleschaumont.fr\/mdxpuixt\/ou\/la-basilique-st-jean-baptiste\/","address":{"@type":"PostalAddress","streetAddress":"rue Saint-Jean","addressLocality":"Chaumont","postalCode":"52000"},"telephone":"","sameAs":""},"organizer":{"@type":"Person","name":"dans la ville","description":"&lt;p&gt;Amener la culture dans l\u2019espace public, hors les murs, la rendre accessible \u00e0 tous, fait partie de la politique culturelle men\u00e9e par la Ville de Chaumont.\u00a0Concerts, cin\u00e9ma en plein air, [&hellip;]&lt;\/p&gt;\\n","url":"","telephone":"","email":"","sameAs":""},"performer":"Organization"},"event_bgcolor":"","event_text_color":""}