{"id":10466,"global_id":"saisonsculturelleschaumont.fr\/mdxpuixt?id=10466","global_id_lineage":["saisonsculturelleschaumont.fr\/mdxpuixt?id=10466"],"author":"3","status":"publish","date":"2023-09-14 11:05:55","date_utc":"2023-09-14 09:05:55","modified":"2023-10-26 16:34:47","modified_utc":"2023-10-26 14:34:47","url":"https:\/\/saisonsculturelleschaumont.fr\/mdxpuixt\/evenement\/chaumont-sens-dessus-dessous-portrait-dessine-de-la-ville\/","rest_url":"https:\/\/saisonsculturelleschaumont.fr\/mdxpuixt\/wp-json\/tribe\/events\/v1\/events\/10466","title":"Chaumont sens dessus dessous : Portrait dessin\u00e9 de la ville","description":"<p><strong>Qui est Cl\u00e9ment Gy ?<\/strong><br \/>\nVoil\u00e0 bient\u00f4t dix ans que j\u2019arpente territoires, villes et rues ainsi devenus mon terrain d\u2019\u00e9tude de pr\u00e9dilection. Je dessine comme on tient un journal de bord ou un carnet de route, au fil des opportunit\u00e9s et des envies, pour tenter de partager \u00ab l\u2019extraordinaire esth\u00e9tique du banal \u00bb que l\u2019on ne regarde parfois plus, tant notre oeil s\u2019est habitu\u00e9 \u00e0 l\u2019environnement quotidien. Form\u00e9 \u00e0 l\u2019\u00c9cole d\u2019Architecture de Paris-Belleville ainsi qu\u2019\u00e0 la Mackintosh Glasgow School of Art, j\u2019ai aujourd\u2019hui une double pratique, architecte et dessinateur. Dessiner est le moyen de me confronter au r\u00e9el en appr\u00e9hendant le monde au travers des diff\u00e9rentes mat\u00e9rialit\u00e9s, des g\u00e9om\u00e9tries, des couleurs et des textures. C\u2019est par ma vision d\u2019architecte que je m\u2019efforce de repr\u00e9senter les atmosph\u00e8res et l\u2019espace qui nous entourent, l\u2019essence de ma d\u00e9marche r\u00e9side dans un travail sur les ambiances : celle de l\u2019architecture face \u00e0 la lumi\u00e8re.<\/p>\n<p>Pendant plusieurs mois en r\u00e9sidence artistique \u00e0 Chaumont, l&rsquo;architecte et dessinateur Cl\u00e9ment Gy a explor\u00e9 rues, places, quartiers et faubourgs de la ville. La s\u00e9rie de trois dessins que Cl\u00e9ment Gy pr\u00e9sente dans le cadre de ce projet artistique constitue un portrait de la ville de Chaumont, cr\u00e9\u00e9 \u00e0 partir d\u2019une combinaison de ses diverses architectures. Ces dessins architecturaux enchev\u00eatr\u00e9s prennent la forme d\u2019un puzzle m\u00e9taphorique, visant \u00e0 mettre en lumi\u00e8re la richesse et la diversit\u00e9 qui caract\u00e9risent le territoire chaumontais. Sa d\u00e9marche a consist\u00e9 \u00e0 orchestrer une fusion de mille ans d\u2019histoire architecturale et urbaine. \u00c0 travers ces dessins, il a souhait\u00e9 r\u00e9unir des \u00e9l\u00e9ments qui traversent le temps, des \u00e9difices historiques aux constructions plus r\u00e9centes, capturant ainsi la dynamique \u00e9volutive de Chaumont au fil des si\u00e8cles. \u00c0 travers ces illustrations uniques, chaque perspective propos\u00e9e au regard offre un angle inattendu sur la ville, invitant le spectateur \u00e0 explorer ces paysages urbains d\u2019un oeil curieux.<\/p>\n<p><strong>Venez chercher votre d\u00e9pliant \u00e0 l&rsquo;H\u00f4tel de ville et chez vos commer\u00e7ants pour retrouver les trois dessins de Cl\u00e9ment Gy coll\u00e9s dans la ville !<\/strong><\/p>\n<p><em>Projet soutenu par la Ville de Chaumont, la r\u00e9gion Grand Est et la Maison Laurentine.<\/em><\/p>","excerpt":"","slug":"chaumont-sens-dessus-dessous-portrait-dessine-de-la-ville","image":{"url":"https:\/\/saisonsculturelleschaumont.fr\/mdxpuixt\/wp-content\/uploads\/2023\/09\/cha-01-scaled-e1694684897977.jpg","id":10455,"extension":"jpg","width":650,"height":767,"filesize":2114858,"sizes":{"medium":{"width":300,"height":300,"mime-type":"image\/jpeg","filesize":70863,"url":"https:\/\/saisonsculturelleschaumont.fr\/mdxpuixt\/wp-content\/uploads\/2023\/09\/cha-01-scaled-e1694684897977-300x300.jpg"},"large":{"width":1030,"height":1030,"mime-type":"image\/jpeg","filesize":620256,"url":"https:\/\/saisonsculturelleschaumont.fr\/mdxpuixt\/wp-content\/uploads\/2023\/09\/cha-01-scaled-e1694682772539-1030x1030.jpg"},"thumbnail":{"width":80,"height":80,"mime-type":"image\/jpeg","filesize":15440,"url":"https:\/\/saisonsculturelleschaumont.fr\/mdxpuixt\/wp-content\/uploads\/2023\/09\/cha-01-scaled-e1694684897977-80x80.jpg"},"medium_large":{"width":768,"height":768,"mime-type":"image\/jpeg","filesize":358443,"url":"https:\/\/saisonsculturelleschaumont.fr\/mdxpuixt\/wp-content\/uploads\/2023\/09\/cha-01-scaled-e1694682772539-768x768.jpg"},"1536x1536":{"width":1302,"height":1536,"mime-type":"image\/jpeg","filesize":1124472,"url":"https:\/\/saisonsculturelleschaumont.fr\/mdxpuixt\/wp-content\/uploads\/2023\/09\/cha-01-scaled-e1694682772539-1302x1536.jpg"},"2048x2048":{"width":1152,"height":2048,"mime-type":"image\/jpeg","filesize":1394483,"url":"https:\/\/saisonsculturelleschaumont.fr\/mdxpuixt\/wp-content\/uploads\/2023\/09\/cha-01-1152x2048.jpg"},"fiat_thumb":{"width":60,"height":60,"mime-type":"image\/jpeg","filesize":13692,"url":"https:\/\/saisonsculturelleschaumont.fr\/mdxpuixt\/wp-content\/uploads\/2023\/09\/cha-01-scaled-e1694684897977-60x60.jpg"},"widget":{"width":36,"height":36,"mime-type":"image\/jpeg","filesize":11637,"url":"https:\/\/saisonsculturelleschaumont.fr\/mdxpuixt\/wp-content\/uploads\/2023\/09\/cha-01-scaled-e1694684897977-36x36.jpg"},"square":{"width":180,"height":180,"mime-type":"image\/jpeg","filesize":35014,"url":"https:\/\/saisonsculturelleschaumont.fr\/mdxpuixt\/wp-content\/uploads\/2023\/09\/cha-01-scaled-e1694684897977-180x180.jpg"},"featured":{"width":650,"height":430,"mime-type":"image\/jpeg","filesize":183898,"url":"https:\/\/saisonsculturelleschaumont.fr\/mdxpuixt\/wp-content\/uploads\/2023\/09\/cha-01-scaled-e1694684897977-650x430.jpg"},"featured_large":{"width":650,"height":630,"mime-type":"image\/jpeg","filesize":259026,"url":"https:\/\/saisonsculturelleschaumont.fr\/mdxpuixt\/wp-content\/uploads\/2023\/09\/cha-01-scaled-e1694684897977-650x630.jpg"},"extra_large":{"width":1271,"height":1500,"mime-type":"image\/jpeg","filesize":1081244,"url":"https:\/\/saisonsculturelleschaumont.fr\/mdxpuixt\/wp-content\/uploads\/2023\/09\/cha-01-scaled-e1694682772539-1271x1500.jpg"},"portfolio":{"width":495,"height":400,"mime-type":"image\/jpeg","filesize":123747,"url":"https:\/\/saisonsculturelleschaumont.fr\/mdxpuixt\/wp-content\/uploads\/2023\/09\/cha-01-scaled-e1694684897977-495x400.jpg"},"portfolio_small":{"width":260,"height":185,"mime-type":"image\/jpeg","filesize":42154,"url":"https:\/\/saisonsculturelleschaumont.fr\/mdxpuixt\/wp-content\/uploads\/2023\/09\/cha-01-scaled-e1694684897977-260x185.jpg"},"gallery":{"width":650,"height":684,"mime-type":"image\/jpeg","filesize":283870,"url":"https:\/\/saisonsculturelleschaumont.fr\/mdxpuixt\/wp-content\/uploads\/2023\/09\/cha-01-scaled-e1694684897977-650x684.jpg"},"magazine":{"width":650,"height":375,"mime-type":"image\/jpeg","filesize":163806,"url":"https:\/\/saisonsculturelleschaumont.fr\/mdxpuixt\/wp-content\/uploads\/2023\/09\/cha-01-scaled-e1694684897977-650x375.jpg"},"masonry":{"width":597,"height":705,"mime-type":"image\/jpeg","filesize":255732,"url":"https:\/\/saisonsculturelleschaumont.fr\/mdxpuixt\/wp-content\/uploads\/2023\/09\/cha-01-scaled-e1694684897977-597x705.jpg"},"entry_with_sidebar":{"width":650,"height":321,"mime-type":"image\/jpeg","filesize":142330,"url":"https:\/\/saisonsculturelleschaumont.fr\/mdxpuixt\/wp-content\/uploads\/2023\/09\/cha-01-scaled-e1694684897977-650x321.jpg"},"entry_without_sidebar":{"width":650,"height":423,"mime-type":"image\/jpeg","filesize":181836,"url":"https:\/\/saisonsculturelleschaumont.fr\/mdxpuixt\/wp-content\/uploads\/2023\/09\/cha-01-scaled-e1694684897977-650x423.jpg"},"cmplz_banner_image":{"width":350,"height":100,"mime-type":"image\/jpeg","filesize":30675,"url":"https:\/\/saisonsculturelleschaumont.fr\/mdxpuixt\/wp-content\/uploads\/2023\/09\/cha-01-350x100.jpg"}},"original_image":"cha-01.jpg"},"all_day":true,"start_date":"2023-09-16 00:00:00","start_date_details":{"year":"2023","month":"09","day":"16","hour":"00","minutes":"00","seconds":"00"},"end_date":"2023-11-30 23:59:59","end_date_details":{"year":"2023","month":"11","day":"30","hour":"23","minutes":"59","seconds":"59"},"utc_start_date":"2023-09-15 22:00:00","utc_start_date_details":{"year":"2023","month":"09","day":"15","hour":"22","minutes":"00","seconds":"00"},"utc_end_date":"2023-11-30 22:59:59","utc_end_date_details":{"year":"2023","month":"11","day":"30","hour":"22","minutes":"59","seconds":"59"},"timezone":"Europe\/Paris","timezone_abbr":"CEST","cost":"","cost_details":{"currency_symbol":"","currency_code":"","currency_position":"suffix","values":[]},"website":"","show_map":true,"show_map_link":false,"hide_from_listings":false,"sticky":false,"featured":false,"categories":[{"name":"graphisme dans la ville","slug":"graphisme-dans-la-ville","term_group":0,"term_taxonomy_id":41,"taxonomy":"tribe_events_cat","description":"","parent":0,"count":22,"filter":"raw","id":41,"urls":{"self":"https:\/\/saisonsculturelleschaumont.fr\/mdxpuixt\/wp-json\/tribe\/events\/v1\/categories\/41","collection":"https:\/\/saisonsculturelleschaumont.fr\/mdxpuixt\/wp-json\/tribe\/events\/v1\/categories"}}],"tags":[{"name":"dessin","slug":"dessin","term_group":0,"term_taxonomy_id":150,"taxonomy":"post_tag","description":"","parent":0,"count":6,"filter":"raw","id":150,"urls":{"self":"https:\/\/saisonsculturelleschaumont.fr\/mdxpuixt\/wp-json\/tribe\/events\/v1\/tags\/150","collection":"https:\/\/saisonsculturelleschaumont.fr\/mdxpuixt\/wp-json\/tribe\/events\/v1\/tags"}},{"name":"parcours","slug":"parcours","term_group":0,"term_taxonomy_id":73,"taxonomy":"post_tag","description":"","parent":0,"count":15,"filter":"raw","id":73,"urls":{"self":"https:\/\/saisonsculturelleschaumont.fr\/mdxpuixt\/wp-json\/tribe\/events\/v1\/tags\/73","collection":"https:\/\/saisonsculturelleschaumont.fr\/mdxpuixt\/wp-json\/tribe\/events\/v1\/tags"}},{"name":"urbain","slug":"urbain","term_group":0,"term_taxonomy_id":407,"taxonomy":"post_tag","description":"","parent":0,"count":1,"filter":"raw","id":407,"urls":{"self":"https:\/\/saisonsculturelleschaumont.fr\/mdxpuixt\/wp-json\/tribe\/events\/v1\/tags\/407","collection":"https:\/\/saisonsculturelleschaumont.fr\/mdxpuixt\/wp-json\/tribe\/events\/v1\/tags"}}],"venue":{"id":1178,"author":"3","status":"publish","date":"2019-07-11 19:35:27","date_utc":"2019-07-11 17:35:27","modified":"2020-02-11 21:40:30","modified_utc":"2020-02-11 20:40:30","url":"https:\/\/saisonsculturelleschaumont.fr\/mdxpuixt\/ou\/centre-ville-de-chaumont\/","venue":"le centre-ville","slug":"centre-ville-de-chaumont","city":"Chaumont","country":"France","zip":"52000","geo_lat":48.1167,"geo_lng":5.1333,"json_ld":{"@type":"Place","name":"le centre-ville","description":"","url":"https:\/\/saisonsculturelleschaumont.fr\/mdxpuixt\/ou\/centre-ville-de-chaumont\/","address":{"@type":"PostalAddress","addressLocality":"Chaumont","postalCode":"52000","addressCountry":"France"},"geo":{"@type":"GeoCoordinates","latitude":48.1167,"longitude":5.1333},"telephone":"","sameAs":""},"show_map":true,"show_map_link":true,"global_id":"saisonsculturelleschaumont.fr\/mdxpuixt?id=1178","global_id_lineage":["saisonsculturelleschaumont.fr\/mdxpuixt?id=1178"]},"organizer":[{"id":2804,"author":"3","status":"publish","date":"2019-07-26 10:23:13","date_utc":"2019-07-26 08:23:13","modified":"2023-08-03 16:31:54","modified_utc":"2023-08-03 14:31:54","url":"https:\/\/saisonsculturelleschaumont.fr\/mdxpuixt\/qui\/actions-dans-la-ville\/","organizer":"dans la ville","description":"<p>Amener la culture dans l\u2019espace public, hors les murs, la rendre accessible \u00e0 tous, fait partie de la politique culturelle men\u00e9e par la Ville de Chaumont.\u00a0<\/p>\n<p>Concerts, cin\u00e9ma en plein air, th\u00e9\u00e2tre et cirque de rue, installations artistiques et interventions graphiques\u202f; place de l\u2019h\u00f4tel de ville, place des arts, march\u00e9 couvert, square du boulingrin, jardin agathe roullot\u202f: les disciplines et les lieux sont nombreux et vari\u00e9s.\u00a0\u00a0<\/p>\n<p>Les projets se veulent inclusifs, en lien avec le territoire, men\u00e9s avec tous les services de la collectivit\u00e9 pour faciliter leur mise en \u0153uvre, mais \u00e9galement avec le tissu associatif, les jeunes \u00e9tudiants et les commer\u00e7ants de Chaumont. Ils animent la ville, mettent en valeur le patrimoine local, et am\u00e8nent un v\u00e9ritable dialogue\u202f: une autre fa\u00e7on d\u2019\u00eatre ensemble, un pas vers la d\u00e9mocratisation culturelle.\u00a0<\/p>\n<p>Une mani\u00e8re d\u2019enrayer les d\u00e9terminismes sociaux, culturels ou \u00e9ducatifs comme l\u2019a promulgu\u00e9 le rapport de la MNACEP \u2013 Mission Nationale pour l\u2019Art et la Culture dans l\u2019Espace Public \u2013 mise en place par le Minist\u00e8re de la Culture en 2014. C\u2019est aller continuellement du dedans au dehors et vice et versa pour d\u00e9cloisonner les pratiques culturelles et investir les lieux les plus divers de tous types de formes d\u2019expression artistique.\u00a0<\/p>","slug":"actions-dans-la-ville","json_ld":{"@type":"Person","name":"dans la ville","description":"&lt;p&gt;Amener la culture dans l\u2019espace public, hors les murs, la rendre accessible \u00e0 tous, fait partie de la politique culturelle men\u00e9e par la Ville de Chaumont.\u00a0Concerts, cin\u00e9ma en plein air, [&hellip;]&lt;\/p&gt;\\n","url":"","telephone":"","email":"","sameAs":""},"global_id":"saisonsculturelleschaumont.fr\/mdxpuixt?id=2804","global_id_lineage":["saisonsculturelleschaumont.fr\/mdxpuixt?id=2804"]}],"json_ld":{"@context":"http:\/\/schema.org","@type":"Event","name":"Chaumont sens dessus dessous : Portrait dessin\u00e9 de la ville","description":"&lt;p&gt;Qui est Cl\u00e9ment Gy ? Voil\u00e0 bient\u00f4t dix ans que j\u2019arpente territoires, villes et rues ainsi devenus mon terrain d\u2019\u00e9tude de pr\u00e9dilection. Je dessine comme on tient un journal de [&hellip;]&lt;\/p&gt;\\n","image":"https:\/\/saisonsculturelleschaumont.fr\/mdxpuixt\/wp-content\/uploads\/2023\/09\/cha-01-scaled-e1694684897977.jpg","url":"https:\/\/saisonsculturelleschaumont.fr\/mdxpuixt\/evenement\/chaumont-sens-dessus-dessous-portrait-dessine-de-la-ville\/","eventAttendanceMode":"https:\/\/schema.org\/OfflineEventAttendanceMode","eventStatus":"https:\/\/schema.org\/EventScheduled","startDate":"2023-09-16T00:00:00+02:00","endDate":"2023-11-30T23:59:59+01:00","location":{"@type":"Place","name":"le centre-ville","description":"","url":"https:\/\/saisonsculturelleschaumont.fr\/mdxpuixt\/ou\/centre-ville-de-chaumont\/","address":{"@type":"PostalAddress","addressLocality":"Chaumont","postalCode":"52000","addressCountry":"France"},"geo":{"@type":"GeoCoordinates","latitude":48.1167,"longitude":5.1333},"telephone":"","sameAs":""},"organizer":{"@type":"Person","name":"dans la ville","description":"&lt;p&gt;Amener la culture dans l\u2019espace public, hors les murs, la rendre accessible \u00e0 tous, fait partie de la politique culturelle men\u00e9e par la Ville de Chaumont.\u00a0Concerts, cin\u00e9ma en plein air, [&hellip;]&lt;\/p&gt;\\n","url":"","telephone":"","email":"","sameAs":""},"performer":"Organization"},"event_bgcolor":"","event_text_color":""}