{"id":10716,"global_id":"saisonsculturelleschaumont.fr\/mdxpuixt?id=10716","global_id_lineage":["saisonsculturelleschaumont.fr\/mdxpuixt?id=10716"],"author":"3","status":"publish","date":"2023-09-14 20:26:57","date_utc":"2023-09-14 18:26:57","modified":"2023-10-26 16:49:23","modified_utc":"2023-10-26 14:49:23","url":"https:\/\/saisonsculturelleschaumont.fr\/mdxpuixt\/evenement\/ouiiiii\/","rest_url":"https:\/\/saisonsculturelleschaumont.fr\/mdxpuixt\/wp-json\/tribe\/events\/v1\/events\/10716","title":"Ouiiiii !","description":"<div class=\"header-spectacle\">\n<div class=\"d-flex info-bottom\">\n<div class=\"tags\">\n<div class=\"tags-holder\"><span class=\"tag\">th\u00e9\u00e2tre<br \/>\n<\/span><span class=\"tag\">55min<br \/>\n<\/span><span class=\"tag\">+ 13 ans<\/span><\/div>\n<\/div>\n<\/div>\n<\/div>\n<div class=\"presentation-spectacle\">\n<div class=\"main-text\">\n<p><em>Ouiiiii !<\/em> parle de la naissance de la sexualit\u00e9 aux adolescents, la vraie, celle o\u00f9 l&rsquo;on s&rsquo;\u00e9panouit dans la tendresse, l&rsquo;estime de soi et le respect de l&rsquo;autre.<\/p>\n<p><em>Ouiiiii !<\/em> parle d&rsquo;amour, d&rsquo;\u00e9motions fortes dont on ne sait que faire, de maladresses, de quiproquos et de consentement.<\/p>\n<\/div>\n<div class=\"distribution\">\n<p>&nbsp;<\/p>\n<p><strong>Mise en sc\u00e8ne \u202f:<\/strong>\u202fPauline Bourse<\/p>\n<p><strong>Avec \u202f:<\/strong>\u202fMathilde Risse et Mika\u00ebl Teyssi\u00e9<\/p>\n<p><strong>Texte \u202f:<\/strong>\u202f\u00c9ric Pessan, en \u00e9criture collaborative<\/p>\n<p><strong>Sc\u00e9nographie \u202f:<\/strong>\u202fVanessa Ailleaume<\/p>\n<p><strong>Musique \u202f:<\/strong>\u202fM\u00e9lanie Loisel<\/p>\n<p><strong>Diffusion \u202f:<\/strong>\u202fSol\u00e8ne Maillet<\/p>\n<p><strong>Production \u202f:<\/strong>\u202f\u00c9milie Castel<\/p>\n<p><strong>Teaser :<\/strong>\u00a0Les Chroniques d\u2019\u00c9t\u00e9<\/p>\n<p><strong>Photos \u202f:<\/strong>\u202fGabriela Cais Burdmann<\/p>\n<p>&nbsp;<\/p>\n<\/div>\n<div class=\"enplus\">\n[<strong>avertissement]\n<\/strong>Une sc\u00e8ne du spectacle aborde le sujet du viol.<\/p>\n<p>&nbsp;<\/p>\n<\/div>\n<p>Billetterie : https:\/\/billetterie-nouveaurelax.mapado.com\/<\/p>\n<\/div>","excerpt":"","slug":"ouiiiii","image":{"url":"https:\/\/saisonsculturelleschaumont.fr\/mdxpuixt\/wp-content\/uploads\/2023\/10\/f28a6470-1600x-e1698655166651.jpg","id":10718,"extension":"jpg","width":1066,"height":1066,"filesize":316540,"sizes":{"medium":{"width":300,"height":300,"mime-type":"image\/jpeg","filesize":71313,"url":"https:\/\/saisonsculturelleschaumont.fr\/mdxpuixt\/wp-content\/uploads\/2023\/10\/f28a6470-1600x-e1698655166651-300x300.jpg"},"large":{"width":1030,"height":1030,"mime-type":"image\/jpeg","filesize":548794,"url":"https:\/\/saisonsculturelleschaumont.fr\/mdxpuixt\/wp-content\/uploads\/2023\/10\/f28a6470-1600x-e1698655166651-1030x1030.jpg"},"thumbnail":{"width":80,"height":80,"mime-type":"image\/jpeg","filesize":6895,"url":"https:\/\/saisonsculturelleschaumont.fr\/mdxpuixt\/wp-content\/uploads\/2023\/10\/f28a6470-1600x-e1698655166651-80x80.jpg"},"medium_large":{"width":768,"height":768,"mime-type":"image\/jpeg","filesize":341110,"url":"https:\/\/saisonsculturelleschaumont.fr\/mdxpuixt\/wp-content\/uploads\/2023\/10\/f28a6470-1600x-e1698655166651-768x768.jpg"},"1536x1536":{"width":1536,"height":1023,"mime-type":"image\/jpeg","filesize":778217,"url":"https:\/\/saisonsculturelleschaumont.fr\/mdxpuixt\/wp-content\/uploads\/2023\/10\/f28a6470-1600x-1536x1023.jpg"},"fiat_thumb":{"width":60,"height":60,"mime-type":"image\/jpeg","filesize":4646,"url":"https:\/\/saisonsculturelleschaumont.fr\/mdxpuixt\/wp-content\/uploads\/2023\/10\/f28a6470-1600x-e1698655166651-60x60.jpg"},"widget":{"width":36,"height":36,"mime-type":"image\/jpeg","filesize":2259,"url":"https:\/\/saisonsculturelleschaumont.fr\/mdxpuixt\/wp-content\/uploads\/2023\/10\/f28a6470-1600x-e1698655166651-36x36.jpg"},"square":{"width":180,"height":180,"mime-type":"image\/jpeg","filesize":30112,"url":"https:\/\/saisonsculturelleschaumont.fr\/mdxpuixt\/wp-content\/uploads\/2023\/10\/f28a6470-1600x-e1698655166651-180x180.jpg"},"featured":{"width":1066,"height":430,"mime-type":"image\/jpeg","filesize":243191,"url":"https:\/\/saisonsculturelleschaumont.fr\/mdxpuixt\/wp-content\/uploads\/2023\/10\/f28a6470-1600x-e1698655166651-1066x430.jpg"},"featured_large":{"width":1066,"height":630,"mime-type":"image\/jpeg","filesize":361068,"url":"https:\/\/saisonsculturelleschaumont.fr\/mdxpuixt\/wp-content\/uploads\/2023\/10\/f28a6470-1600x-e1698655166651-1066x630.jpg"},"extra_large":{"width":1500,"height":999,"mime-type":"image\/jpeg","filesize":751778,"url":"https:\/\/saisonsculturelleschaumont.fr\/mdxpuixt\/wp-content\/uploads\/2023\/10\/f28a6470-1600x-1500x999.jpg"},"portfolio":{"width":495,"height":400,"mime-type":"image\/jpeg","filesize":131118,"url":"https:\/\/saisonsculturelleschaumont.fr\/mdxpuixt\/wp-content\/uploads\/2023\/10\/f28a6470-1600x-e1698655166651-495x400.jpg"},"portfolio_small":{"width":260,"height":185,"mime-type":"image\/jpeg","filesize":39027,"url":"https:\/\/saisonsculturelleschaumont.fr\/mdxpuixt\/wp-content\/uploads\/2023\/10\/f28a6470-1600x-e1698655166651-260x185.jpg"},"gallery":{"width":845,"height":684,"mime-type":"image\/jpeg","filesize":319205,"url":"https:\/\/saisonsculturelleschaumont.fr\/mdxpuixt\/wp-content\/uploads\/2023\/10\/f28a6470-1600x-e1698655166651-845x684.jpg"},"magazine":{"width":710,"height":375,"mime-type":"image\/jpeg","filesize":154080,"url":"https:\/\/saisonsculturelleschaumont.fr\/mdxpuixt\/wp-content\/uploads\/2023\/10\/f28a6470-1600x-e1698655166651-710x375.jpg"},"masonry":{"width":705,"height":705,"mime-type":"image\/jpeg","filesize":299741,"url":"https:\/\/saisonsculturelleschaumont.fr\/mdxpuixt\/wp-content\/uploads\/2023\/10\/f28a6470-1600x-e1698655166651-705x705.jpg"},"entry_with_sidebar":{"width":845,"height":321,"mime-type":"image\/jpeg","filesize":145340,"url":"https:\/\/saisonsculturelleschaumont.fr\/mdxpuixt\/wp-content\/uploads\/2023\/10\/f28a6470-1600x-e1698655166651-845x321.jpg"},"entry_without_sidebar":{"width":1066,"height":423,"mime-type":"image\/jpeg","filesize":236004,"url":"https:\/\/saisonsculturelleschaumont.fr\/mdxpuixt\/wp-content\/uploads\/2023\/10\/f28a6470-1600x-e1698655166651-1066x423.jpg"},"cmplz_banner_image":{"width":350,"height":100,"mime-type":"image\/jpeg","filesize":28693,"url":"https:\/\/saisonsculturelleschaumont.fr\/mdxpuixt\/wp-content\/uploads\/2023\/10\/f28a6470-1600x-350x100.jpg"}}},"all_day":false,"start_date":"2023-11-21 18:30:00","start_date_details":{"year":"2023","month":"11","day":"21","hour":"18","minutes":"30","seconds":"00"},"end_date":"2023-11-21 19:30:00","end_date_details":{"year":"2023","month":"11","day":"21","hour":"19","minutes":"30","seconds":"00"},"utc_start_date":"2023-11-21 17:30:00","utc_start_date_details":{"year":"2023","month":"11","day":"21","hour":"17","minutes":"30","seconds":"00"},"utc_end_date":"2023-11-21 18:30:00","utc_end_date_details":{"year":"2023","month":"11","day":"21","hour":"18","minutes":"30","seconds":"00"},"timezone":"Europe\/Paris","timezone_abbr":"CET","cost":"","cost_details":{"currency_symbol":"","currency_code":"","currency_position":"suffix","values":[]},"website":"https:\/\/billetterie-nouveaurelax.mapado.com","show_map":true,"show_map_link":true,"hide_from_listings":false,"sticky":false,"featured":false,"categories":[{"name":"spectacle vivant","slug":"spectacle-vivant","term_group":0,"term_taxonomy_id":44,"taxonomy":"tribe_events_cat","description":"","parent":0,"count":148,"filter":"raw","id":44,"urls":{"self":"https:\/\/saisonsculturelleschaumont.fr\/mdxpuixt\/wp-json\/tribe\/events\/v1\/categories\/44","collection":"https:\/\/saisonsculturelleschaumont.fr\/mdxpuixt\/wp-json\/tribe\/events\/v1\/categories"}}],"tags":[{"name":"spectacle","slug":"spectacle","term_group":0,"term_taxonomy_id":55,"taxonomy":"post_tag","description":"","parent":0,"count":114,"filter":"raw","id":55,"urls":{"self":"https:\/\/saisonsculturelleschaumont.fr\/mdxpuixt\/wp-json\/tribe\/events\/v1\/tags\/55","collection":"https:\/\/saisonsculturelleschaumont.fr\/mdxpuixt\/wp-json\/tribe\/events\/v1\/tags"}},{"name":"th\u00e9\u00e2tre","slug":"theatre","term_group":0,"term_taxonomy_id":106,"taxonomy":"post_tag","description":"","parent":0,"count":47,"filter":"raw","id":106,"urls":{"self":"https:\/\/saisonsculturelleschaumont.fr\/mdxpuixt\/wp-json\/tribe\/events\/v1\/tags\/106","collection":"https:\/\/saisonsculturelleschaumont.fr\/mdxpuixt\/wp-json\/tribe\/events\/v1\/tags"}}],"venue":{"id":1183,"author":"3","status":"publish","date":"2019-07-11 19:35:32","date_utc":"2019-07-11 17:35:32","modified":"2020-02-11 21:40:30","modified_utc":"2020-02-11 20:40:30","url":"https:\/\/saisonsculturelleschaumont.fr\/mdxpuixt\/ou\/le-nouveau-relax\/","venue":"le nouveau relax","slug":"le-nouveau-relax","address":"15 bis rue L\u00e9vy-Alphand\u00e9ry","city":"Chaumont","country":"France","zip":"52000","phone":"03 25 01 68 80","website":"https:\/\/www.lenouveaurelax.fr","geo_lat":48.1074264,"geo_lng":5.1373537,"json_ld":{"@type":"Place","name":"le nouveau relax","description":"","url":"https:\/\/saisonsculturelleschaumont.fr\/mdxpuixt\/ou\/le-nouveau-relax\/","address":{"@type":"PostalAddress","streetAddress":"15 bis rue L\u00e9vy-Alphand\u00e9ry","addressLocality":"Chaumont","postalCode":"52000","addressCountry":"France"},"geo":{"@type":"GeoCoordinates","latitude":48.1074264,"longitude":5.1373537},"telephone":"03 25 01 68 80","sameAs":"https:\/\/www.lenouveaurelax.fr"},"show_map":true,"show_map_link":true,"global_id":"saisonsculturelleschaumont.fr\/mdxpuixt?id=1183","global_id_lineage":["saisonsculturelleschaumont.fr\/mdxpuixt?id=1183"]},"organizer":[{"id":1192,"author":"3","status":"publish","date":"2019-07-11 19:36:09","date_utc":"2019-07-11 17:36:09","modified":"2020-02-11 21:38:24","modified_utc":"2020-02-11 20:38:24","url":"https:\/\/saisonsculturelleschaumont.fr\/mdxpuixt\/qui\/le-nouveau-relax\/","organizer":"le nouveau relax","slug":"le-nouveau-relax","phone":"03 25 01 68 80","website":"http:\/\/www.lenouveaurelax.fr\/","email":"accueil.theatre@ville-chaumont.fr","json_ld":{"@type":"Person","name":"le nouveau relax","description":"","url":"http:\/\/www.lenouveaurelax.fr\/","telephone":"03 25 01 68 80","email":"&#97;&#99;c&#117;&#101;il.&#116;&#104;e&#97;&#116;&#114;e&#64;&#118;&#105;&#108;&#108;&#101;&#45;ch&#97;&#117;&#109;&#111;nt&#46;&#102;r","sameAs":"http:\/\/www.lenouveaurelax.fr\/"},"global_id":"saisonsculturelleschaumont.fr\/mdxpuixt?id=1192","global_id_lineage":["saisonsculturelleschaumont.fr\/mdxpuixt?id=1192"]}],"json_ld":{"@context":"http:\/\/schema.org","@type":"Event","name":"Ouiiiii !","description":"&lt;p&gt;th\u00e9\u00e2tre 55min + 13 ans Ouiiiii ! parle de la naissance de la sexualit\u00e9 aux adolescents, la vraie, celle o\u00f9 l\\'on s\\'\u00e9panouit dans la tendresse, l\\'estime de soi et le [&hellip;]&lt;\/p&gt;\\n","image":"https:\/\/saisonsculturelleschaumont.fr\/mdxpuixt\/wp-content\/uploads\/2023\/10\/f28a6470-1600x-e1698655166651.jpg","url":"https:\/\/saisonsculturelleschaumont.fr\/mdxpuixt\/evenement\/ouiiiii\/","eventAttendanceMode":"https:\/\/schema.org\/OfflineEventAttendanceMode","eventStatus":"https:\/\/schema.org\/EventScheduled","startDate":"2023-11-21T18:30:00+01:00","endDate":"2023-11-21T19:30:00+01:00","location":{"@type":"Place","name":"le nouveau relax","description":"","url":"https:\/\/saisonsculturelleschaumont.fr\/mdxpuixt\/ou\/le-nouveau-relax\/","address":{"@type":"PostalAddress","streetAddress":"15 bis rue L\u00e9vy-Alphand\u00e9ry","addressLocality":"Chaumont","postalCode":"52000","addressCountry":"France"},"geo":{"@type":"GeoCoordinates","latitude":48.1074264,"longitude":5.1373537},"telephone":"03 25 01 68 80","sameAs":"https:\/\/www.lenouveaurelax.fr"},"organizer":{"@type":"Person","name":"le nouveau relax","description":"","url":"http:\/\/www.lenouveaurelax.fr\/","telephone":"03 25 01 68 80","email":"&#97;&#99;cu&#101;&#105;&#108;&#46;the&#97;t&#114;e&#64;&#118;&#105;l&#108;&#101;&#45;&#99;&#104;a&#117;m&#111;n&#116;.&#102;&#114;","sameAs":"http:\/\/www.lenouveaurelax.fr\/"},"performer":"Organization"},"event_bgcolor":"","event_text_color":""}