{"id":10834,"global_id":"saisonsculturelleschaumont.fr\/mdxpuixt?id=10834","global_id_lineage":["saisonsculturelleschaumont.fr\/mdxpuixt?id=10834"],"author":"3","status":"publish","date":"2023-10-30 14:57:49","date_utc":"2023-10-30 13:57:49","modified":"2023-10-30 14:59:11","modified_utc":"2023-10-30 13:59:11","url":"https:\/\/saisonsculturelleschaumont.fr\/mdxpuixt\/evenement\/10834\/","rest_url":"https:\/\/saisonsculturelleschaumont.fr\/mdxpuixt\/wp-json\/tribe\/events\/v1\/events\/10834","title":"cin\u00e9 asso \u00e9cologie","description":"<p>Dans le cadre du cycle \u00ab\u00a0La MJC fait son cin\u00e9ma\u00a0\u00bb :<\/p>\n<h4><em>Paysans du ciel \u00e0 la terre<\/em> de Herv\u00e9 Payen<\/h4>\n<p>&nbsp;<\/p>\n<p style=\"font-weight: 400;\">Film documentaire de 1h24\u2019<\/p>\n<p style=\"font-weight: 400;\">Photographe a\u00e9rien, Philippe Frutier d\u00e9cide de chercher les causes du changement drastique des paysages agricoles. Partant du danger des coul\u00e9es de boue, il s\u2019en va \u00e0 la rencontre de diff\u00e9rents agriculteurs afin de comprendre les enjeux \u00e9cologiques et financiers qui se jouent aujourd\u2019hui sur nos terres\u2026<\/p>\n<p style=\"font-weight: 400;\">Pr\u00e9sentant les initiatives de plusieurs Fran\u00e7ais autour de la notion d\u2019agriculture, ce documentaire interroge nos fa\u00e7ons de produire, de consommer et de nous alimenter. Partant de la multiplication des coul\u00e9es de boue, Philippe Frutier se met \u00e0 la recherche de leurs causes et s\u2019attarde ainsi sur l\u2019agriculture biologique, la gestion des sols, l\u2019utilisation des pesticides, la n\u00e9cessit\u00e9 de s\u2019alimenter de la bonne fa\u00e7on\u2026 Croisant diff\u00e9rents portraits et diff\u00e9rentes histoires de vie toutes unies autour d\u2019un souci de qualit\u00e9 des aliments, il montre ainsi comment les modes de fonctionnement contemporains ont ab\u00eem\u00e9 les sols et plus g\u00e9n\u00e9ralement la Terre. Rappelant le r\u00e9cent \u201d<strong>Goliath<\/strong>\u201d avec l\u2019\u00e9vocation des risques li\u00e9s aux pesticides (glyphosate), ce documentaire oriente le propos sur les solutions \u00e0 trouver et l\u2019urgence de la situation. Il parvient \u00e0 parler de la Terre avant de traiter l\u2019humain et montre \u00e0 quel point nous sommes interd\u00e9pendants.<\/p>\n<p style=\"font-weight: 400;\">Tarif plein : 6.40\u20ac<\/p>\n<p style=\"font-weight: 400;\">Tarif 12-17 ans\u00a0: 2.00\u20ac<\/p>\n<p>&nbsp;<\/p>\n<p style=\"font-weight: 400;\"><em>En fin de projection, Gabriel Martinot (ing\u00e9nieur en m\u00e9canique, permaculteur) nous invitera, \u00e0 travers son parcours professionnel, personnel et surtout de son exp\u00e9rience de permaculteur, \u00e0 prendre conscience du \u00ab\u00a0pouvoir d\u2019agir\u00a0\u00bb qui existe en chacun de nous pour r\u00e9pondre aux d\u00e9fis environnementaux.\u00a0\u00a0\u00a0<\/em><\/p>","excerpt":"","slug":"10834","image":{"url":"https:\/\/saisonsculturelleschaumont.fr\/mdxpuixt\/wp-content\/uploads\/2023\/10\/2581729.jpg","id":10835,"extension":"jpg","width":1131,"height":1600,"filesize":1116023,"sizes":{"medium":{"width":300,"height":300,"mime-type":"image\/jpeg","filesize":151006,"url":"https:\/\/saisonsculturelleschaumont.fr\/mdxpuixt\/wp-content\/uploads\/2023\/10\/2581729-300x300.jpg"},"large":{"width":1030,"height":1030,"mime-type":"image\/jpeg","filesize":1497128,"url":"https:\/\/saisonsculturelleschaumont.fr\/mdxpuixt\/wp-content\/uploads\/2023\/10\/2581729-1030x1030.jpg"},"thumbnail":{"width":80,"height":80,"mime-type":"image\/jpeg","filesize":15193,"url":"https:\/\/saisonsculturelleschaumont.fr\/mdxpuixt\/wp-content\/uploads\/2023\/10\/2581729-80x80.jpg"},"medium_large":{"width":768,"height":768,"mime-type":"image\/jpeg","filesize":874297,"url":"https:\/\/saisonsculturelleschaumont.fr\/mdxpuixt\/wp-content\/uploads\/2023\/10\/2581729-768x768.jpg"},"1536x1536":{"width":1086,"height":1536,"mime-type":"image\/jpeg","filesize":2332317,"url":"https:\/\/saisonsculturelleschaumont.fr\/mdxpuixt\/wp-content\/uploads\/2023\/10\/2581729-1086x1536.jpg"},"fiat_thumb":{"width":60,"height":60,"mime-type":"image\/jpeg","filesize":11146,"url":"https:\/\/saisonsculturelleschaumont.fr\/mdxpuixt\/wp-content\/uploads\/2023\/10\/2581729-60x60.jpg"},"widget":{"width":36,"height":36,"mime-type":"image\/jpeg","filesize":7018,"url":"https:\/\/saisonsculturelleschaumont.fr\/mdxpuixt\/wp-content\/uploads\/2023\/10\/2581729-36x36.jpg"},"square":{"width":180,"height":180,"mime-type":"image\/jpeg","filesize":59175,"url":"https:\/\/saisonsculturelleschaumont.fr\/mdxpuixt\/wp-content\/uploads\/2023\/10\/2581729-180x180.jpg"},"featured":{"width":1131,"height":430,"mime-type":"image\/jpeg","filesize":674372,"url":"https:\/\/saisonsculturelleschaumont.fr\/mdxpuixt\/wp-content\/uploads\/2023\/10\/2581729-1131x430.jpg"},"featured_large":{"width":1131,"height":630,"mime-type":"image\/jpeg","filesize":1003489,"url":"https:\/\/saisonsculturelleschaumont.fr\/mdxpuixt\/wp-content\/uploads\/2023\/10\/2581729-1131x630.jpg"},"extra_large":{"width":1060,"height":1500,"mime-type":"image\/jpeg","filesize":2245133,"url":"https:\/\/saisonsculturelleschaumont.fr\/mdxpuixt\/wp-content\/uploads\/2023\/10\/2581729-1060x1500.jpg"},"portfolio":{"width":495,"height":400,"mime-type":"image\/jpeg","filesize":309999,"url":"https:\/\/saisonsculturelleschaumont.fr\/mdxpuixt\/wp-content\/uploads\/2023\/10\/2581729-495x400.jpg"},"portfolio_small":{"width":260,"height":185,"mime-type":"image\/jpeg","filesize":82016,"url":"https:\/\/saisonsculturelleschaumont.fr\/mdxpuixt\/wp-content\/uploads\/2023\/10\/2581729-260x185.jpg"},"gallery":{"width":845,"height":684,"mime-type":"image\/jpeg","filesize":858297,"url":"https:\/\/saisonsculturelleschaumont.fr\/mdxpuixt\/wp-content\/uploads\/2023\/10\/2581729-845x684.jpg"},"magazine":{"width":710,"height":375,"mime-type":"image\/jpeg","filesize":400726,"url":"https:\/\/saisonsculturelleschaumont.fr\/mdxpuixt\/wp-content\/uploads\/2023\/10\/2581729-710x375.jpg"},"masonry":{"width":498,"height":705,"mime-type":"image\/jpeg","filesize":556289,"url":"https:\/\/saisonsculturelleschaumont.fr\/mdxpuixt\/wp-content\/uploads\/2023\/10\/2581729-498x705.jpg"},"entry_with_sidebar":{"width":845,"height":321,"mime-type":"image\/jpeg","filesize":398518,"url":"https:\/\/saisonsculturelleschaumont.fr\/mdxpuixt\/wp-content\/uploads\/2023\/10\/2581729-845x321.jpg"},"entry_without_sidebar":{"width":1131,"height":423,"mime-type":"image\/jpeg","filesize":663854,"url":"https:\/\/saisonsculturelleschaumont.fr\/mdxpuixt\/wp-content\/uploads\/2023\/10\/2581729-1131x423.jpg"},"cmplz_banner_image":{"width":350,"height":100,"mime-type":"image\/jpeg","filesize":59023,"url":"https:\/\/saisonsculturelleschaumont.fr\/mdxpuixt\/wp-content\/uploads\/2023\/10\/2581729-350x100.jpg"}}},"all_day":false,"start_date":"2023-11-19 16:15:00","start_date_details":{"year":"2023","month":"11","day":"19","hour":"16","minutes":"15","seconds":"00"},"end_date":"2023-11-19 18:00:00","end_date_details":{"year":"2023","month":"11","day":"19","hour":"18","minutes":"00","seconds":"00"},"utc_start_date":"2023-11-19 15:15:00","utc_start_date_details":{"year":"2023","month":"11","day":"19","hour":"15","minutes":"15","seconds":"00"},"utc_end_date":"2023-11-19 17:00:00","utc_end_date_details":{"year":"2023","month":"11","day":"19","hour":"17","minutes":"00","seconds":"00"},"timezone":"Europe\/Paris","timezone_abbr":"CET","cost":"","cost_details":{"currency_symbol":"","currency_code":"","currency_position":"suffix","values":[]},"website":"","show_map":true,"show_map_link":true,"hide_from_listings":false,"sticky":false,"featured":false,"categories":[{"name":"arts visuels","slug":"arts-visuels","term_group":0,"term_taxonomy_id":42,"taxonomy":"tribe_events_cat","description":"","parent":0,"count":187,"filter":"raw","id":42,"urls":{"self":"https:\/\/saisonsculturelleschaumont.fr\/mdxpuixt\/wp-json\/tribe\/events\/v1\/categories\/42","collection":"https:\/\/saisonsculturelleschaumont.fr\/mdxpuixt\/wp-json\/tribe\/events\/v1\/categories"}}],"tags":[{"name":"cin\u00e9ma","slug":"cinema","term_group":0,"term_taxonomy_id":88,"taxonomy":"post_tag","description":"","parent":0,"count":31,"filter":"raw","id":88,"urls":{"self":"https:\/\/saisonsculturelleschaumont.fr\/mdxpuixt\/wp-json\/tribe\/events\/v1\/tags\/88","collection":"https:\/\/saisonsculturelleschaumont.fr\/mdxpuixt\/wp-json\/tribe\/events\/v1\/tags"}},{"name":"festival","slug":"festival","term_group":0,"term_taxonomy_id":188,"taxonomy":"post_tag","description":"","parent":0,"count":17,"filter":"raw","id":188,"urls":{"self":"https:\/\/saisonsculturelleschaumont.fr\/mdxpuixt\/wp-json\/tribe\/events\/v1\/tags\/188","collection":"https:\/\/saisonsculturelleschaumont.fr\/mdxpuixt\/wp-json\/tribe\/events\/v1\/tags"}},{"name":"film","slug":"film","term_group":0,"term_taxonomy_id":93,"taxonomy":"post_tag","description":"","parent":0,"count":24,"filter":"raw","id":93,"urls":{"self":"https:\/\/saisonsculturelleschaumont.fr\/mdxpuixt\/wp-json\/tribe\/events\/v1\/tags\/93","collection":"https:\/\/saisonsculturelleschaumont.fr\/mdxpuixt\/wp-json\/tribe\/events\/v1\/tags"}},{"name":"mjc","slug":"mjc","term_group":0,"term_taxonomy_id":428,"taxonomy":"post_tag","description":"","parent":0,"count":9,"filter":"raw","id":428,"urls":{"self":"https:\/\/saisonsculturelleschaumont.fr\/mdxpuixt\/wp-json\/tribe\/events\/v1\/tags\/428","collection":"https:\/\/saisonsculturelleschaumont.fr\/mdxpuixt\/wp-json\/tribe\/events\/v1\/tags"}},{"name":"projection","slug":"projection","term_group":0,"term_taxonomy_id":62,"taxonomy":"post_tag","description":"","parent":0,"count":15,"filter":"raw","id":62,"urls":{"self":"https:\/\/saisonsculturelleschaumont.fr\/mdxpuixt\/wp-json\/tribe\/events\/v1\/tags\/62","collection":"https:\/\/saisonsculturelleschaumont.fr\/mdxpuixt\/wp-json\/tribe\/events\/v1\/tags"}}],"venue":{"id":2962,"author":"3","status":"publish","date":"2019-08-02 14:33:50","date_utc":"2019-08-02 12:33:50","modified":"2019-08-24 16:58:32","modified_utc":"2019-08-24 14:58:32","url":"https:\/\/saisonsculturelleschaumont.fr\/mdxpuixt\/ou\/le-cinema-a-laffiche\/","venue":"le cin\u00e9ma \u00e0 l&rsquo;affiche","slug":"le-cinema-a-laffiche","address":"7 place Emile Goguenheim","city":"CHAUMONT","zip":"52 000","phone":"03 25 35 00 46","website":"https:\/\/www.chaumont-cinemas.com","json_ld":{"@type":"Place","name":"le cin\u00e9ma \u00e0 l&rsquo;affiche","description":"","url":"https:\/\/saisonsculturelleschaumont.fr\/mdxpuixt\/ou\/le-cinema-a-laffiche\/","address":{"@type":"PostalAddress","streetAddress":"7 place Emile Goguenheim","addressLocality":"CHAUMONT","postalCode":"52 000"},"telephone":"03 25 35 00 46","sameAs":"https:\/\/www.chaumont-cinemas.com"},"show_map":true,"show_map_link":true,"global_id":"saisonsculturelleschaumont.fr\/mdxpuixt?id=2962","global_id_lineage":["saisonsculturelleschaumont.fr\/mdxpuixt?id=2962"]},"organizer":[{"id":3531,"author":"3","status":"publish","date":"2019-08-24 17:53:44","date_utc":"2019-08-24 15:53:44","modified":"2021-06-16 11:25:14","modified_utc":"2021-06-16 09:25:14","url":"https:\/\/saisonsculturelleschaumont.fr\/mdxpuixt\/qui\/la-mjc\/","organizer":"la MJC","slug":"la-mjc","website":"https:\/\/mjc-chaumont52.jimdo.com","json_ld":{"@type":"Person","name":"la MJC","description":"","url":"https:\/\/mjc-chaumont52.jimdo.com","telephone":"","email":"","sameAs":"https:\/\/mjc-chaumont52.jimdo.com"},"global_id":"saisonsculturelleschaumont.fr\/mdxpuixt?id=3531","global_id_lineage":["saisonsculturelleschaumont.fr\/mdxpuixt?id=3531"]}],"json_ld":{"@context":"http:\/\/schema.org","@type":"Event","name":"cin\u00e9 asso \u00e9cologie","description":"&lt;p&gt;Dans le cadre du cycle &quot;La MJC fait son cin\u00e9ma&quot; : Paysans du ciel \u00e0 la terre de Herv\u00e9 Payen &nbsp; Film documentaire de 1h24\u2019 Photographe a\u00e9rien, Philippe Frutier d\u00e9cide [&hellip;]&lt;\/p&gt;\\n","image":"https:\/\/saisonsculturelleschaumont.fr\/mdxpuixt\/wp-content\/uploads\/2023\/10\/2581729.jpg","url":"https:\/\/saisonsculturelleschaumont.fr\/mdxpuixt\/evenement\/10834\/","eventAttendanceMode":"https:\/\/schema.org\/OfflineEventAttendanceMode","eventStatus":"https:\/\/schema.org\/EventScheduled","startDate":"2023-11-19T16:15:00+01:00","endDate":"2023-11-19T18:00:00+01:00","location":{"@type":"Place","name":"le cin\u00e9ma \u00e0 l&rsquo;affiche","description":"","url":"https:\/\/saisonsculturelleschaumont.fr\/mdxpuixt\/ou\/le-cinema-a-laffiche\/","address":{"@type":"PostalAddress","streetAddress":"7 place Emile Goguenheim","addressLocality":"CHAUMONT","postalCode":"52 000"},"telephone":"03 25 35 00 46","sameAs":"https:\/\/www.chaumont-cinemas.com"},"organizer":{"@type":"Person","name":"la MJC","description":"","url":"https:\/\/mjc-chaumont52.jimdo.com","telephone":"","email":"","sameAs":"https:\/\/mjc-chaumont52.jimdo.com"},"performer":"Organization"},"event_bgcolor":"","event_text_color":""}