{"id":10859,"global_id":"saisonsculturelleschaumont.fr\/mdxpuixt?id=10859","global_id_lineage":["saisonsculturelleschaumont.fr\/mdxpuixt?id=10859"],"author":"3","status":"publish","date":"2023-10-30 15:30:57","date_utc":"2023-10-30 14:30:57","modified":"2023-10-30 15:31:41","modified_utc":"2023-10-30 14:31:41","url":"https:\/\/saisonsculturelleschaumont.fr\/mdxpuixt\/evenement\/cine-etudiant\/","rest_url":"https:\/\/saisonsculturelleschaumont.fr\/mdxpuixt\/wp-json\/tribe\/events\/v1\/events\/10859","title":"cin\u00e9 \u00e9tudiant","description":"<p>Dans le cadre du cycle \u00ab\u00a0La MJC fait son cin\u00e9ma\u00a0\u00bb:<\/p>\n<h4 style=\"font-weight: 400;\"><strong>Dream Land de P. Gourdon, T. Moreau, J. Marchal &amp; A. Roussel<\/strong><\/h4>\n<p style=\"font-weight: 400;\">Film documentaire<\/p>\n<p style=\"font-weight: 400;\">S\u00e9ance r\u00e9serv\u00e9e aux \u00e9tudiants de l\u2019Insp\u00e9<\/p>\n<p style=\"font-weight: 400;\">Comment inciter la jeunesse a\u0300 garder ses re\u0302ves et les re\u0301aliser ? Pour r\u00e9pondre \u00e0 cette question, nous partons en voyage a\u0300 la rencontre des jeunes du monde entier. Ils nous parleront d\u2019eux, de leurs expe\u0301riences, de ce qui les a construit mais aussi et surtout de leurs re\u0302ves, de leur avenir et de celui de leur pays. Oui, il est encore possible de re\u0302ver. Et bien souvent, les re\u0302veurs deviennent les ba\u0302tisseurs du monde de demain.<\/p>\n<p>&nbsp;<\/p>\n<p style=\"font-weight: 400;\"><em>Projection organis\u00e9e pour et en partenariat avec l\u2019Insp\u00e9 de Chaumont.<\/em><\/p>","excerpt":"","slug":"cine-etudiant","image":{"url":"https:\/\/saisonsculturelleschaumont.fr\/mdxpuixt\/wp-content\/uploads\/2023\/10\/Sans-titre-4.png","id":10860,"extension":"png","width":506,"height":675,"filesize":522874,"sizes":{"medium":{"width":300,"height":300,"mime-type":"image\/png","filesize":148947,"url":"https:\/\/saisonsculturelleschaumont.fr\/mdxpuixt\/wp-content\/uploads\/2023\/10\/Sans-titre-4-300x300.png"},"thumbnail":{"width":80,"height":80,"mime-type":"image\/png","filesize":13215,"url":"https:\/\/saisonsculturelleschaumont.fr\/mdxpuixt\/wp-content\/uploads\/2023\/10\/Sans-titre-4-80x80.png"},"fiat_thumb":{"width":60,"height":60,"mime-type":"image\/png","filesize":7882,"url":"https:\/\/saisonsculturelleschaumont.fr\/mdxpuixt\/wp-content\/uploads\/2023\/10\/Sans-titre-4-60x60.png"},"widget":{"width":36,"height":36,"mime-type":"image\/png","filesize":3233,"url":"https:\/\/saisonsculturelleschaumont.fr\/mdxpuixt\/wp-content\/uploads\/2023\/10\/Sans-titre-4-36x36.png"},"square":{"width":180,"height":180,"mime-type":"image\/png","filesize":56753,"url":"https:\/\/saisonsculturelleschaumont.fr\/mdxpuixt\/wp-content\/uploads\/2023\/10\/Sans-titre-4-180x180.png"},"featured":{"width":506,"height":430,"mime-type":"image\/png","filesize":343615,"url":"https:\/\/saisonsculturelleschaumont.fr\/mdxpuixt\/wp-content\/uploads\/2023\/10\/Sans-titre-4-506x430.png"},"featured_large":{"width":506,"height":630,"mime-type":"image\/png","filesize":479613,"url":"https:\/\/saisonsculturelleschaumont.fr\/mdxpuixt\/wp-content\/uploads\/2023\/10\/Sans-titre-4-506x630.png"},"portfolio":{"width":495,"height":400,"mime-type":"image\/png","filesize":300271,"url":"https:\/\/saisonsculturelleschaumont.fr\/mdxpuixt\/wp-content\/uploads\/2023\/10\/Sans-titre-4-495x400.png"},"portfolio_small":{"width":260,"height":185,"mime-type":"image\/png","filesize":84603,"url":"https:\/\/saisonsculturelleschaumont.fr\/mdxpuixt\/wp-content\/uploads\/2023\/10\/Sans-titre-4-260x185.png"},"magazine":{"width":506,"height":375,"mime-type":"image\/png","filesize":303659,"url":"https:\/\/saisonsculturelleschaumont.fr\/mdxpuixt\/wp-content\/uploads\/2023\/10\/Sans-titre-4-506x375.png"},"entry_with_sidebar":{"width":506,"height":321,"mime-type":"image\/png","filesize":272650,"url":"https:\/\/saisonsculturelleschaumont.fr\/mdxpuixt\/wp-content\/uploads\/2023\/10\/Sans-titre-4-506x321.png"},"entry_without_sidebar":{"width":506,"height":423,"mime-type":"image\/png","filesize":338785,"url":"https:\/\/saisonsculturelleschaumont.fr\/mdxpuixt\/wp-content\/uploads\/2023\/10\/Sans-titre-4-506x423.png"},"cmplz_banner_image":{"width":350,"height":100,"mime-type":"image\/png","filesize":72405,"url":"https:\/\/saisonsculturelleschaumont.fr\/mdxpuixt\/wp-content\/uploads\/2023\/10\/Sans-titre-4-350x100.png"}}},"all_day":false,"start_date":"2023-11-15 10:00:00","start_date_details":{"year":"2023","month":"11","day":"15","hour":"10","minutes":"00","seconds":"00"},"end_date":"2023-11-15 12:00:00","end_date_details":{"year":"2023","month":"11","day":"15","hour":"12","minutes":"00","seconds":"00"},"utc_start_date":"2023-11-15 09:00:00","utc_start_date_details":{"year":"2023","month":"11","day":"15","hour":"09","minutes":"00","seconds":"00"},"utc_end_date":"2023-11-15 11:00:00","utc_end_date_details":{"year":"2023","month":"11","day":"15","hour":"11","minutes":"00","seconds":"00"},"timezone":"Europe\/Paris","timezone_abbr":"CET","cost":"","cost_details":{"currency_symbol":"","currency_code":"","currency_position":"suffix","values":[]},"website":"","show_map":true,"show_map_link":true,"hide_from_listings":false,"sticky":false,"featured":false,"categories":[{"name":"arts visuels","slug":"arts-visuels","term_group":0,"term_taxonomy_id":42,"taxonomy":"tribe_events_cat","description":"","parent":0,"count":187,"filter":"raw","id":42,"urls":{"self":"https:\/\/saisonsculturelleschaumont.fr\/mdxpuixt\/wp-json\/tribe\/events\/v1\/categories\/42","collection":"https:\/\/saisonsculturelleschaumont.fr\/mdxpuixt\/wp-json\/tribe\/events\/v1\/categories"}}],"tags":[{"name":"cin\u00e9ma","slug":"cinema","term_group":0,"term_taxonomy_id":88,"taxonomy":"post_tag","description":"","parent":0,"count":31,"filter":"raw","id":88,"urls":{"self":"https:\/\/saisonsculturelleschaumont.fr\/mdxpuixt\/wp-json\/tribe\/events\/v1\/tags\/88","collection":"https:\/\/saisonsculturelleschaumont.fr\/mdxpuixt\/wp-json\/tribe\/events\/v1\/tags"}},{"name":"\u00e9tudiant","slug":"etudiant","term_group":0,"term_taxonomy_id":95,"taxonomy":"post_tag","description":"","parent":0,"count":18,"filter":"raw","id":95,"urls":{"self":"https:\/\/saisonsculturelleschaumont.fr\/mdxpuixt\/wp-json\/tribe\/events\/v1\/tags\/95","collection":"https:\/\/saisonsculturelleschaumont.fr\/mdxpuixt\/wp-json\/tribe\/events\/v1\/tags"}},{"name":"festival","slug":"festival","term_group":0,"term_taxonomy_id":188,"taxonomy":"post_tag","description":"","parent":0,"count":17,"filter":"raw","id":188,"urls":{"self":"https:\/\/saisonsculturelleschaumont.fr\/mdxpuixt\/wp-json\/tribe\/events\/v1\/tags\/188","collection":"https:\/\/saisonsculturelleschaumont.fr\/mdxpuixt\/wp-json\/tribe\/events\/v1\/tags"}},{"name":"film","slug":"film","term_group":0,"term_taxonomy_id":93,"taxonomy":"post_tag","description":"","parent":0,"count":24,"filter":"raw","id":93,"urls":{"self":"https:\/\/saisonsculturelleschaumont.fr\/mdxpuixt\/wp-json\/tribe\/events\/v1\/tags\/93","collection":"https:\/\/saisonsculturelleschaumont.fr\/mdxpuixt\/wp-json\/tribe\/events\/v1\/tags"}},{"name":"mjc","slug":"mjc","term_group":0,"term_taxonomy_id":428,"taxonomy":"post_tag","description":"","parent":0,"count":9,"filter":"raw","id":428,"urls":{"self":"https:\/\/saisonsculturelleschaumont.fr\/mdxpuixt\/wp-json\/tribe\/events\/v1\/tags\/428","collection":"https:\/\/saisonsculturelleschaumont.fr\/mdxpuixt\/wp-json\/tribe\/events\/v1\/tags"}},{"name":"projection","slug":"projection","term_group":0,"term_taxonomy_id":62,"taxonomy":"post_tag","description":"","parent":0,"count":15,"filter":"raw","id":62,"urls":{"self":"https:\/\/saisonsculturelleschaumont.fr\/mdxpuixt\/wp-json\/tribe\/events\/v1\/tags\/62","collection":"https:\/\/saisonsculturelleschaumont.fr\/mdxpuixt\/wp-json\/tribe\/events\/v1\/tags"}}],"venue":{"id":2962,"author":"3","status":"publish","date":"2019-08-02 14:33:50","date_utc":"2019-08-02 12:33:50","modified":"2019-08-24 16:58:32","modified_utc":"2019-08-24 14:58:32","url":"https:\/\/saisonsculturelleschaumont.fr\/mdxpuixt\/ou\/le-cinema-a-laffiche\/","venue":"le cin\u00e9ma \u00e0 l&rsquo;affiche","slug":"le-cinema-a-laffiche","address":"7 place Emile Goguenheim","city":"CHAUMONT","zip":"52 000","phone":"03 25 35 00 46","website":"https:\/\/www.chaumont-cinemas.com","json_ld":{"@type":"Place","name":"le cin\u00e9ma \u00e0 l&rsquo;affiche","description":"","url":"https:\/\/saisonsculturelleschaumont.fr\/mdxpuixt\/ou\/le-cinema-a-laffiche\/","address":{"@type":"PostalAddress","streetAddress":"7 place Emile Goguenheim","addressLocality":"CHAUMONT","postalCode":"52 000"},"telephone":"03 25 35 00 46","sameAs":"https:\/\/www.chaumont-cinemas.com"},"show_map":true,"show_map_link":true,"global_id":"saisonsculturelleschaumont.fr\/mdxpuixt?id=2962","global_id_lineage":["saisonsculturelleschaumont.fr\/mdxpuixt?id=2962"]},"organizer":[{"id":3531,"author":"3","status":"publish","date":"2019-08-24 17:53:44","date_utc":"2019-08-24 15:53:44","modified":"2021-06-16 11:25:14","modified_utc":"2021-06-16 09:25:14","url":"https:\/\/saisonsculturelleschaumont.fr\/mdxpuixt\/qui\/la-mjc\/","organizer":"la MJC","slug":"la-mjc","website":"https:\/\/mjc-chaumont52.jimdo.com","json_ld":{"@type":"Person","name":"la MJC","description":"","url":"https:\/\/mjc-chaumont52.jimdo.com","telephone":"","email":"","sameAs":"https:\/\/mjc-chaumont52.jimdo.com"},"global_id":"saisonsculturelleschaumont.fr\/mdxpuixt?id=3531","global_id_lineage":["saisonsculturelleschaumont.fr\/mdxpuixt?id=3531"]}],"json_ld":{"@context":"http:\/\/schema.org","@type":"Event","name":"cin\u00e9 \u00e9tudiant","description":"&lt;p&gt;Dans le cadre du cycle &quot;La MJC fait son cin\u00e9ma&quot;: Dream Land de P. Gourdon, T. Moreau, J. Marchal &amp; A. Roussel Film documentaire S\u00e9ance r\u00e9serv\u00e9e aux \u00e9tudiants de l\u2019Insp\u00e9 [&hellip;]&lt;\/p&gt;\\n","image":"https:\/\/saisonsculturelleschaumont.fr\/mdxpuixt\/wp-content\/uploads\/2023\/10\/Sans-titre-4.png","url":"https:\/\/saisonsculturelleschaumont.fr\/mdxpuixt\/evenement\/cine-etudiant\/","eventAttendanceMode":"https:\/\/schema.org\/OfflineEventAttendanceMode","eventStatus":"https:\/\/schema.org\/EventScheduled","startDate":"2023-11-15T10:00:00+01:00","endDate":"2023-11-15T12:00:00+01:00","location":{"@type":"Place","name":"le cin\u00e9ma \u00e0 l&rsquo;affiche","description":"","url":"https:\/\/saisonsculturelleschaumont.fr\/mdxpuixt\/ou\/le-cinema-a-laffiche\/","address":{"@type":"PostalAddress","streetAddress":"7 place Emile Goguenheim","addressLocality":"CHAUMONT","postalCode":"52 000"},"telephone":"03 25 35 00 46","sameAs":"https:\/\/www.chaumont-cinemas.com"},"organizer":{"@type":"Person","name":"la MJC","description":"","url":"https:\/\/mjc-chaumont52.jimdo.com","telephone":"","email":"","sameAs":"https:\/\/mjc-chaumont52.jimdo.com"},"performer":"Organization"},"event_bgcolor":"","event_text_color":""}