{"id":11273,"global_id":"saisonsculturelleschaumont.fr\/mdxpuixt?id=11273","global_id_lineage":["saisonsculturelleschaumont.fr\/mdxpuixt?id=11273"],"author":"3","status":"publish","date":"2024-03-04 13:47:54","date_utc":"2024-03-04 12:47:54","modified":"2024-03-04 13:47:54","modified_utc":"2024-03-04 12:47:54","url":"https:\/\/saisonsculturelleschaumont.fr\/mdxpuixt\/evenement\/cine-petit-dej-parents-enfants\/","rest_url":"https:\/\/saisonsculturelleschaumont.fr\/mdxpuixt\/wp-json\/tribe\/events\/v1\/events\/11273","title":"Cin\u00e9 petit d\u00e9j&rsquo; parents\/enfants","description":"<p>Dans le cadre de sa <em>F\u00eate du court m\u00e9trage<\/em>, la MJC vous propose un cin\u00e9 petit d\u00e9j&rsquo; en famille !<\/p>\n<p>10h : Petit d\u00e9jeuner offert<br \/>\n10h30 : S\u00e9ances de cin\u00e9ma<\/p>\n<p>A partir de 3 ans \u00ab\u00a0Athleticus : sportifs ces animaux !\u00a0\u00bb<br \/>\nPour les 7-10 ans \u00ab\u00a0Au-del\u00e0 des diff\u00e9rences\u00a0\u00bb<\/p>\n<p>R\u00e9servation &#8211; 03 25 30 39 90<\/p>\n<p>&nbsp;<\/p>\n<p>En partenariat avec l&rsquo;association \u00ab\u00a0Les Restos du Coeur\u00a0\u00bb<\/p>","excerpt":"","slug":"cine-petit-dej-parents-enfants","image":{"url":"https:\/\/saisonsculturelleschaumont.fr\/mdxpuixt\/wp-content\/uploads\/2024\/03\/Cine-Petit-dej-parents-enfants-24-mars-MJC-scaled.jpg","id":11324,"extension":"jpg","width":2560,"height":1920,"filesize":2569283,"sizes":{"medium":{"width":300,"height":300,"mime-type":"image\/jpeg","filesize":86556,"url":"https:\/\/saisonsculturelleschaumont.fr\/mdxpuixt\/wp-content\/uploads\/2024\/03\/Cine-Petit-dej-parents-enfants-24-mars-MJC-300x300.jpg"},"large":{"width":1030,"height":1030,"mime-type":"image\/jpeg","filesize":646477,"url":"https:\/\/saisonsculturelleschaumont.fr\/mdxpuixt\/wp-content\/uploads\/2024\/03\/Cine-Petit-dej-parents-enfants-24-mars-MJC-1030x1030.jpg"},"thumbnail":{"width":80,"height":80,"mime-type":"image\/jpeg","filesize":21967,"url":"https:\/\/saisonsculturelleschaumont.fr\/mdxpuixt\/wp-content\/uploads\/2024\/03\/Cine-Petit-dej-parents-enfants-24-mars-MJC-80x80.jpg"},"medium_large":{"width":768,"height":768,"mime-type":"image\/jpeg","filesize":388447,"url":"https:\/\/saisonsculturelleschaumont.fr\/mdxpuixt\/wp-content\/uploads\/2024\/03\/Cine-Petit-dej-parents-enfants-24-mars-MJC-768x768.jpg"},"1536x1536":{"width":1536,"height":1152,"mime-type":"image\/jpeg","filesize":1024710,"url":"https:\/\/saisonsculturelleschaumont.fr\/mdxpuixt\/wp-content\/uploads\/2024\/03\/Cine-Petit-dej-parents-enfants-24-mars-MJC-1536x1152.jpg"},"2048x2048":{"width":2048,"height":1536,"mime-type":"image\/jpeg","filesize":1714789,"url":"https:\/\/saisonsculturelleschaumont.fr\/mdxpuixt\/wp-content\/uploads\/2024\/03\/Cine-Petit-dej-parents-enfants-24-mars-MJC-2048x1536.jpg"},"fiat_thumb":{"width":60,"height":60,"mime-type":"image\/jpeg","filesize":19637,"url":"https:\/\/saisonsculturelleschaumont.fr\/mdxpuixt\/wp-content\/uploads\/2024\/03\/Cine-Petit-dej-parents-enfants-24-mars-MJC-60x60.jpg"},"widget":{"width":36,"height":36,"mime-type":"image\/jpeg","filesize":17252,"url":"https:\/\/saisonsculturelleschaumont.fr\/mdxpuixt\/wp-content\/uploads\/2024\/03\/Cine-Petit-dej-parents-enfants-24-mars-MJC-36x36.jpg"},"square":{"width":180,"height":180,"mime-type":"image\/jpeg","filesize":44568,"url":"https:\/\/saisonsculturelleschaumont.fr\/mdxpuixt\/wp-content\/uploads\/2024\/03\/Cine-Petit-dej-parents-enfants-24-mars-MJC-180x180.jpg"},"featured":{"width":1500,"height":430,"mime-type":"image\/jpeg","filesize":428298,"url":"https:\/\/saisonsculturelleschaumont.fr\/mdxpuixt\/wp-content\/uploads\/2024\/03\/Cine-Petit-dej-parents-enfants-24-mars-MJC-1500x430.jpg"},"featured_large":{"width":1500,"height":630,"mime-type":"image\/jpeg","filesize":620321,"url":"https:\/\/saisonsculturelleschaumont.fr\/mdxpuixt\/wp-content\/uploads\/2024\/03\/Cine-Petit-dej-parents-enfants-24-mars-MJC-1500x630.jpg"},"extra_large":{"width":1500,"height":1125,"mime-type":"image\/jpeg","filesize":987216,"url":"https:\/\/saisonsculturelleschaumont.fr\/mdxpuixt\/wp-content\/uploads\/2024\/03\/Cine-Petit-dej-parents-enfants-24-mars-MJC-1500x1125.jpg"},"portfolio":{"width":495,"height":400,"mime-type":"image\/jpeg","filesize":160417,"url":"https:\/\/saisonsculturelleschaumont.fr\/mdxpuixt\/wp-content\/uploads\/2024\/03\/Cine-Petit-dej-parents-enfants-24-mars-MJC-495x400.jpg"},"portfolio_small":{"width":260,"height":185,"mime-type":"image\/jpeg","filesize":58057,"url":"https:\/\/saisonsculturelleschaumont.fr\/mdxpuixt\/wp-content\/uploads\/2024\/03\/Cine-Petit-dej-parents-enfants-24-mars-MJC-260x185.jpg"},"gallery":{"width":845,"height":684,"mime-type":"image\/jpeg","filesize":390965,"url":"https:\/\/saisonsculturelleschaumont.fr\/mdxpuixt\/wp-content\/uploads\/2024\/03\/Cine-Petit-dej-parents-enfants-24-mars-MJC-845x684.jpg"},"magazine":{"width":710,"height":375,"mime-type":"image\/jpeg","filesize":211222,"url":"https:\/\/saisonsculturelleschaumont.fr\/mdxpuixt\/wp-content\/uploads\/2024\/03\/Cine-Petit-dej-parents-enfants-24-mars-MJC-710x375.jpg"},"masonry":{"width":705,"height":529,"mime-type":"image\/jpeg","filesize":272404,"url":"https:\/\/saisonsculturelleschaumont.fr\/mdxpuixt\/wp-content\/uploads\/2024\/03\/Cine-Petit-dej-parents-enfants-24-mars-MJC-705x529.jpg"},"entry_with_sidebar":{"width":845,"height":321,"mime-type":"image\/jpeg","filesize":221480,"url":"https:\/\/saisonsculturelleschaumont.fr\/mdxpuixt\/wp-content\/uploads\/2024\/03\/Cine-Petit-dej-parents-enfants-24-mars-MJC-845x321.jpg"},"entry_without_sidebar":{"width":1210,"height":423,"mime-type":"image\/jpeg","filesize":365017,"url":"https:\/\/saisonsculturelleschaumont.fr\/mdxpuixt\/wp-content\/uploads\/2024\/03\/Cine-Petit-dej-parents-enfants-24-mars-MJC-1210x423.jpg"},"cmplz_banner_image":{"width":350,"height":100,"mime-type":"image\/jpeg","filesize":49718,"url":"https:\/\/saisonsculturelleschaumont.fr\/mdxpuixt\/wp-content\/uploads\/2024\/03\/Cine-Petit-dej-parents-enfants-24-mars-MJC-350x100.jpg"}},"original_image":"Cine-Petit-dej-parents-enfants-24-mars-MJC.jpg"},"all_day":false,"start_date":"2024-03-24 10:00:00","start_date_details":{"year":"2024","month":"03","day":"24","hour":"10","minutes":"00","seconds":"00"},"end_date":"2024-03-24 12:00:00","end_date_details":{"year":"2024","month":"03","day":"24","hour":"12","minutes":"00","seconds":"00"},"utc_start_date":"2024-03-24 09:00:00","utc_start_date_details":{"year":"2024","month":"03","day":"24","hour":"09","minutes":"00","seconds":"00"},"utc_end_date":"2024-03-24 11:00:00","utc_end_date_details":{"year":"2024","month":"03","day":"24","hour":"11","minutes":"00","seconds":"00"},"timezone":"Europe\/Paris","timezone_abbr":"CET","cost":"","cost_details":{"currency_symbol":"","currency_code":"","currency_position":"suffix","values":[]},"website":"","show_map":true,"show_map_link":true,"hide_from_listings":false,"sticky":false,"featured":false,"categories":[{"name":"arts visuels","slug":"arts-visuels","term_group":0,"term_taxonomy_id":42,"taxonomy":"tribe_events_cat","description":"","parent":0,"count":187,"filter":"raw","id":42,"urls":{"self":"https:\/\/saisonsculturelleschaumont.fr\/mdxpuixt\/wp-json\/tribe\/events\/v1\/categories\/42","collection":"https:\/\/saisonsculturelleschaumont.fr\/mdxpuixt\/wp-json\/tribe\/events\/v1\/categories"}}],"tags":[{"name":"cin\u00e9ma","slug":"cinema","term_group":0,"term_taxonomy_id":88,"taxonomy":"post_tag","description":"","parent":0,"count":31,"filter":"raw","id":88,"urls":{"self":"https:\/\/saisonsculturelleschaumont.fr\/mdxpuixt\/wp-json\/tribe\/events\/v1\/tags\/88","collection":"https:\/\/saisonsculturelleschaumont.fr\/mdxpuixt\/wp-json\/tribe\/events\/v1\/tags"}}],"venue":{"id":2962,"author":"3","status":"publish","date":"2019-08-02 14:33:50","date_utc":"2019-08-02 12:33:50","modified":"2019-08-24 16:58:32","modified_utc":"2019-08-24 14:58:32","url":"https:\/\/saisonsculturelleschaumont.fr\/mdxpuixt\/ou\/le-cinema-a-laffiche\/","venue":"le cin\u00e9ma \u00e0 l&rsquo;affiche","slug":"le-cinema-a-laffiche","address":"7 place Emile Goguenheim","city":"CHAUMONT","zip":"52 000","phone":"03 25 35 00 46","website":"https:\/\/www.chaumont-cinemas.com","json_ld":{"@type":"Place","name":"le cin\u00e9ma \u00e0 l&rsquo;affiche","description":"","url":"https:\/\/saisonsculturelleschaumont.fr\/mdxpuixt\/ou\/le-cinema-a-laffiche\/","address":{"@type":"PostalAddress","streetAddress":"7 place Emile Goguenheim","addressLocality":"CHAUMONT","postalCode":"52 000"},"telephone":"03 25 35 00 46","sameAs":"https:\/\/www.chaumont-cinemas.com"},"show_map":true,"show_map_link":true,"global_id":"saisonsculturelleschaumont.fr\/mdxpuixt?id=2962","global_id_lineage":["saisonsculturelleschaumont.fr\/mdxpuixt?id=2962"]},"organizer":[{"id":3531,"author":"3","status":"publish","date":"2019-08-24 17:53:44","date_utc":"2019-08-24 15:53:44","modified":"2021-06-16 11:25:14","modified_utc":"2021-06-16 09:25:14","url":"https:\/\/saisonsculturelleschaumont.fr\/mdxpuixt\/qui\/la-mjc\/","organizer":"la MJC","slug":"la-mjc","website":"https:\/\/mjc-chaumont52.jimdo.com","json_ld":{"@type":"Person","name":"la MJC","description":"","url":"https:\/\/mjc-chaumont52.jimdo.com","telephone":"","email":"","sameAs":"https:\/\/mjc-chaumont52.jimdo.com"},"global_id":"saisonsculturelleschaumont.fr\/mdxpuixt?id=3531","global_id_lineage":["saisonsculturelleschaumont.fr\/mdxpuixt?id=3531"]}],"json_ld":{"@context":"http:\/\/schema.org","@type":"Event","name":"Cin\u00e9 petit d\u00e9j&rsquo; parents\/enfants","description":"&lt;p&gt;Dans le cadre de sa F\u00eate du court m\u00e9trage, la MJC vous propose un cin\u00e9 petit d\u00e9j\\' en famille ! 10h : Petit d\u00e9jeuner offert 10h30 : S\u00e9ances de cin\u00e9ma [&hellip;]&lt;\/p&gt;\\n","image":"https:\/\/saisonsculturelleschaumont.fr\/mdxpuixt\/wp-content\/uploads\/2024\/03\/Cine-Petit-dej-parents-enfants-24-mars-MJC-scaled.jpg","url":"https:\/\/saisonsculturelleschaumont.fr\/mdxpuixt\/evenement\/cine-petit-dej-parents-enfants\/","eventAttendanceMode":"https:\/\/schema.org\/OfflineEventAttendanceMode","eventStatus":"https:\/\/schema.org\/EventScheduled","startDate":"2024-03-24T10:00:00+01:00","endDate":"2024-03-24T12:00:00+01:00","location":{"@type":"Place","name":"le cin\u00e9ma \u00e0 l&rsquo;affiche","description":"","url":"https:\/\/saisonsculturelleschaumont.fr\/mdxpuixt\/ou\/le-cinema-a-laffiche\/","address":{"@type":"PostalAddress","streetAddress":"7 place Emile Goguenheim","addressLocality":"CHAUMONT","postalCode":"52 000"},"telephone":"03 25 35 00 46","sameAs":"https:\/\/www.chaumont-cinemas.com"},"organizer":{"@type":"Person","name":"la MJC","description":"","url":"https:\/\/mjc-chaumont52.jimdo.com","telephone":"","email":"","sameAs":"https:\/\/mjc-chaumont52.jimdo.com"},"performer":"Organization"},"event_bgcolor":"","event_text_color":""}