{"id":3530,"global_id":"saisonsculturelleschaumont.fr\/mdxpuixt?id=3530","global_id_lineage":["saisonsculturelleschaumont.fr\/mdxpuixt?id=3530"],"author":"3","status":"publish","date":"2019-08-01 22:54:00","date_utc":"2019-08-01 22:54:00","modified":"2023-09-15 15:03:37","modified_utc":"2023-09-15 13:03:37","url":"https:\/\/saisonsculturelleschaumont.fr\/mdxpuixt\/evenement\/la-mjc-fait-son-cinema\/","rest_url":"https:\/\/saisonsculturelleschaumont.fr\/mdxpuixt\/wp-json\/tribe\/events\/v1\/events\/3530","title":"La MJC fait son cin\u00e9ma","description":"<p>Impliqu\u00e9e depuis toujours dans l&rsquo;\u00e9ducation aux images, la MJC de Chaumont a souhait\u00e9 renouveler certains dispositifs et proposer un festival de cin\u00e9ma qui invite chacun \u00e0 participer \u00e0 sa programmation et son animation ! Avec 1300 spectateurs, 20 associations locales impliqu\u00e9es et un documentaire co-produit lors de la premi\u00e8re \u00e9dition, le festival revient en 2019 avec une programmation de films et d&rsquo;invit\u00e9s tout aussi riche et vari\u00e9e.<\/p>\n<p>Le programme du festival \u00e0 t\u00e9l\u00e9charger <a href=\"https:\/\/saisonsculturelleschaumont.fr\/mdxpuixt\/wp-content\/uploads\/2019\/08\/ici.pdf\">ici<\/a><\/p>","excerpt":"","slug":"la-mjc-fait-son-cinema","image":{"url":"https:\/\/saisonsculturelleschaumont.fr\/mdxpuixt\/wp-content\/uploads\/2019\/08\/la-MJC-fait-son-cin\u00e9ma.jpg","id":4362,"extension":"jpg","width":1166,"height":1166,"sizes":{"thumbnail":{"width":80,"height":80,"mime-type":"image\/jpeg","url":"https:\/\/saisonsculturelleschaumont.fr\/mdxpuixt\/wp-content\/uploads\/2019\/08\/la-MJC-fait-son-cin\u00e9ma-80x80.jpg"},"medium":{"width":300,"height":300,"mime-type":"image\/jpeg","url":"https:\/\/saisonsculturelleschaumont.fr\/mdxpuixt\/wp-content\/uploads\/2019\/08\/la-MJC-fait-son-cin\u00e9ma-300x300.jpg"},"medium_large":{"width":768,"height":768,"mime-type":"image\/jpeg","url":"https:\/\/saisonsculturelleschaumont.fr\/mdxpuixt\/wp-content\/uploads\/2019\/08\/la-MJC-fait-son-cin\u00e9ma-768x768.jpg"},"large":{"width":1030,"height":1030,"mime-type":"image\/jpeg","url":"https:\/\/saisonsculturelleschaumont.fr\/mdxpuixt\/wp-content\/uploads\/2019\/08\/la-MJC-fait-son-cin\u00e9ma-1030x1030.jpg"},"fiat_thumb":{"width":60,"height":60,"mime-type":"image\/jpeg","url":"https:\/\/saisonsculturelleschaumont.fr\/mdxpuixt\/wp-content\/uploads\/2019\/08\/la-MJC-fait-son-cin\u00e9ma-60x60.jpg"},"widget":{"width":36,"height":36,"mime-type":"image\/jpeg","url":"https:\/\/saisonsculturelleschaumont.fr\/mdxpuixt\/wp-content\/uploads\/2019\/08\/la-MJC-fait-son-cin\u00e9ma-36x36.jpg"},"square":{"width":180,"height":180,"mime-type":"image\/jpeg","url":"https:\/\/saisonsculturelleschaumont.fr\/mdxpuixt\/wp-content\/uploads\/2019\/08\/la-MJC-fait-son-cin\u00e9ma-180x180.jpg"},"featured":{"width":1166,"height":430,"mime-type":"image\/jpeg","url":"https:\/\/saisonsculturelleschaumont.fr\/mdxpuixt\/wp-content\/uploads\/2019\/08\/la-MJC-fait-son-cin\u00e9ma-1166x430.jpg"},"featured_large":{"width":1166,"height":630,"mime-type":"image\/jpeg","url":"https:\/\/saisonsculturelleschaumont.fr\/mdxpuixt\/wp-content\/uploads\/2019\/08\/la-MJC-fait-son-cin\u00e9ma-1166x630.jpg"},"portfolio":{"width":495,"height":400,"mime-type":"image\/jpeg","url":"https:\/\/saisonsculturelleschaumont.fr\/mdxpuixt\/wp-content\/uploads\/2019\/08\/la-MJC-fait-son-cin\u00e9ma-495x400.jpg"},"portfolio_small":{"width":260,"height":185,"mime-type":"image\/jpeg","url":"https:\/\/saisonsculturelleschaumont.fr\/mdxpuixt\/wp-content\/uploads\/2019\/08\/la-MJC-fait-son-cin\u00e9ma-260x185.jpg"},"gallery":{"width":845,"height":684,"mime-type":"image\/jpeg","url":"https:\/\/saisonsculturelleschaumont.fr\/mdxpuixt\/wp-content\/uploads\/2019\/08\/la-MJC-fait-son-cin\u00e9ma-845x684.jpg"},"magazine":{"width":710,"height":375,"mime-type":"image\/jpeg","url":"https:\/\/saisonsculturelleschaumont.fr\/mdxpuixt\/wp-content\/uploads\/2019\/08\/la-MJC-fait-son-cin\u00e9ma-710x375.jpg"},"masonry":{"width":705,"height":705,"mime-type":"image\/jpeg","url":"https:\/\/saisonsculturelleschaumont.fr\/mdxpuixt\/wp-content\/uploads\/2019\/08\/la-MJC-fait-son-cin\u00e9ma-705x705.jpg"},"entry_with_sidebar":{"width":845,"height":321,"mime-type":"image\/jpeg","url":"https:\/\/saisonsculturelleschaumont.fr\/mdxpuixt\/wp-content\/uploads\/2019\/08\/la-MJC-fait-son-cin\u00e9ma-845x321.jpg"},"entry_without_sidebar":{"width":1166,"height":423,"mime-type":"image\/jpeg","url":"https:\/\/saisonsculturelleschaumont.fr\/mdxpuixt\/wp-content\/uploads\/2019\/08\/la-MJC-fait-son-cin\u00e9ma-1166x423.jpg"},"shop_thumbnail":{"width":120,"height":120,"mime-type":"image\/jpeg","url":"https:\/\/saisonsculturelleschaumont.fr\/mdxpuixt\/wp-content\/uploads\/2019\/08\/la-MJC-fait-son-cin\u00e9ma-120x120.jpg"},"shop_catalog":{"width":450,"height":450,"mime-type":"image\/jpeg","url":"https:\/\/saisonsculturelleschaumont.fr\/mdxpuixt\/wp-content\/uploads\/2019\/08\/la-MJC-fait-son-cin\u00e9ma-450x450.jpg"},"shop_single":{"width":450,"height":450,"mime-type":"image\/jpeg","url":"https:\/\/saisonsculturelleschaumont.fr\/mdxpuixt\/wp-content\/uploads\/2019\/08\/la-MJC-fait-son-cin\u00e9ma-450x450.jpg"}}},"all_day":true,"start_date":"2019-11-06 00:00:00","start_date_details":{"year":"2019","month":"11","day":"06","hour":"00","minutes":"00","seconds":"00"},"end_date":"2019-11-17 23:59:59","end_date_details":{"year":"2019","month":"11","day":"17","hour":"23","minutes":"59","seconds":"59"},"utc_start_date":"2019-11-05 23:00:00","utc_start_date_details":{"year":"2019","month":"11","day":"05","hour":"23","minutes":"00","seconds":"00"},"utc_end_date":"2019-11-17 22:59:59","utc_end_date_details":{"year":"2019","month":"11","day":"17","hour":"22","minutes":"59","seconds":"59"},"timezone":"Europe\/Paris","timezone_abbr":"CET","cost":"","cost_details":{"currency_symbol":"","currency_code":"","currency_position":"suffix","values":[]},"website":"https:\/\/mjc-chaumont52.jimdo.com\/?fbclid=IwAR2zNf2XxZpSOkSTdnZL2WZodrDSNoHQPFjsH2XPpEPJ1rRJPZRbuCviobs","show_map":true,"show_map_link":false,"hide_from_listings":true,"sticky":false,"featured":false,"categories":[{"name":"musique","slug":"musique","term_group":0,"term_taxonomy_id":305,"taxonomy":"tribe_events_cat","description":"","parent":0,"count":238,"filter":"raw","id":305,"urls":{"self":"https:\/\/saisonsculturelleschaumont.fr\/mdxpuixt\/wp-json\/tribe\/events\/v1\/categories\/305","collection":"https:\/\/saisonsculturelleschaumont.fr\/mdxpuixt\/wp-json\/tribe\/events\/v1\/categories"}}],"tags":[{"name":"cin\u00e9ma","slug":"cinema","term_group":0,"term_taxonomy_id":88,"taxonomy":"post_tag","description":"","parent":0,"count":31,"filter":"raw","id":88,"urls":{"self":"https:\/\/saisonsculturelleschaumont.fr\/mdxpuixt\/wp-json\/tribe\/events\/v1\/tags\/88","collection":"https:\/\/saisonsculturelleschaumont.fr\/mdxpuixt\/wp-json\/tribe\/events\/v1\/tags"}},{"name":"film","slug":"film","term_group":0,"term_taxonomy_id":93,"taxonomy":"post_tag","description":"","parent":0,"count":24,"filter":"raw","id":93,"urls":{"self":"https:\/\/saisonsculturelleschaumont.fr\/mdxpuixt\/wp-json\/tribe\/events\/v1\/tags\/93","collection":"https:\/\/saisonsculturelleschaumont.fr\/mdxpuixt\/wp-json\/tribe\/events\/v1\/tags"}},{"name":"rencontre","slug":"rencontre","term_group":0,"term_taxonomy_id":90,"taxonomy":"post_tag","description":"","parent":0,"count":31,"filter":"raw","id":90,"urls":{"self":"https:\/\/saisonsculturelleschaumont.fr\/mdxpuixt\/wp-json\/tribe\/events\/v1\/tags\/90","collection":"https:\/\/saisonsculturelleschaumont.fr\/mdxpuixt\/wp-json\/tribe\/events\/v1\/tags"}}],"venue":{"id":2962,"author":"3","status":"publish","date":"2019-08-02 14:33:50","date_utc":"2019-08-02 12:33:50","modified":"2019-08-24 16:58:32","modified_utc":"2019-08-24 14:58:32","url":"https:\/\/saisonsculturelleschaumont.fr\/mdxpuixt\/ou\/le-cinema-a-laffiche\/","venue":"le cin\u00e9ma \u00e0 l&rsquo;affiche","slug":"le-cinema-a-laffiche","address":"7 place Emile Goguenheim","city":"CHAUMONT","zip":"52 000","phone":"03 25 35 00 46","website":"https:\/\/www.chaumont-cinemas.com","json_ld":{"@type":"Place","name":"le cin\u00e9ma \u00e0 l&rsquo;affiche","description":"","url":"https:\/\/saisonsculturelleschaumont.fr\/mdxpuixt\/ou\/le-cinema-a-laffiche\/","address":{"@type":"PostalAddress","streetAddress":"7 place Emile Goguenheim","addressLocality":"CHAUMONT","postalCode":"52 000"},"telephone":"03 25 35 00 46","sameAs":"https:\/\/www.chaumont-cinemas.com"},"show_map":true,"show_map_link":true,"global_id":"saisonsculturelleschaumont.fr\/mdxpuixt?id=2962","global_id_lineage":["saisonsculturelleschaumont.fr\/mdxpuixt?id=2962"]},"organizer":[{"id":3531,"author":"3","status":"publish","date":"2019-08-24 17:53:44","date_utc":"2019-08-24 15:53:44","modified":"2021-06-16 11:25:14","modified_utc":"2021-06-16 09:25:14","url":"https:\/\/saisonsculturelleschaumont.fr\/mdxpuixt\/qui\/la-mjc\/","organizer":"la MJC","slug":"la-mjc","website":"https:\/\/mjc-chaumont52.jimdo.com","json_ld":{"@type":"Person","name":"la MJC","description":"","url":"https:\/\/mjc-chaumont52.jimdo.com","telephone":"","email":"","sameAs":"https:\/\/mjc-chaumont52.jimdo.com"},"global_id":"saisonsculturelleschaumont.fr\/mdxpuixt?id=3531","global_id_lineage":["saisonsculturelleschaumont.fr\/mdxpuixt?id=3531"]}],"json_ld":{"@context":"http:\/\/schema.org","@type":"Event","name":"La MJC fait son cin\u00e9ma","description":"&lt;p&gt;Impliqu\u00e9e depuis toujours dans l\\'\u00e9ducation aux images, la MJC de Chaumont a souhait\u00e9 renouveler certains dispositifs et proposer un festival de cin\u00e9ma qui invite chacun \u00e0 participer \u00e0 sa programmation [&hellip;]&lt;\/p&gt;\\n","image":"https:\/\/saisonsculturelleschaumont.fr\/mdxpuixt\/wp-content\/uploads\/2019\/08\/la-MJC-fait-son-cin\u00e9ma.jpg","url":"https:\/\/saisonsculturelleschaumont.fr\/mdxpuixt\/evenement\/la-mjc-fait-son-cinema\/","eventAttendanceMode":"https:\/\/schema.org\/OfflineEventAttendanceMode","eventStatus":"https:\/\/schema.org\/EventScheduled","startDate":"2019-11-06T00:00:00+01:00","endDate":"2019-11-17T23:59:59+01:00","location":{"@type":"Place","name":"le cin\u00e9ma \u00e0 l&rsquo;affiche","description":"","url":"https:\/\/saisonsculturelleschaumont.fr\/mdxpuixt\/ou\/le-cinema-a-laffiche\/","address":{"@type":"PostalAddress","streetAddress":"7 place Emile Goguenheim","addressLocality":"CHAUMONT","postalCode":"52 000"},"telephone":"03 25 35 00 46","sameAs":"https:\/\/www.chaumont-cinemas.com"},"organizer":{"@type":"Person","name":"la MJC","description":"","url":"https:\/\/mjc-chaumont52.jimdo.com","telephone":"","email":"","sameAs":"https:\/\/mjc-chaumont52.jimdo.com"},"performer":"Organization"},"event_bgcolor":"","event_text_color":""}