{"id":4868,"global_id":"saisonsculturelleschaumont.fr\/mdxpuixt?id=4868","global_id_lineage":["saisonsculturelleschaumont.fr\/mdxpuixt?id=4868"],"author":"3","status":"publish","date":"2020-02-12 16:12:37","date_utc":"2020-02-12 15:12:37","modified":"2020-05-18 10:24:11","modified_utc":"2020-05-18 08:24:11","url":"https:\/\/saisonsculturelleschaumont.fr\/mdxpuixt\/evenement\/visite-commentee-exposition-de-toutes-facons-design-graphique-et-textile-2\/","rest_url":"https:\/\/saisonsculturelleschaumont.fr\/mdxpuixt\/wp-json\/tribe\/events\/v1\/events\/4868","title":"Visite comment\u00e9e Exposition \u00ab\u00a0De toutes fa\u00e7ons\u2026 Design graphique et textile\u00a0\u00bb &#8211; annul\u00e9e","description":"<p>Acc\u00e8s libre pour tous et sans r\u00e9servation <\/p>","excerpt":"","slug":"visite-commentee-exposition-de-toutes-facons-design-graphique-et-textile-2","image":{"url":"https:\/\/saisonsculturelleschaumont.fr\/mdxpuixt\/wp-content\/uploads\/2020\/02\/SIGNE-LOGO-org.jpg","id":5241,"extension":"jpg","width":600,"height":473,"sizes":{"medium":{"width":300,"height":300,"mime-type":"image\/jpeg","url":"https:\/\/saisonsculturelleschaumont.fr\/mdxpuixt\/wp-content\/uploads\/2020\/02\/SIGNE-LOGO-org-300x300.jpg"},"thumbnail":{"width":80,"height":80,"mime-type":"image\/jpeg","url":"https:\/\/saisonsculturelleschaumont.fr\/mdxpuixt\/wp-content\/uploads\/2020\/02\/SIGNE-LOGO-org-80x80.jpg"},"fiat_thumb":{"width":60,"height":60,"mime-type":"image\/jpeg","url":"https:\/\/saisonsculturelleschaumont.fr\/mdxpuixt\/wp-content\/uploads\/2020\/02\/SIGNE-LOGO-org-60x60.jpg"},"widget":{"width":36,"height":36,"mime-type":"image\/jpeg","url":"https:\/\/saisonsculturelleschaumont.fr\/mdxpuixt\/wp-content\/uploads\/2020\/02\/SIGNE-LOGO-org-36x36.jpg"},"square":{"width":180,"height":180,"mime-type":"image\/jpeg","url":"https:\/\/saisonsculturelleschaumont.fr\/mdxpuixt\/wp-content\/uploads\/2020\/02\/SIGNE-LOGO-org-180x180.jpg"},"featured":{"width":600,"height":430,"mime-type":"image\/jpeg","url":"https:\/\/saisonsculturelleschaumont.fr\/mdxpuixt\/wp-content\/uploads\/2020\/02\/SIGNE-LOGO-org-600x430.jpg"},"portfolio":{"width":495,"height":400,"mime-type":"image\/jpeg","url":"https:\/\/saisonsculturelleschaumont.fr\/mdxpuixt\/wp-content\/uploads\/2020\/02\/SIGNE-LOGO-org-495x400.jpg"},"portfolio_small":{"width":260,"height":185,"mime-type":"image\/jpeg","url":"https:\/\/saisonsculturelleschaumont.fr\/mdxpuixt\/wp-content\/uploads\/2020\/02\/SIGNE-LOGO-org-260x185.jpg"},"magazine":{"width":600,"height":375,"mime-type":"image\/jpeg","url":"https:\/\/saisonsculturelleschaumont.fr\/mdxpuixt\/wp-content\/uploads\/2020\/02\/SIGNE-LOGO-org-600x375.jpg"},"entry_with_sidebar":{"width":600,"height":321,"mime-type":"image\/jpeg","url":"https:\/\/saisonsculturelleschaumont.fr\/mdxpuixt\/wp-content\/uploads\/2020\/02\/SIGNE-LOGO-org-600x321.jpg"},"entry_without_sidebar":{"width":600,"height":423,"mime-type":"image\/jpeg","url":"https:\/\/saisonsculturelleschaumont.fr\/mdxpuixt\/wp-content\/uploads\/2020\/02\/SIGNE-LOGO-org-600x423.jpg"}}},"all_day":false,"start_date":"2020-03-22 15:00:00","start_date_details":{"year":"2020","month":"03","day":"22","hour":"15","minutes":"00","seconds":"00"},"end_date":"2020-03-22 16:00:00","end_date_details":{"year":"2020","month":"03","day":"22","hour":"16","minutes":"00","seconds":"00"},"utc_start_date":"2020-03-22 14:00:00","utc_start_date_details":{"year":"2020","month":"03","day":"22","hour":"14","minutes":"00","seconds":"00"},"utc_end_date":"2020-03-22 15:00:00","utc_end_date_details":{"year":"2020","month":"03","day":"22","hour":"15","minutes":"00","seconds":"00"},"timezone":"Europe\/Paris","timezone_abbr":"CET","cost":"","cost_details":{"currency_symbol":"","currency_code":"","currency_position":"prefix","values":[]},"website":"https:\/\/www.centrenationaldugraphisme.fr\/le-signe\/expositions\/de-toutes-facons-design-graphique-et-textile","show_map":true,"show_map_link":false,"hide_from_listings":true,"sticky":false,"featured":false,"categories":[{"name":"arts visuels","slug":"arts-visuels","term_group":0,"term_taxonomy_id":42,"taxonomy":"tribe_events_cat","description":"","parent":0,"count":187,"filter":"raw","id":42,"urls":{"self":"https:\/\/saisonsculturelleschaumont.fr\/mdxpuixt\/wp-json\/tribe\/events\/v1\/categories\/42","collection":"https:\/\/saisonsculturelleschaumont.fr\/mdxpuixt\/wp-json\/tribe\/events\/v1\/categories"}}],"tags":[{"name":"exposition","slug":"exposition","term_group":0,"term_taxonomy_id":50,"taxonomy":"post_tag","description":"","parent":0,"count":135,"filter":"raw","id":50,"urls":{"self":"https:\/\/saisonsculturelleschaumont.fr\/mdxpuixt\/wp-json\/tribe\/events\/v1\/tags\/50","collection":"https:\/\/saisonsculturelleschaumont.fr\/mdxpuixt\/wp-json\/tribe\/events\/v1\/tags"}},{"name":"graphisme","slug":"graphisme","term_group":0,"term_taxonomy_id":81,"taxonomy":"post_tag","description":"","parent":0,"count":110,"filter":"raw","id":81,"urls":{"self":"https:\/\/saisonsculturelleschaumont.fr\/mdxpuixt\/wp-json\/tribe\/events\/v1\/tags\/81","collection":"https:\/\/saisonsculturelleschaumont.fr\/mdxpuixt\/wp-json\/tribe\/events\/v1\/tags"}},{"name":"signe","slug":"signe","term_group":0,"term_taxonomy_id":83,"taxonomy":"post_tag","description":"","parent":0,"count":50,"filter":"raw","id":83,"urls":{"self":"https:\/\/saisonsculturelleschaumont.fr\/mdxpuixt\/wp-json\/tribe\/events\/v1\/tags\/83","collection":"https:\/\/saisonsculturelleschaumont.fr\/mdxpuixt\/wp-json\/tribe\/events\/v1\/tags"}},{"name":"visite comment\u00e9e","slug":"visite-commentee","term_group":0,"term_taxonomy_id":134,"taxonomy":"post_tag","description":"","parent":0,"count":11,"filter":"raw","id":134,"urls":{"self":"https:\/\/saisonsculturelleschaumont.fr\/mdxpuixt\/wp-json\/tribe\/events\/v1\/tags\/134","collection":"https:\/\/saisonsculturelleschaumont.fr\/mdxpuixt\/wp-json\/tribe\/events\/v1\/tags"}}],"venue":{"id":3505,"author":"3","status":"publish","date":"2019-08-24 16:58:08","date_utc":"2019-08-24 14:58:08","modified":"2019-08-24 16:58:08","modified_utc":"2019-08-24 14:58:08","url":"https:\/\/saisonsculturelleschaumont.fr\/mdxpuixt\/ou\/le-signe\/","venue":"le signe","slug":"le-signe","address":"1 place Emile Goguenheim","city":"Chaumont","zip":"52000","phone":"0325357901","website":"https:\/\/centrenationaldugraphisme.fr\/#home","json_ld":{"@type":"Place","name":"le signe","description":"","url":"https:\/\/saisonsculturelleschaumont.fr\/mdxpuixt\/ou\/le-signe\/","address":{"@type":"PostalAddress","streetAddress":"1 place Emile Goguenheim","addressLocality":"Chaumont","postalCode":"52000"},"telephone":"0325357901","sameAs":"https:\/\/centrenationaldugraphisme.fr\/#home"},"show_map":true,"show_map_link":true,"global_id":"saisonsculturelleschaumont.fr\/mdxpuixt?id=3505","global_id_lineage":["saisonsculturelleschaumont.fr\/mdxpuixt?id=3505"]},"organizer":[{"id":2907,"author":"3","status":"publish","date":"2019-07-11 19:36:09","date_utc":"2019-07-11 17:36:09","modified":"2020-02-15 01:12:17","modified_utc":"2020-02-15 00:12:17","url":"https:\/\/saisonsculturelleschaumont.fr\/mdxpuixt\/qui\/le-signe\/","organizer":"le signe","slug":"le-signe","image":{"url":"https:\/\/saisonsculturelleschaumont.fr\/mdxpuixt\/wp-content\/uploads\/2020\/02\/SIGNE-LOGO-org.jpg","id":5241,"extension":"jpg","width":600,"height":473,"sizes":{"medium":{"width":300,"height":300,"mime-type":"image\/jpeg","url":"https:\/\/saisonsculturelleschaumont.fr\/mdxpuixt\/wp-content\/uploads\/2020\/02\/SIGNE-LOGO-org-300x300.jpg"},"thumbnail":{"width":80,"height":80,"mime-type":"image\/jpeg","url":"https:\/\/saisonsculturelleschaumont.fr\/mdxpuixt\/wp-content\/uploads\/2020\/02\/SIGNE-LOGO-org-80x80.jpg"},"fiat_thumb":{"width":60,"height":60,"mime-type":"image\/jpeg","url":"https:\/\/saisonsculturelleschaumont.fr\/mdxpuixt\/wp-content\/uploads\/2020\/02\/SIGNE-LOGO-org-60x60.jpg"},"widget":{"width":36,"height":36,"mime-type":"image\/jpeg","url":"https:\/\/saisonsculturelleschaumont.fr\/mdxpuixt\/wp-content\/uploads\/2020\/02\/SIGNE-LOGO-org-36x36.jpg"},"square":{"width":180,"height":180,"mime-type":"image\/jpeg","url":"https:\/\/saisonsculturelleschaumont.fr\/mdxpuixt\/wp-content\/uploads\/2020\/02\/SIGNE-LOGO-org-180x180.jpg"},"featured":{"width":600,"height":430,"mime-type":"image\/jpeg","url":"https:\/\/saisonsculturelleschaumont.fr\/mdxpuixt\/wp-content\/uploads\/2020\/02\/SIGNE-LOGO-org-600x430.jpg"},"portfolio":{"width":495,"height":400,"mime-type":"image\/jpeg","url":"https:\/\/saisonsculturelleschaumont.fr\/mdxpuixt\/wp-content\/uploads\/2020\/02\/SIGNE-LOGO-org-495x400.jpg"},"portfolio_small":{"width":260,"height":185,"mime-type":"image\/jpeg","url":"https:\/\/saisonsculturelleschaumont.fr\/mdxpuixt\/wp-content\/uploads\/2020\/02\/SIGNE-LOGO-org-260x185.jpg"},"magazine":{"width":600,"height":375,"mime-type":"image\/jpeg","url":"https:\/\/saisonsculturelleschaumont.fr\/mdxpuixt\/wp-content\/uploads\/2020\/02\/SIGNE-LOGO-org-600x375.jpg"},"entry_with_sidebar":{"width":600,"height":321,"mime-type":"image\/jpeg","url":"https:\/\/saisonsculturelleschaumont.fr\/mdxpuixt\/wp-content\/uploads\/2020\/02\/SIGNE-LOGO-org-600x321.jpg"},"entry_without_sidebar":{"width":600,"height":423,"mime-type":"image\/jpeg","url":"https:\/\/saisonsculturelleschaumont.fr\/mdxpuixt\/wp-content\/uploads\/2020\/02\/SIGNE-LOGO-org-600x423.jpg"}}},"phone":"03 25 35 79 01","website":"https:\/\/centrenationaldugraphisme.fr","email":"contact@cndg.fr","json_ld":{"@type":"Person","name":"le signe","description":"","image":"https:\/\/saisonsculturelleschaumont.fr\/mdxpuixt\/wp-content\/uploads\/2020\/02\/SIGNE-LOGO-org.jpg","url":"https:\/\/centrenationaldugraphisme.fr","telephone":"03 25 35 79 01","email":"&#99;o&#110;t&#97;&#99;&#116;&#64;&#99;ndg&#46;&#102;&#114;","sameAs":"https:\/\/centrenationaldugraphisme.fr"},"global_id":"saisonsculturelleschaumont.fr\/mdxpuixt?id=2907","global_id_lineage":["saisonsculturelleschaumont.fr\/mdxpuixt?id=2907"]}],"json_ld":{"@context":"http:\/\/schema.org","@type":"Event","name":"Visite comment\u00e9e Exposition \u00ab\u00a0De toutes fa\u00e7ons\u2026 Design graphique et textile\u00a0\u00bb &#8211; annul\u00e9e","description":"&lt;p&gt;Acc\u00e8s libre pour tous et sans r\u00e9servation&lt;\/p&gt;\\n","image":"https:\/\/saisonsculturelleschaumont.fr\/mdxpuixt\/wp-content\/uploads\/2020\/02\/SIGNE-LOGO-org.jpg","url":"https:\/\/saisonsculturelleschaumont.fr\/mdxpuixt\/evenement\/visite-commentee-exposition-de-toutes-facons-design-graphique-et-textile-2\/","eventAttendanceMode":"https:\/\/schema.org\/OfflineEventAttendanceMode","eventStatus":"https:\/\/schema.org\/EventScheduled","startDate":"2020-03-22T15:00:00+01:00","endDate":"2020-03-22T16:00:00+01:00","location":{"@type":"Place","name":"le signe","description":"","url":"https:\/\/saisonsculturelleschaumont.fr\/mdxpuixt\/ou\/le-signe\/","address":{"@type":"PostalAddress","streetAddress":"1 place Emile Goguenheim","addressLocality":"Chaumont","postalCode":"52000"},"telephone":"0325357901","sameAs":"https:\/\/centrenationaldugraphisme.fr\/#home"},"organizer":{"@type":"Person","name":"le signe","description":"","image":"https:\/\/saisonsculturelleschaumont.fr\/mdxpuixt\/wp-content\/uploads\/2020\/02\/SIGNE-LOGO-org.jpg","url":"https:\/\/centrenationaldugraphisme.fr","telephone":"03 25 35 79 01","email":"co&#110;&#116;act&#64;cndg.f&#114;","sameAs":"https:\/\/centrenationaldugraphisme.fr"},"performer":"Organization"},"event_bgcolor":"","event_text_color":""}