{"id":4882,"global_id":"saisonsculturelleschaumont.fr\/mdxpuixt?id=4882","global_id_lineage":["saisonsculturelleschaumont.fr\/mdxpuixt?id=4882"],"author":"3","status":"publish","date":"2020-02-12 16:12:44","date_utc":"2020-02-12 15:12:44","modified":"2020-02-15 01:43:36","modified_utc":"2020-02-15 00:43:36","url":"https:\/\/saisonsculturelleschaumont.fr\/mdxpuixt\/evenement\/atelier-vacances-de-fevrier-a-la-loupe-5-7-ans-2\/","rest_url":"https:\/\/saisonsculturelleschaumont.fr\/mdxpuixt\/wp-json\/tribe\/events\/v1\/events\/4882","title":"Atelier : A la loupe &#8211; 5\/7 ans","description":"<p>Viens cr\u00e9er ton livre d\u2019\u00e9nigmes en utilisant la technique de la bichromie en rouge et bleu et d\u00e9couvre, \u00e0 l\u2019aide d\u2019une loupe magique, les secrets bien gard\u00e9s de ses pages.\u00a0<\/p>\n<p>Gratuit sur r\u00e9servation<\/p>","excerpt":"","slug":"atelier-vacances-de-fevrier-a-la-loupe-5-7-ans-2","image":{"url":"https:\/\/saisonsculturelleschaumont.fr\/mdxpuixt\/wp-content\/uploads\/2020\/02\/SIGNE-LOGO-org.jpg","id":5241,"extension":"jpg","width":600,"height":473,"sizes":{"medium":{"width":300,"height":300,"mime-type":"image\/jpeg","url":"https:\/\/saisonsculturelleschaumont.fr\/mdxpuixt\/wp-content\/uploads\/2020\/02\/SIGNE-LOGO-org-300x300.jpg"},"thumbnail":{"width":80,"height":80,"mime-type":"image\/jpeg","url":"https:\/\/saisonsculturelleschaumont.fr\/mdxpuixt\/wp-content\/uploads\/2020\/02\/SIGNE-LOGO-org-80x80.jpg"},"fiat_thumb":{"width":60,"height":60,"mime-type":"image\/jpeg","url":"https:\/\/saisonsculturelleschaumont.fr\/mdxpuixt\/wp-content\/uploads\/2020\/02\/SIGNE-LOGO-org-60x60.jpg"},"widget":{"width":36,"height":36,"mime-type":"image\/jpeg","url":"https:\/\/saisonsculturelleschaumont.fr\/mdxpuixt\/wp-content\/uploads\/2020\/02\/SIGNE-LOGO-org-36x36.jpg"},"square":{"width":180,"height":180,"mime-type":"image\/jpeg","url":"https:\/\/saisonsculturelleschaumont.fr\/mdxpuixt\/wp-content\/uploads\/2020\/02\/SIGNE-LOGO-org-180x180.jpg"},"featured":{"width":600,"height":430,"mime-type":"image\/jpeg","url":"https:\/\/saisonsculturelleschaumont.fr\/mdxpuixt\/wp-content\/uploads\/2020\/02\/SIGNE-LOGO-org-600x430.jpg"},"portfolio":{"width":495,"height":400,"mime-type":"image\/jpeg","url":"https:\/\/saisonsculturelleschaumont.fr\/mdxpuixt\/wp-content\/uploads\/2020\/02\/SIGNE-LOGO-org-495x400.jpg"},"portfolio_small":{"width":260,"height":185,"mime-type":"image\/jpeg","url":"https:\/\/saisonsculturelleschaumont.fr\/mdxpuixt\/wp-content\/uploads\/2020\/02\/SIGNE-LOGO-org-260x185.jpg"},"magazine":{"width":600,"height":375,"mime-type":"image\/jpeg","url":"https:\/\/saisonsculturelleschaumont.fr\/mdxpuixt\/wp-content\/uploads\/2020\/02\/SIGNE-LOGO-org-600x375.jpg"},"entry_with_sidebar":{"width":600,"height":321,"mime-type":"image\/jpeg","url":"https:\/\/saisonsculturelleschaumont.fr\/mdxpuixt\/wp-content\/uploads\/2020\/02\/SIGNE-LOGO-org-600x321.jpg"},"entry_without_sidebar":{"width":600,"height":423,"mime-type":"image\/jpeg","url":"https:\/\/saisonsculturelleschaumont.fr\/mdxpuixt\/wp-content\/uploads\/2020\/02\/SIGNE-LOGO-org-600x423.jpg"}}},"all_day":false,"start_date":"2020-02-21 14:30:00","start_date_details":{"year":"2020","month":"02","day":"21","hour":"14","minutes":"30","seconds":"00"},"end_date":"2020-02-21 16:30:00","end_date_details":{"year":"2020","month":"02","day":"21","hour":"16","minutes":"30","seconds":"00"},"utc_start_date":"2020-02-21 13:30:00","utc_start_date_details":{"year":"2020","month":"02","day":"21","hour":"13","minutes":"30","seconds":"00"},"utc_end_date":"2020-02-21 15:30:00","utc_end_date_details":{"year":"2020","month":"02","day":"21","hour":"15","minutes":"30","seconds":"00"},"timezone":"Europe\/Paris","timezone_abbr":"CET","cost":"","cost_details":{"currency_symbol":"","currency_code":"","currency_position":"prefix","values":[]},"website":"https:\/\/www.centrenationaldugraphisme.fr\/le-signe","show_map":true,"show_map_link":false,"hide_from_listings":true,"sticky":false,"featured":false,"categories":[{"name":"arts visuels","slug":"arts-visuels","term_group":0,"term_taxonomy_id":42,"taxonomy":"tribe_events_cat","description":"","parent":0,"count":187,"filter":"raw","id":42,"urls":{"self":"https:\/\/saisonsculturelleschaumont.fr\/mdxpuixt\/wp-json\/tribe\/events\/v1\/categories\/42","collection":"https:\/\/saisonsculturelleschaumont.fr\/mdxpuixt\/wp-json\/tribe\/events\/v1\/categories"}}],"tags":[{"name":"atelier","slug":"atelier","term_group":0,"term_taxonomy_id":115,"taxonomy":"post_tag","description":"","parent":0,"count":117,"filter":"raw","id":115,"urls":{"self":"https:\/\/saisonsculturelleschaumont.fr\/mdxpuixt\/wp-json\/tribe\/events\/v1\/tags\/115","collection":"https:\/\/saisonsculturelleschaumont.fr\/mdxpuixt\/wp-json\/tribe\/events\/v1\/tags"}},{"name":"cr\u00e9ation","slug":"creation","term_group":0,"term_taxonomy_id":136,"taxonomy":"post_tag","description":"","parent":0,"count":97,"filter":"raw","id":136,"urls":{"self":"https:\/\/saisonsculturelleschaumont.fr\/mdxpuixt\/wp-json\/tribe\/events\/v1\/tags\/136","collection":"https:\/\/saisonsculturelleschaumont.fr\/mdxpuixt\/wp-json\/tribe\/events\/v1\/tags"}},{"name":"exposition","slug":"exposition","term_group":0,"term_taxonomy_id":50,"taxonomy":"post_tag","description":"","parent":0,"count":135,"filter":"raw","id":50,"urls":{"self":"https:\/\/saisonsculturelleschaumont.fr\/mdxpuixt\/wp-json\/tribe\/events\/v1\/tags\/50","collection":"https:\/\/saisonsculturelleschaumont.fr\/mdxpuixt\/wp-json\/tribe\/events\/v1\/tags"}},{"name":"graphisme","slug":"graphisme","term_group":0,"term_taxonomy_id":81,"taxonomy":"post_tag","description":"","parent":0,"count":110,"filter":"raw","id":81,"urls":{"self":"https:\/\/saisonsculturelleschaumont.fr\/mdxpuixt\/wp-json\/tribe\/events\/v1\/tags\/81","collection":"https:\/\/saisonsculturelleschaumont.fr\/mdxpuixt\/wp-json\/tribe\/events\/v1\/tags"}},{"name":"livre","slug":"livre","term_group":0,"term_taxonomy_id":54,"taxonomy":"post_tag","description":"","parent":0,"count":39,"filter":"raw","id":54,"urls":{"self":"https:\/\/saisonsculturelleschaumont.fr\/mdxpuixt\/wp-json\/tribe\/events\/v1\/tags\/54","collection":"https:\/\/saisonsculturelleschaumont.fr\/mdxpuixt\/wp-json\/tribe\/events\/v1\/tags"}},{"name":"signe","slug":"signe","term_group":0,"term_taxonomy_id":83,"taxonomy":"post_tag","description":"","parent":0,"count":50,"filter":"raw","id":83,"urls":{"self":"https:\/\/saisonsculturelleschaumont.fr\/mdxpuixt\/wp-json\/tribe\/events\/v1\/tags\/83","collection":"https:\/\/saisonsculturelleschaumont.fr\/mdxpuixt\/wp-json\/tribe\/events\/v1\/tags"}}],"venue":{"id":3505,"author":"3","status":"publish","date":"2019-08-24 16:58:08","date_utc":"2019-08-24 14:58:08","modified":"2019-08-24 16:58:08","modified_utc":"2019-08-24 14:58:08","url":"https:\/\/saisonsculturelleschaumont.fr\/mdxpuixt\/ou\/le-signe\/","venue":"le signe","slug":"le-signe","address":"1 place Emile Goguenheim","city":"Chaumont","zip":"52000","phone":"0325357901","website":"https:\/\/centrenationaldugraphisme.fr\/#home","json_ld":{"@type":"Place","name":"le signe","description":"","url":"https:\/\/saisonsculturelleschaumont.fr\/mdxpuixt\/ou\/le-signe\/","address":{"@type":"PostalAddress","streetAddress":"1 place Emile Goguenheim","addressLocality":"Chaumont","postalCode":"52000"},"telephone":"0325357901","sameAs":"https:\/\/centrenationaldugraphisme.fr\/#home"},"show_map":true,"show_map_link":true,"global_id":"saisonsculturelleschaumont.fr\/mdxpuixt?id=3505","global_id_lineage":["saisonsculturelleschaumont.fr\/mdxpuixt?id=3505"]},"organizer":[{"id":2907,"author":"3","status":"publish","date":"2019-07-11 19:36:09","date_utc":"2019-07-11 17:36:09","modified":"2020-02-15 01:12:17","modified_utc":"2020-02-15 00:12:17","url":"https:\/\/saisonsculturelleschaumont.fr\/mdxpuixt\/qui\/le-signe\/","organizer":"le signe","slug":"le-signe","image":{"url":"https:\/\/saisonsculturelleschaumont.fr\/mdxpuixt\/wp-content\/uploads\/2020\/02\/SIGNE-LOGO-org.jpg","id":5241,"extension":"jpg","width":600,"height":473,"sizes":{"medium":{"width":300,"height":300,"mime-type":"image\/jpeg","url":"https:\/\/saisonsculturelleschaumont.fr\/mdxpuixt\/wp-content\/uploads\/2020\/02\/SIGNE-LOGO-org-300x300.jpg"},"thumbnail":{"width":80,"height":80,"mime-type":"image\/jpeg","url":"https:\/\/saisonsculturelleschaumont.fr\/mdxpuixt\/wp-content\/uploads\/2020\/02\/SIGNE-LOGO-org-80x80.jpg"},"fiat_thumb":{"width":60,"height":60,"mime-type":"image\/jpeg","url":"https:\/\/saisonsculturelleschaumont.fr\/mdxpuixt\/wp-content\/uploads\/2020\/02\/SIGNE-LOGO-org-60x60.jpg"},"widget":{"width":36,"height":36,"mime-type":"image\/jpeg","url":"https:\/\/saisonsculturelleschaumont.fr\/mdxpuixt\/wp-content\/uploads\/2020\/02\/SIGNE-LOGO-org-36x36.jpg"},"square":{"width":180,"height":180,"mime-type":"image\/jpeg","url":"https:\/\/saisonsculturelleschaumont.fr\/mdxpuixt\/wp-content\/uploads\/2020\/02\/SIGNE-LOGO-org-180x180.jpg"},"featured":{"width":600,"height":430,"mime-type":"image\/jpeg","url":"https:\/\/saisonsculturelleschaumont.fr\/mdxpuixt\/wp-content\/uploads\/2020\/02\/SIGNE-LOGO-org-600x430.jpg"},"portfolio":{"width":495,"height":400,"mime-type":"image\/jpeg","url":"https:\/\/saisonsculturelleschaumont.fr\/mdxpuixt\/wp-content\/uploads\/2020\/02\/SIGNE-LOGO-org-495x400.jpg"},"portfolio_small":{"width":260,"height":185,"mime-type":"image\/jpeg","url":"https:\/\/saisonsculturelleschaumont.fr\/mdxpuixt\/wp-content\/uploads\/2020\/02\/SIGNE-LOGO-org-260x185.jpg"},"magazine":{"width":600,"height":375,"mime-type":"image\/jpeg","url":"https:\/\/saisonsculturelleschaumont.fr\/mdxpuixt\/wp-content\/uploads\/2020\/02\/SIGNE-LOGO-org-600x375.jpg"},"entry_with_sidebar":{"width":600,"height":321,"mime-type":"image\/jpeg","url":"https:\/\/saisonsculturelleschaumont.fr\/mdxpuixt\/wp-content\/uploads\/2020\/02\/SIGNE-LOGO-org-600x321.jpg"},"entry_without_sidebar":{"width":600,"height":423,"mime-type":"image\/jpeg","url":"https:\/\/saisonsculturelleschaumont.fr\/mdxpuixt\/wp-content\/uploads\/2020\/02\/SIGNE-LOGO-org-600x423.jpg"}}},"phone":"03 25 35 79 01","website":"https:\/\/centrenationaldugraphisme.fr","email":"contact@cndg.fr","json_ld":{"@type":"Person","name":"le signe","description":"","image":"https:\/\/saisonsculturelleschaumont.fr\/mdxpuixt\/wp-content\/uploads\/2020\/02\/SIGNE-LOGO-org.jpg","url":"https:\/\/centrenationaldugraphisme.fr","telephone":"03 25 35 79 01","email":"&#99;o&#110;&#116;&#97;&#99;t&#64;cnd&#103;&#46;&#102;r","sameAs":"https:\/\/centrenationaldugraphisme.fr"},"global_id":"saisonsculturelleschaumont.fr\/mdxpuixt?id=2907","global_id_lineage":["saisonsculturelleschaumont.fr\/mdxpuixt?id=2907"]}],"json_ld":{"@context":"http:\/\/schema.org","@type":"Event","name":"Atelier : A la loupe &#8211; 5\/7 ans","description":"&lt;p&gt;Viens cr\u00e9er ton livre d\u2019\u00e9nigmes en utilisant la technique de la bichromie en rouge et bleu et d\u00e9couvre, \u00e0 l\u2019aide d\u2019une loupe magique, les secrets bien gard\u00e9s de ses pages.\u00a0 [&hellip;]&lt;\/p&gt;\\n","image":"https:\/\/saisonsculturelleschaumont.fr\/mdxpuixt\/wp-content\/uploads\/2020\/02\/SIGNE-LOGO-org.jpg","url":"https:\/\/saisonsculturelleschaumont.fr\/mdxpuixt\/evenement\/atelier-vacances-de-fevrier-a-la-loupe-5-7-ans-2\/","eventAttendanceMode":"https:\/\/schema.org\/OfflineEventAttendanceMode","eventStatus":"https:\/\/schema.org\/EventScheduled","startDate":"2020-02-21T14:30:00+01:00","endDate":"2020-02-21T16:30:00+01:00","location":{"@type":"Place","name":"le signe","description":"","url":"https:\/\/saisonsculturelleschaumont.fr\/mdxpuixt\/ou\/le-signe\/","address":{"@type":"PostalAddress","streetAddress":"1 place Emile Goguenheim","addressLocality":"Chaumont","postalCode":"52000"},"telephone":"0325357901","sameAs":"https:\/\/centrenationaldugraphisme.fr\/#home"},"organizer":{"@type":"Person","name":"le signe","description":"","image":"https:\/\/saisonsculturelleschaumont.fr\/mdxpuixt\/wp-content\/uploads\/2020\/02\/SIGNE-LOGO-org.jpg","url":"https:\/\/centrenationaldugraphisme.fr","telephone":"03 25 35 79 01","email":"&#99;&#111;nta&#99;t&#64;cnd&#103;&#46;fr","sameAs":"https:\/\/centrenationaldugraphisme.fr"},"performer":"Organization"},"event_bgcolor":"","event_text_color":""}