{"id":4907,"global_id":"saisonsculturelleschaumont.fr\/mdxpuixt?id=4907","global_id_lineage":["saisonsculturelleschaumont.fr\/mdxpuixt?id=4907"],"author":"3","status":"publish","date":"2020-02-12 16:22:40","date_utc":"2020-02-12 15:22:40","modified":"2020-09-02 09:16:26","modified_utc":"2020-09-02 07:16:26","url":"https:\/\/saisonsculturelleschaumont.fr\/mdxpuixt\/evenement\/ecrire-le-fil-2\/","rest_url":"https:\/\/saisonsculturelleschaumont.fr\/mdxpuixt\/wp-json\/tribe\/events\/v1\/events\/4907","title":"\u00c9crire le fil #2","description":"<p>Collectif Porte27<\/p>\n<p>LES MERCREDIS 4 MARS, 8 ET 29 AVRIL, 13 MAI \u2013 De 13h30 \u00e0 17h30<br \/>\n<br \/>Atelier \u00ab parents \/ enfants \u00bb \u00e0 partir de 6 ans<\/p>\n<p>Partons \u00e0 la d\u00e9couverte de l\u2019univers artistique du Collectif Porte27 ! Cet atelier sera un moment privil\u00e9gi\u00e9 pour mettre en partage des mots et diverses pratiques circassiennes. On cherchera les chemins pour exprimer, avec justesse notre ressenti intime. On traversera le fil en se mettant \u00e0 l\u2019\u00e9coute de nos sensations. On donnera corps aux images qui nous habitent, tout en questionnant les notions de brisure, de marge, de limite et de d\u00e9s\u00e9quilibre. Des temps pour soi, pour l\u2019autre, pour le plaisir : ces journ\u00e9es seront con\u00e7ues comme des espaces ouverts au jeu et \u00e0 la rencontre.<\/p>\n<p> INFORMATIONS ET INSCRIPTIONS 03.25.01.68.80<\/p>\n<p>Gratuit<\/p>","excerpt":"","slug":"ecrire-le-fil-2","image":{"url":"https:\/\/saisonsculturelleschaumont.fr\/mdxpuixt\/wp-content\/uploads\/2020\/02\/Nouveau-Relax.jpg","id":5001,"extension":"jpg","width":707,"height":420,"sizes":{"medium":{"width":300,"height":300,"mime-type":"image\/jpeg","url":"https:\/\/saisonsculturelleschaumont.fr\/mdxpuixt\/wp-content\/uploads\/2020\/02\/Nouveau-Relax-300x300.jpg"},"thumbnail":{"width":80,"height":80,"mime-type":"image\/jpeg","url":"https:\/\/saisonsculturelleschaumont.fr\/mdxpuixt\/wp-content\/uploads\/2020\/02\/Nouveau-Relax-80x80.jpg"},"fiat_thumb":{"width":60,"height":60,"mime-type":"image\/jpeg","url":"https:\/\/saisonsculturelleschaumont.fr\/mdxpuixt\/wp-content\/uploads\/2020\/02\/Nouveau-Relax-60x60.jpg"},"widget":{"width":36,"height":36,"mime-type":"image\/jpeg","url":"https:\/\/saisonsculturelleschaumont.fr\/mdxpuixt\/wp-content\/uploads\/2020\/02\/Nouveau-Relax-36x36.jpg"},"square":{"width":180,"height":180,"mime-type":"image\/jpeg","url":"https:\/\/saisonsculturelleschaumont.fr\/mdxpuixt\/wp-content\/uploads\/2020\/02\/Nouveau-Relax-180x180.jpg"},"portfolio":{"width":495,"height":400,"mime-type":"image\/jpeg","url":"https:\/\/saisonsculturelleschaumont.fr\/mdxpuixt\/wp-content\/uploads\/2020\/02\/Nouveau-Relax-495x400.jpg"},"portfolio_small":{"width":260,"height":185,"mime-type":"image\/jpeg","url":"https:\/\/saisonsculturelleschaumont.fr\/mdxpuixt\/wp-content\/uploads\/2020\/02\/Nouveau-Relax-260x185.jpg"},"magazine":{"width":707,"height":375,"mime-type":"image\/jpeg","url":"https:\/\/saisonsculturelleschaumont.fr\/mdxpuixt\/wp-content\/uploads\/2020\/02\/Nouveau-Relax-707x375.jpg"},"masonry":{"width":705,"height":419,"mime-type":"image\/jpeg","url":"https:\/\/saisonsculturelleschaumont.fr\/mdxpuixt\/wp-content\/uploads\/2020\/02\/Nouveau-Relax-705x419.jpg"},"entry_with_sidebar":{"width":707,"height":321,"mime-type":"image\/jpeg","url":"https:\/\/saisonsculturelleschaumont.fr\/mdxpuixt\/wp-content\/uploads\/2020\/02\/Nouveau-Relax-707x321.jpg"}}},"all_day":false,"start_date":"2020-03-04 13:30:00","start_date_details":{"year":"2020","month":"03","day":"04","hour":"13","minutes":"30","seconds":"00"},"end_date":"2020-05-13 17:30:00","end_date_details":{"year":"2020","month":"05","day":"13","hour":"17","minutes":"30","seconds":"00"},"utc_start_date":"2020-03-04 12:30:00","utc_start_date_details":{"year":"2020","month":"03","day":"04","hour":"12","minutes":"30","seconds":"00"},"utc_end_date":"2020-05-13 15:30:00","utc_end_date_details":{"year":"2020","month":"05","day":"13","hour":"15","minutes":"30","seconds":"00"},"timezone":"Europe\/Paris","timezone_abbr":"CET","cost":"","cost_details":{"currency_symbol":"","currency_code":"","currency_position":"prefix","values":[]},"website":"http:\/\/www.lenouveaurelax.fr\/ecrire-le-fil-2\/","show_map":true,"show_map_link":false,"hide_from_listings":true,"sticky":false,"featured":false,"categories":[{"name":"multidisciplinaire","slug":"multidisciplinaire","term_group":0,"term_taxonomy_id":111,"taxonomy":"tribe_events_cat","description":"","parent":0,"count":47,"filter":"raw","id":111,"urls":{"self":"https:\/\/saisonsculturelleschaumont.fr\/mdxpuixt\/wp-json\/tribe\/events\/v1\/categories\/111","collection":"https:\/\/saisonsculturelleschaumont.fr\/mdxpuixt\/wp-json\/tribe\/events\/v1\/categories"}}],"tags":[{"name":"atelier","slug":"atelier","term_group":0,"term_taxonomy_id":115,"taxonomy":"post_tag","description":"","parent":0,"count":117,"filter":"raw","id":115,"urls":{"self":"https:\/\/saisonsculturelleschaumont.fr\/mdxpuixt\/wp-json\/tribe\/events\/v1\/tags\/115","collection":"https:\/\/saisonsculturelleschaumont.fr\/mdxpuixt\/wp-json\/tribe\/events\/v1\/tags"}},{"name":"cr\u00e9ation","slug":"creation","term_group":0,"term_taxonomy_id":136,"taxonomy":"post_tag","description":"","parent":0,"count":97,"filter":"raw","id":136,"urls":{"self":"https:\/\/saisonsculturelleschaumont.fr\/mdxpuixt\/wp-json\/tribe\/events\/v1\/tags\/136","collection":"https:\/\/saisonsculturelleschaumont.fr\/mdxpuixt\/wp-json\/tribe\/events\/v1\/tags"}},{"name":"\u00e9change","slug":"echange","term_group":0,"term_taxonomy_id":92,"taxonomy":"post_tag","description":"","parent":0,"count":14,"filter":"raw","id":92,"urls":{"self":"https:\/\/saisonsculturelleschaumont.fr\/mdxpuixt\/wp-json\/tribe\/events\/v1\/tags\/92","collection":"https:\/\/saisonsculturelleschaumont.fr\/mdxpuixt\/wp-json\/tribe\/events\/v1\/tags"}},{"name":"enfant","slug":"enfant","term_group":0,"term_taxonomy_id":135,"taxonomy":"post_tag","description":"","parent":0,"count":89,"filter":"raw","id":135,"urls":{"self":"https:\/\/saisonsculturelleschaumont.fr\/mdxpuixt\/wp-json\/tribe\/events\/v1\/tags\/135","collection":"https:\/\/saisonsculturelleschaumont.fr\/mdxpuixt\/wp-json\/tribe\/events\/v1\/tags"}},{"name":"formation","slug":"formation","term_group":0,"term_taxonomy_id":126,"taxonomy":"post_tag","description":"","parent":0,"count":2,"filter":"raw","id":126,"urls":{"self":"https:\/\/saisonsculturelleschaumont.fr\/mdxpuixt\/wp-json\/tribe\/events\/v1\/tags\/126","collection":"https:\/\/saisonsculturelleschaumont.fr\/mdxpuixt\/wp-json\/tribe\/events\/v1\/tags"}},{"name":"rencontre","slug":"rencontre","term_group":0,"term_taxonomy_id":90,"taxonomy":"post_tag","description":"","parent":0,"count":31,"filter":"raw","id":90,"urls":{"self":"https:\/\/saisonsculturelleschaumont.fr\/mdxpuixt\/wp-json\/tribe\/events\/v1\/tags\/90","collection":"https:\/\/saisonsculturelleschaumont.fr\/mdxpuixt\/wp-json\/tribe\/events\/v1\/tags"}}],"venue":{"id":1183,"author":"3","status":"publish","date":"2019-07-11 19:35:32","date_utc":"2019-07-11 17:35:32","modified":"2020-02-11 21:40:30","modified_utc":"2020-02-11 20:40:30","url":"https:\/\/saisonsculturelleschaumont.fr\/mdxpuixt\/ou\/le-nouveau-relax\/","venue":"le nouveau relax","slug":"le-nouveau-relax","address":"15 bis rue L\u00e9vy-Alphand\u00e9ry","city":"Chaumont","country":"France","zip":"52000","phone":"03 25 01 68 80","website":"https:\/\/www.lenouveaurelax.fr","geo_lat":48.1074264,"geo_lng":5.1373537,"json_ld":{"@type":"Place","name":"le nouveau relax","description":"","url":"https:\/\/saisonsculturelleschaumont.fr\/mdxpuixt\/ou\/le-nouveau-relax\/","address":{"@type":"PostalAddress","streetAddress":"15 bis rue L\u00e9vy-Alphand\u00e9ry","addressLocality":"Chaumont","postalCode":"52000","addressCountry":"France"},"geo":{"@type":"GeoCoordinates","latitude":48.1074264,"longitude":5.1373537},"telephone":"03 25 01 68 80","sameAs":"https:\/\/www.lenouveaurelax.fr"},"show_map":true,"show_map_link":true,"global_id":"saisonsculturelleschaumont.fr\/mdxpuixt?id=1183","global_id_lineage":["saisonsculturelleschaumont.fr\/mdxpuixt?id=1183"]},"organizer":[{"id":1192,"author":"3","status":"publish","date":"2019-07-11 19:36:09","date_utc":"2019-07-11 17:36:09","modified":"2020-02-11 21:38:24","modified_utc":"2020-02-11 20:38:24","url":"https:\/\/saisonsculturelleschaumont.fr\/mdxpuixt\/qui\/le-nouveau-relax\/","organizer":"le nouveau relax","slug":"le-nouveau-relax","phone":"03 25 01 68 80","website":"http:\/\/www.lenouveaurelax.fr\/","email":"accueil.theatre@ville-chaumont.fr","json_ld":{"@type":"Person","name":"le nouveau relax","description":"","url":"http:\/\/www.lenouveaurelax.fr\/","telephone":"03 25 01 68 80","email":"accu&#101;i&#108;&#46;the&#97;t&#114;&#101;&#64;v&#105;ll&#101;-&#99;h&#97;&#117;mon&#116;&#46;&#102;r","sameAs":"http:\/\/www.lenouveaurelax.fr\/"},"global_id":"saisonsculturelleschaumont.fr\/mdxpuixt?id=1192","global_id_lineage":["saisonsculturelleschaumont.fr\/mdxpuixt?id=1192"]}],"json_ld":{"@context":"http:\/\/schema.org","@type":"Event","name":"\u00c9crire le fil #2","description":"&lt;p&gt;Collectif Porte27 LES MERCREDIS 4 MARS, 8 ET 29 AVRIL, 13 MAI \u2013 De 13h30 \u00e0 17h30 Atelier \u00ab parents \/ enfants \u00bb \u00e0 partir de 6 ans Partons \u00e0 [&hellip;]&lt;\/p&gt;\\n","image":"https:\/\/saisonsculturelleschaumont.fr\/mdxpuixt\/wp-content\/uploads\/2020\/02\/Nouveau-Relax.jpg","url":"https:\/\/saisonsculturelleschaumont.fr\/mdxpuixt\/evenement\/ecrire-le-fil-2\/","eventAttendanceMode":"https:\/\/schema.org\/OfflineEventAttendanceMode","eventStatus":"https:\/\/schema.org\/EventScheduled","startDate":"2020-03-04T13:30:00+01:00","endDate":"2020-05-13T17:30:00+02:00","location":{"@type":"Place","name":"le nouveau relax","description":"","url":"https:\/\/saisonsculturelleschaumont.fr\/mdxpuixt\/ou\/le-nouveau-relax\/","address":{"@type":"PostalAddress","streetAddress":"15 bis rue L\u00e9vy-Alphand\u00e9ry","addressLocality":"Chaumont","postalCode":"52000","addressCountry":"France"},"geo":{"@type":"GeoCoordinates","latitude":48.1074264,"longitude":5.1373537},"telephone":"03 25 01 68 80","sameAs":"https:\/\/www.lenouveaurelax.fr"},"organizer":{"@type":"Person","name":"le nouveau relax","description":"","url":"http:\/\/www.lenouveaurelax.fr\/","telephone":"03 25 01 68 80","email":"&#97;&#99;c&#117;ei&#108;.&#116;&#104;&#101;a&#116;&#114;e&#64;v&#105;&#108;&#108;e&#45;&#99;&#104;&#97;um&#111;&#110;t.&#102;r","sameAs":"http:\/\/www.lenouveaurelax.fr\/"},"performer":"Organization"},"event_bgcolor":"","event_text_color":""}