{"id":5514,"global_id":"saisonsculturelleschaumont.fr\/mdxpuixt?id=5514","global_id_lineage":["saisonsculturelleschaumont.fr\/mdxpuixt?id=5514"],"author":"3","status":"publish","date":"2020-08-01 00:00:00","date_utc":"2020-07-31 22:00:00","modified":"2020-09-02 16:01:06","modified_utc":"2020-09-02 14:01:06","url":"https:\/\/saisonsculturelleschaumont.fr\/mdxpuixt\/evenement\/les-nuits-graphiques-2\/","rest_url":"https:\/\/saisonsculturelleschaumont.fr\/mdxpuixt\/wp-json\/tribe\/events\/v1\/events\/5514","title":"Les Nuits Graphiques","description":"<p>Troisi\u00e8me \u00e9dition des nuits graphiques ! Et oui, car celle qui devait avoir lieu au moins d\u2019avril dernier a malheureusement d\u00fb \u00eatre annul\u00e9e. La Ville de Chaumont renouvelle sa collaboration avec le Lyc\u00e9e Charles de Gaulle et propose un mapping vid\u00e9o, imagin\u00e9 et con\u00e7u par les \u00e9l\u00e8ves du Dipl\u00f4me Sup\u00e9rieur d\u2019Arts Appliqu\u00e9s (DSAA) et dirig\u00e9 par un graphiste invit\u00e9 Patrick Conus. Sa vaste exp\u00e9rience de la musique exp\u00e9rimentale et de la vid\u00e9o sera un v\u00e9ritable plus pour les graphistes en herbe. Lors d\u2019un workshop d\u2019une semaine, les \u00e9l\u00e8ves laisseront libre court \u00e0 leur imagination et surtout \u00e0 leur talent au travers de leurs cr\u00e9ations. Cette fois, c\u2019est sur la th\u00e9matique du Sport et de la Culture que les \u00e9l\u00e8ves auront l\u2019occasion de travailler. Ce projet sera encadr\u00e9 par leur professeur Luc Delsaut.<\/p>","excerpt":"","slug":"les-nuits-graphiques-2","image":{"url":"https:\/\/saisonsculturelleschaumont.fr\/mdxpuixt\/wp-content\/uploads\/2020\/02\/Mapping.jpg","id":5021,"extension":"jpg","width":960,"height":558,"sizes":{"medium":{"width":300,"height":300,"mime-type":"image\/jpeg","url":"https:\/\/saisonsculturelleschaumont.fr\/mdxpuixt\/wp-content\/uploads\/2020\/02\/Mapping-300x300.jpg"},"thumbnail":{"width":80,"height":80,"mime-type":"image\/jpeg","url":"https:\/\/saisonsculturelleschaumont.fr\/mdxpuixt\/wp-content\/uploads\/2020\/02\/Mapping-80x80.jpg"},"medium_large":{"width":768,"height":558,"mime-type":"image\/jpeg","url":"https:\/\/saisonsculturelleschaumont.fr\/mdxpuixt\/wp-content\/uploads\/2020\/02\/Mapping-768x558.jpg"},"fiat_thumb":{"width":60,"height":60,"mime-type":"image\/jpeg","url":"https:\/\/saisonsculturelleschaumont.fr\/mdxpuixt\/wp-content\/uploads\/2020\/02\/Mapping-60x60.jpg"},"widget":{"width":36,"height":36,"mime-type":"image\/jpeg","url":"https:\/\/saisonsculturelleschaumont.fr\/mdxpuixt\/wp-content\/uploads\/2020\/02\/Mapping-36x36.jpg"},"square":{"width":180,"height":180,"mime-type":"image\/jpeg","url":"https:\/\/saisonsculturelleschaumont.fr\/mdxpuixt\/wp-content\/uploads\/2020\/02\/Mapping-180x180.jpg"},"featured":{"width":960,"height":430,"mime-type":"image\/jpeg","url":"https:\/\/saisonsculturelleschaumont.fr\/mdxpuixt\/wp-content\/uploads\/2020\/02\/Mapping-960x430.jpg"},"portfolio":{"width":495,"height":400,"mime-type":"image\/jpeg","url":"https:\/\/saisonsculturelleschaumont.fr\/mdxpuixt\/wp-content\/uploads\/2020\/02\/Mapping-495x400.jpg"},"portfolio_small":{"width":260,"height":185,"mime-type":"image\/jpeg","url":"https:\/\/saisonsculturelleschaumont.fr\/mdxpuixt\/wp-content\/uploads\/2020\/02\/Mapping-260x185.jpg"},"gallery":{"width":845,"height":558,"mime-type":"image\/jpeg","url":"https:\/\/saisonsculturelleschaumont.fr\/mdxpuixt\/wp-content\/uploads\/2020\/02\/Mapping-845x558.jpg"},"magazine":{"width":710,"height":375,"mime-type":"image\/jpeg","url":"https:\/\/saisonsculturelleschaumont.fr\/mdxpuixt\/wp-content\/uploads\/2020\/02\/Mapping-710x375.jpg"},"masonry":{"width":705,"height":410,"mime-type":"image\/jpeg","url":"https:\/\/saisonsculturelleschaumont.fr\/mdxpuixt\/wp-content\/uploads\/2020\/02\/Mapping-705x410.jpg"},"entry_with_sidebar":{"width":845,"height":321,"mime-type":"image\/jpeg","url":"https:\/\/saisonsculturelleschaumont.fr\/mdxpuixt\/wp-content\/uploads\/2020\/02\/Mapping-845x321.jpg"},"entry_without_sidebar":{"width":960,"height":423,"mime-type":"image\/jpeg","url":"https:\/\/saisonsculturelleschaumont.fr\/mdxpuixt\/wp-content\/uploads\/2020\/02\/Mapping-960x423.jpg"}}},"all_day":false,"start_date":"2020-11-12 21:00:00","start_date_details":{"year":"2020","month":"11","day":"12","hour":"21","minutes":"00","seconds":"00"},"end_date":"2020-11-12 22:00:00","end_date_details":{"year":"2020","month":"11","day":"12","hour":"22","minutes":"00","seconds":"00"},"utc_start_date":"2020-11-12 20:00:00","utc_start_date_details":{"year":"2020","month":"11","day":"12","hour":"20","minutes":"00","seconds":"00"},"utc_end_date":"2020-11-12 21:00:00","utc_end_date_details":{"year":"2020","month":"11","day":"12","hour":"21","minutes":"00","seconds":"00"},"timezone":"Europe\/Paris","timezone_abbr":"CET","cost":"","cost_details":{"currency_symbol":"","currency_code":"","currency_position":"suffix","values":[]},"website":"","show_map":true,"show_map_link":false,"hide_from_listings":true,"sticky":false,"featured":false,"categories":[{"name":"graphisme dans la ville","slug":"graphisme-dans-la-ville","term_group":0,"term_taxonomy_id":41,"taxonomy":"tribe_events_cat","description":"","parent":0,"count":22,"filter":"raw","id":41,"urls":{"self":"https:\/\/saisonsculturelleschaumont.fr\/mdxpuixt\/wp-json\/tribe\/events\/v1\/categories\/41","collection":"https:\/\/saisonsculturelleschaumont.fr\/mdxpuixt\/wp-json\/tribe\/events\/v1\/categories"}}],"tags":[{"name":"animation","slug":"animation","term_group":0,"term_taxonomy_id":108,"taxonomy":"post_tag","description":"","parent":0,"count":13,"filter":"raw","id":108,"urls":{"self":"https:\/\/saisonsculturelleschaumont.fr\/mdxpuixt\/wp-json\/tribe\/events\/v1\/tags\/108","collection":"https:\/\/saisonsculturelleschaumont.fr\/mdxpuixt\/wp-json\/tribe\/events\/v1\/tags"}},{"name":"art","slug":"art","term_group":0,"term_taxonomy_id":87,"taxonomy":"post_tag","description":"","parent":0,"count":104,"filter":"raw","id":87,"urls":{"self":"https:\/\/saisonsculturelleschaumont.fr\/mdxpuixt\/wp-json\/tribe\/events\/v1\/tags\/87","collection":"https:\/\/saisonsculturelleschaumont.fr\/mdxpuixt\/wp-json\/tribe\/events\/v1\/tags"}},{"name":"cr\u00e9ation","slug":"creation","term_group":0,"term_taxonomy_id":136,"taxonomy":"post_tag","description":"","parent":0,"count":97,"filter":"raw","id":136,"urls":{"self":"https:\/\/saisonsculturelleschaumont.fr\/mdxpuixt\/wp-json\/tribe\/events\/v1\/tags\/136","collection":"https:\/\/saisonsculturelleschaumont.fr\/mdxpuixt\/wp-json\/tribe\/events\/v1\/tags"}},{"name":"\u00e9cole","slug":"ecole","term_group":0,"term_taxonomy_id":141,"taxonomy":"post_tag","description":"","parent":0,"count":24,"filter":"raw","id":141,"urls":{"self":"https:\/\/saisonsculturelleschaumont.fr\/mdxpuixt\/wp-json\/tribe\/events\/v1\/tags\/141","collection":"https:\/\/saisonsculturelleschaumont.fr\/mdxpuixt\/wp-json\/tribe\/events\/v1\/tags"}},{"name":"\u00e9tudiant","slug":"etudiant","term_group":0,"term_taxonomy_id":95,"taxonomy":"post_tag","description":"","parent":0,"count":18,"filter":"raw","id":95,"urls":{"self":"https:\/\/saisonsculturelleschaumont.fr\/mdxpuixt\/wp-json\/tribe\/events\/v1\/tags\/95","collection":"https:\/\/saisonsculturelleschaumont.fr\/mdxpuixt\/wp-json\/tribe\/events\/v1\/tags"}},{"name":"graphisme","slug":"graphisme","term_group":0,"term_taxonomy_id":81,"taxonomy":"post_tag","description":"","parent":0,"count":110,"filter":"raw","id":81,"urls":{"self":"https:\/\/saisonsculturelleschaumont.fr\/mdxpuixt\/wp-json\/tribe\/events\/v1\/tags\/81","collection":"https:\/\/saisonsculturelleschaumont.fr\/mdxpuixt\/wp-json\/tribe\/events\/v1\/tags"}},{"name":"mapping","slug":"mapping","term_group":0,"term_taxonomy_id":61,"taxonomy":"post_tag","description":"","parent":0,"count":5,"filter":"raw","id":61,"urls":{"self":"https:\/\/saisonsculturelleschaumont.fr\/mdxpuixt\/wp-json\/tribe\/events\/v1\/tags\/61","collection":"https:\/\/saisonsculturelleschaumont.fr\/mdxpuixt\/wp-json\/tribe\/events\/v1\/tags"}},{"name":"pr\u00e9sentation","slug":"presentation","term_group":0,"term_taxonomy_id":125,"taxonomy":"post_tag","description":"","parent":0,"count":10,"filter":"raw","id":125,"urls":{"self":"https:\/\/saisonsculturelleschaumont.fr\/mdxpuixt\/wp-json\/tribe\/events\/v1\/tags\/125","collection":"https:\/\/saisonsculturelleschaumont.fr\/mdxpuixt\/wp-json\/tribe\/events\/v1\/tags"}},{"name":"projection","slug":"projection","term_group":0,"term_taxonomy_id":62,"taxonomy":"post_tag","description":"","parent":0,"count":15,"filter":"raw","id":62,"urls":{"self":"https:\/\/saisonsculturelleschaumont.fr\/mdxpuixt\/wp-json\/tribe\/events\/v1\/tags\/62","collection":"https:\/\/saisonsculturelleschaumont.fr\/mdxpuixt\/wp-json\/tribe\/events\/v1\/tags"}},{"name":"son et lumi\u00e8re","slug":"son-et-lumiere","term_group":0,"term_taxonomy_id":48,"taxonomy":"post_tag","description":"","parent":0,"count":7,"filter":"raw","id":48,"urls":{"self":"https:\/\/saisonsculturelleschaumont.fr\/mdxpuixt\/wp-json\/tribe\/events\/v1\/tags\/48","collection":"https:\/\/saisonsculturelleschaumont.fr\/mdxpuixt\/wp-json\/tribe\/events\/v1\/tags"}},{"name":"spectacle","slug":"spectacle","term_group":0,"term_taxonomy_id":55,"taxonomy":"post_tag","description":"","parent":0,"count":114,"filter":"raw","id":55,"urls":{"self":"https:\/\/saisonsculturelleschaumont.fr\/mdxpuixt\/wp-json\/tribe\/events\/v1\/tags\/55","collection":"https:\/\/saisonsculturelleschaumont.fr\/mdxpuixt\/wp-json\/tribe\/events\/v1\/tags"}},{"name":"vid\u00e9o mapping","slug":"video-mapping","term_group":0,"term_taxonomy_id":60,"taxonomy":"post_tag","description":"","parent":0,"count":4,"filter":"raw","id":60,"urls":{"self":"https:\/\/saisonsculturelleschaumont.fr\/mdxpuixt\/wp-json\/tribe\/events\/v1\/tags\/60","collection":"https:\/\/saisonsculturelleschaumont.fr\/mdxpuixt\/wp-json\/tribe\/events\/v1\/tags"}}],"venue":{"id":1178,"author":"3","status":"publish","date":"2019-07-11 19:35:27","date_utc":"2019-07-11 17:35:27","modified":"2020-02-11 21:40:30","modified_utc":"2020-02-11 20:40:30","url":"https:\/\/saisonsculturelleschaumont.fr\/mdxpuixt\/ou\/centre-ville-de-chaumont\/","venue":"le centre-ville","slug":"centre-ville-de-chaumont","city":"Chaumont","country":"France","zip":"52000","geo_lat":48.1167,"geo_lng":5.1333,"json_ld":{"@type":"Place","name":"le centre-ville","description":"","url":"https:\/\/saisonsculturelleschaumont.fr\/mdxpuixt\/ou\/centre-ville-de-chaumont\/","address":{"@type":"PostalAddress","addressLocality":"Chaumont","postalCode":"52000","addressCountry":"France"},"geo":{"@type":"GeoCoordinates","latitude":48.1167,"longitude":5.1333},"telephone":"","sameAs":""},"show_map":true,"show_map_link":true,"global_id":"saisonsculturelleschaumont.fr\/mdxpuixt?id=1178","global_id_lineage":["saisonsculturelleschaumont.fr\/mdxpuixt?id=1178"]},"organizer":[{"id":2804,"author":"3","status":"publish","date":"2019-07-26 10:23:13","date_utc":"2019-07-26 08:23:13","modified":"2023-08-03 16:31:54","modified_utc":"2023-08-03 14:31:54","url":"https:\/\/saisonsculturelleschaumont.fr\/mdxpuixt\/qui\/actions-dans-la-ville\/","organizer":"dans la ville","description":"<p>Amener la culture dans l\u2019espace public, hors les murs, la rendre accessible \u00e0 tous, fait partie de la politique culturelle men\u00e9e par la Ville de Chaumont.\u00a0<\/p>\n<p>Concerts, cin\u00e9ma en plein air, th\u00e9\u00e2tre et cirque de rue, installations artistiques et interventions graphiques\u202f; place de l\u2019h\u00f4tel de ville, place des arts, march\u00e9 couvert, square du boulingrin, jardin agathe roullot\u202f: les disciplines et les lieux sont nombreux et vari\u00e9s.\u00a0\u00a0<\/p>\n<p>Les projets se veulent inclusifs, en lien avec le territoire, men\u00e9s avec tous les services de la collectivit\u00e9 pour faciliter leur mise en \u0153uvre, mais \u00e9galement avec le tissu associatif, les jeunes \u00e9tudiants et les commer\u00e7ants de Chaumont. Ils animent la ville, mettent en valeur le patrimoine local, et am\u00e8nent un v\u00e9ritable dialogue\u202f: une autre fa\u00e7on d\u2019\u00eatre ensemble, un pas vers la d\u00e9mocratisation culturelle.\u00a0<\/p>\n<p>Une mani\u00e8re d\u2019enrayer les d\u00e9terminismes sociaux, culturels ou \u00e9ducatifs comme l\u2019a promulgu\u00e9 le rapport de la MNACEP \u2013 Mission Nationale pour l\u2019Art et la Culture dans l\u2019Espace Public \u2013 mise en place par le Minist\u00e8re de la Culture en 2014. C\u2019est aller continuellement du dedans au dehors et vice et versa pour d\u00e9cloisonner les pratiques culturelles et investir les lieux les plus divers de tous types de formes d\u2019expression artistique.\u00a0<\/p>","slug":"actions-dans-la-ville","json_ld":{"@type":"Person","name":"dans la ville","description":"&lt;p&gt;Amener la culture dans l\u2019espace public, hors les murs, la rendre accessible \u00e0 tous, fait partie de la politique culturelle men\u00e9e par la Ville de Chaumont.\u00a0Concerts, cin\u00e9ma en plein air, [&hellip;]&lt;\/p&gt;\\n","url":"","telephone":"","email":"","sameAs":""},"global_id":"saisonsculturelleschaumont.fr\/mdxpuixt?id=2804","global_id_lineage":["saisonsculturelleschaumont.fr\/mdxpuixt?id=2804"]}],"json_ld":{"@context":"http:\/\/schema.org","@type":"Event","name":"Les Nuits Graphiques","description":"&lt;p&gt;Troisi\u00e8me \u00e9dition des nuits graphiques ! Et oui, car celle qui devait avoir lieu au moins d\u2019avril dernier a malheureusement d\u00fb \u00eatre annul\u00e9e. La Ville de Chaumont renouvelle sa collaboration [&hellip;]&lt;\/p&gt;\\n","image":"https:\/\/saisonsculturelleschaumont.fr\/mdxpuixt\/wp-content\/uploads\/2020\/02\/Mapping.jpg","url":"https:\/\/saisonsculturelleschaumont.fr\/mdxpuixt\/evenement\/les-nuits-graphiques-2\/","eventAttendanceMode":"https:\/\/schema.org\/OfflineEventAttendanceMode","eventStatus":"https:\/\/schema.org\/EventScheduled","startDate":"2020-11-12T21:00:00+01:00","endDate":"2020-11-12T22:00:00+01:00","location":{"@type":"Place","name":"le centre-ville","description":"","url":"https:\/\/saisonsculturelleschaumont.fr\/mdxpuixt\/ou\/centre-ville-de-chaumont\/","address":{"@type":"PostalAddress","addressLocality":"Chaumont","postalCode":"52000","addressCountry":"France"},"geo":{"@type":"GeoCoordinates","latitude":48.1167,"longitude":5.1333},"telephone":"","sameAs":""},"organizer":{"@type":"Person","name":"dans la ville","description":"&lt;p&gt;Amener la culture dans l\u2019espace public, hors les murs, la rendre accessible \u00e0 tous, fait partie de la politique culturelle men\u00e9e par la Ville de Chaumont.\u00a0Concerts, cin\u00e9ma en plein air, [&hellip;]&lt;\/p&gt;\\n","url":"","telephone":"","email":"","sameAs":""},"performer":"Organization"},"event_bgcolor":"","event_text_color":""}