{"id":5521,"global_id":"saisonsculturelleschaumont.fr\/mdxpuixt?id=5521","global_id_lineage":["saisonsculturelleschaumont.fr\/mdxpuixt?id=5521"],"author":"3","status":"publish","date":"2020-08-01 00:00:00","date_utc":"2020-07-31 22:00:00","modified":"2023-09-15 15:03:29","modified_utc":"2023-09-15 13:03:29","url":"https:\/\/saisonsculturelleschaumont.fr\/mdxpuixt\/evenement\/scene-locale-22-2\/","rest_url":"https:\/\/saisonsculturelleschaumont.fr\/mdxpuixt\/wp-json\/tribe\/events\/v1\/events\/5521","title":"Sc\u00e8ne Locale #22","description":"<p>Pour l&rsquo;\u00e9dition #22 de nos sc\u00e8nes locales, la musique urbaine : rap et hip hop sont \u00e0 l\u2019honneur avec trois invit\u00e9s. Le premier, Arti, avec ses rythmes de musique trap et de cloud rap. Akira et le sabbat, m\u00e9lange de rap et de hip hop au flow frontal contrast\u00e9 par une voix douce et m\u00e9lodieuse. La soir\u00e9e sera \u00e9galement rythm\u00e9e par 3 artistes : Psicky, Osino et Le Brame, originaires de Chaumont et de Langres, qui se partageront le dernier set. Entre rap old school et sonorit\u00e9s plus modernes, en solo ou en groupe, les trois rappeurs l\u00e2cheront des textes engag\u00e9s et personnels.<\/p>\n<p>Entr\u00e9e libre<\/p>\n<p>&nbsp;<\/p>\n<p><span style=\"color: #ff0000;\"><strong>CONCERT ANNUL\u00c9<\/strong><\/span><\/p>","excerpt":"","slug":"scene-locale-22-2","image":{"url":"https:\/\/saisonsculturelleschaumont.fr\/mdxpuixt\/wp-content\/uploads\/2020\/07\/arti-\u00a9droits-r\u00e9serv\u00e9s-1.jpg","id":5553,"extension":"jpg","width":490,"height":358,"sizes":{"medium":{"width":300,"height":300,"mime-type":"image\/jpeg","url":"https:\/\/saisonsculturelleschaumont.fr\/mdxpuixt\/wp-content\/uploads\/2020\/07\/arti-\u00a9droits-r\u00e9serv\u00e9s-1-300x300.jpg"},"thumbnail":{"width":80,"height":80,"mime-type":"image\/jpeg","url":"https:\/\/saisonsculturelleschaumont.fr\/mdxpuixt\/wp-content\/uploads\/2020\/07\/arti-\u00a9droits-r\u00e9serv\u00e9s-1-80x80.jpg"},"fiat_thumb":{"width":60,"height":60,"mime-type":"image\/jpeg","url":"https:\/\/saisonsculturelleschaumont.fr\/mdxpuixt\/wp-content\/uploads\/2020\/07\/arti-\u00a9droits-r\u00e9serv\u00e9s-1-60x60.jpg"},"widget":{"width":36,"height":36,"mime-type":"image\/jpeg","url":"https:\/\/saisonsculturelleschaumont.fr\/mdxpuixt\/wp-content\/uploads\/2020\/07\/arti-\u00a9droits-r\u00e9serv\u00e9s-1-36x36.jpg"},"square":{"width":180,"height":180,"mime-type":"image\/jpeg","url":"https:\/\/saisonsculturelleschaumont.fr\/mdxpuixt\/wp-content\/uploads\/2020\/07\/arti-\u00a9droits-r\u00e9serv\u00e9s-1-180x180.jpg"},"portfolio_small":{"width":260,"height":185,"mime-type":"image\/jpeg","url":"https:\/\/saisonsculturelleschaumont.fr\/mdxpuixt\/wp-content\/uploads\/2020\/07\/arti-\u00a9droits-r\u00e9serv\u00e9s-1-260x185.jpg"},"entry_with_sidebar":{"width":490,"height":321,"mime-type":"image\/jpeg","url":"https:\/\/saisonsculturelleschaumont.fr\/mdxpuixt\/wp-content\/uploads\/2020\/07\/arti-\u00a9droits-r\u00e9serv\u00e9s-1-490x321.jpg"}}},"all_day":false,"start_date":"2020-12-04 21:00:00","start_date_details":{"year":"2020","month":"12","day":"04","hour":"21","minutes":"00","seconds":"00"},"end_date":"2020-12-04 23:00:00","end_date_details":{"year":"2020","month":"12","day":"04","hour":"23","minutes":"00","seconds":"00"},"utc_start_date":"2020-12-04 20:00:00","utc_start_date_details":{"year":"2020","month":"12","day":"04","hour":"20","minutes":"00","seconds":"00"},"utc_end_date":"2020-12-04 22:00:00","utc_end_date_details":{"year":"2020","month":"12","day":"04","hour":"22","minutes":"00","seconds":"00"},"timezone":"Europe\/Paris","timezone_abbr":"CET","cost":"","cost_details":{"currency_symbol":"","currency_code":"","currency_position":"suffix","values":[]},"website":"","show_map":true,"show_map_link":false,"hide_from_listings":true,"sticky":false,"featured":false,"categories":[{"name":"musique","slug":"musique","term_group":0,"term_taxonomy_id":305,"taxonomy":"tribe_events_cat","description":"","parent":0,"count":238,"filter":"raw","id":305,"urls":{"self":"https:\/\/saisonsculturelleschaumont.fr\/mdxpuixt\/wp-json\/tribe\/events\/v1\/categories\/305","collection":"https:\/\/saisonsculturelleschaumont.fr\/mdxpuixt\/wp-json\/tribe\/events\/v1\/categories"}}],"tags":[{"name":"concert","slug":"concert","term_group":0,"term_taxonomy_id":51,"taxonomy":"post_tag","description":"","parent":0,"count":188,"filter":"raw","id":51,"urls":{"self":"https:\/\/saisonsculturelleschaumont.fr\/mdxpuixt\/wp-json\/tribe\/events\/v1\/tags\/51","collection":"https:\/\/saisonsculturelleschaumont.fr\/mdxpuixt\/wp-json\/tribe\/events\/v1\/tags"}},{"name":"d\u00e9couverte musicale","slug":"decouverte-musicale","term_group":0,"term_taxonomy_id":183,"taxonomy":"post_tag","description":"","parent":0,"count":5,"filter":"raw","id":183,"urls":{"self":"https:\/\/saisonsculturelleschaumont.fr\/mdxpuixt\/wp-json\/tribe\/events\/v1\/tags\/183","collection":"https:\/\/saisonsculturelleschaumont.fr\/mdxpuixt\/wp-json\/tribe\/events\/v1\/tags"}},{"name":"groupe local","slug":"groupe-local","term_group":0,"term_taxonomy_id":182,"taxonomy":"post_tag","description":"","parent":0,"count":4,"filter":"raw","id":182,"urls":{"self":"https:\/\/saisonsculturelleschaumont.fr\/mdxpuixt\/wp-json\/tribe\/events\/v1\/tags\/182","collection":"https:\/\/saisonsculturelleschaumont.fr\/mdxpuixt\/wp-json\/tribe\/events\/v1\/tags"}},{"name":"musique","slug":"musique","term_group":0,"term_taxonomy_id":99,"taxonomy":"post_tag","description":"","parent":0,"count":203,"filter":"raw","id":99,"urls":{"self":"https:\/\/saisonsculturelleschaumont.fr\/mdxpuixt\/wp-json\/tribe\/events\/v1\/tags\/99","collection":"https:\/\/saisonsculturelleschaumont.fr\/mdxpuixt\/wp-json\/tribe\/events\/v1\/tags"}},{"name":"sc\u00e8ne locale","slug":"scene-locale","term_group":0,"term_taxonomy_id":102,"taxonomy":"post_tag","description":"","parent":0,"count":4,"filter":"raw","id":102,"urls":{"self":"https:\/\/saisonsculturelleschaumont.fr\/mdxpuixt\/wp-json\/tribe\/events\/v1\/tags\/102","collection":"https:\/\/saisonsculturelleschaumont.fr\/mdxpuixt\/wp-json\/tribe\/events\/v1\/tags"}}],"venue":{"id":1183,"author":"3","status":"publish","date":"2019-07-11 19:35:32","date_utc":"2019-07-11 17:35:32","modified":"2020-02-11 21:40:30","modified_utc":"2020-02-11 20:40:30","url":"https:\/\/saisonsculturelleschaumont.fr\/mdxpuixt\/ou\/le-nouveau-relax\/","venue":"le nouveau relax","slug":"le-nouveau-relax","address":"15 bis rue L\u00e9vy-Alphand\u00e9ry","city":"Chaumont","country":"France","zip":"52000","phone":"03 25 01 68 80","website":"https:\/\/www.lenouveaurelax.fr","geo_lat":48.1074264,"geo_lng":5.1373537,"json_ld":{"@type":"Place","name":"le nouveau relax","description":"","url":"https:\/\/saisonsculturelleschaumont.fr\/mdxpuixt\/ou\/le-nouveau-relax\/","address":{"@type":"PostalAddress","streetAddress":"15 bis rue L\u00e9vy-Alphand\u00e9ry","addressLocality":"Chaumont","postalCode":"52000","addressCountry":"France"},"geo":{"@type":"GeoCoordinates","latitude":48.1074264,"longitude":5.1373537},"telephone":"03 25 01 68 80","sameAs":"https:\/\/www.lenouveaurelax.fr"},"show_map":true,"show_map_link":true,"global_id":"saisonsculturelleschaumont.fr\/mdxpuixt?id=1183","global_id_lineage":["saisonsculturelleschaumont.fr\/mdxpuixt?id=1183"]},"organizer":[{"id":2804,"author":"3","status":"publish","date":"2019-07-26 10:23:13","date_utc":"2019-07-26 08:23:13","modified":"2023-08-03 16:31:54","modified_utc":"2023-08-03 14:31:54","url":"https:\/\/saisonsculturelleschaumont.fr\/mdxpuixt\/qui\/actions-dans-la-ville\/","organizer":"dans la ville","description":"<p>Amener la culture dans l\u2019espace public, hors les murs, la rendre accessible \u00e0 tous, fait partie de la politique culturelle men\u00e9e par la Ville de Chaumont.\u00a0<\/p>\n<p>Concerts, cin\u00e9ma en plein air, th\u00e9\u00e2tre et cirque de rue, installations artistiques et interventions graphiques\u202f; place de l\u2019h\u00f4tel de ville, place des arts, march\u00e9 couvert, square du boulingrin, jardin agathe roullot\u202f: les disciplines et les lieux sont nombreux et vari\u00e9s.\u00a0\u00a0<\/p>\n<p>Les projets se veulent inclusifs, en lien avec le territoire, men\u00e9s avec tous les services de la collectivit\u00e9 pour faciliter leur mise en \u0153uvre, mais \u00e9galement avec le tissu associatif, les jeunes \u00e9tudiants et les commer\u00e7ants de Chaumont. Ils animent la ville, mettent en valeur le patrimoine local, et am\u00e8nent un v\u00e9ritable dialogue\u202f: une autre fa\u00e7on d\u2019\u00eatre ensemble, un pas vers la d\u00e9mocratisation culturelle.\u00a0<\/p>\n<p>Une mani\u00e8re d\u2019enrayer les d\u00e9terminismes sociaux, culturels ou \u00e9ducatifs comme l\u2019a promulgu\u00e9 le rapport de la MNACEP \u2013 Mission Nationale pour l\u2019Art et la Culture dans l\u2019Espace Public \u2013 mise en place par le Minist\u00e8re de la Culture en 2014. C\u2019est aller continuellement du dedans au dehors et vice et versa pour d\u00e9cloisonner les pratiques culturelles et investir les lieux les plus divers de tous types de formes d\u2019expression artistique.\u00a0<\/p>","slug":"actions-dans-la-ville","json_ld":{"@type":"Person","name":"dans la ville","description":"&lt;p&gt;Amener la culture dans l\u2019espace public, hors les murs, la rendre accessible \u00e0 tous, fait partie de la politique culturelle men\u00e9e par la Ville de Chaumont.\u00a0Concerts, cin\u00e9ma en plein air, [&hellip;]&lt;\/p&gt;\\n","url":"","telephone":"","email":"","sameAs":""},"global_id":"saisonsculturelleschaumont.fr\/mdxpuixt?id=2804","global_id_lineage":["saisonsculturelleschaumont.fr\/mdxpuixt?id=2804"]}],"json_ld":{"@context":"http:\/\/schema.org","@type":"Event","name":"Sc\u00e8ne Locale #22","description":"&lt;p&gt;Pour l\\'\u00e9dition #22 de nos sc\u00e8nes locales, la musique urbaine : rap et hip hop sont \u00e0 l\u2019honneur avec trois invit\u00e9s. Le premier, Arti, avec ses rythmes de musique trap [&hellip;]&lt;\/p&gt;\\n","image":"https:\/\/saisonsculturelleschaumont.fr\/mdxpuixt\/wp-content\/uploads\/2020\/07\/arti-\u00a9droits-r\u00e9serv\u00e9s-1.jpg","url":"https:\/\/saisonsculturelleschaumont.fr\/mdxpuixt\/evenement\/scene-locale-22-2\/","eventAttendanceMode":"https:\/\/schema.org\/OfflineEventAttendanceMode","eventStatus":"https:\/\/schema.org\/EventScheduled","startDate":"2020-12-04T21:00:00+01:00","endDate":"2020-12-04T23:00:00+01:00","location":{"@type":"Place","name":"le nouveau relax","description":"","url":"https:\/\/saisonsculturelleschaumont.fr\/mdxpuixt\/ou\/le-nouveau-relax\/","address":{"@type":"PostalAddress","streetAddress":"15 bis rue L\u00e9vy-Alphand\u00e9ry","addressLocality":"Chaumont","postalCode":"52000","addressCountry":"France"},"geo":{"@type":"GeoCoordinates","latitude":48.1074264,"longitude":5.1373537},"telephone":"03 25 01 68 80","sameAs":"https:\/\/www.lenouveaurelax.fr"},"organizer":{"@type":"Person","name":"dans la ville","description":"&lt;p&gt;Amener la culture dans l\u2019espace public, hors les murs, la rendre accessible \u00e0 tous, fait partie de la politique culturelle men\u00e9e par la Ville de Chaumont.\u00a0Concerts, cin\u00e9ma en plein air, [&hellip;]&lt;\/p&gt;\\n","url":"","telephone":"","email":"","sameAs":""},"performer":"Organization"},"event_bgcolor":"","event_text_color":""}