{"id":5668,"global_id":"saisonsculturelleschaumont.fr\/mdxpuixt?id=5668","global_id_lineage":["saisonsculturelleschaumont.fr\/mdxpuixt?id=5668"],"author":"3","status":"publish","date":"2020-08-27 17:13:27","date_utc":"2020-08-27 15:13:27","modified":"2020-09-02 09:04:15","modified_utc":"2020-09-02 07:04:15","url":"https:\/\/saisonsculturelleschaumont.fr\/mdxpuixt\/evenement\/la-mecanique-du-vent\/","rest_url":"https:\/\/saisonsculturelleschaumont.fr\/mdxpuixt\/wp-json\/tribe\/events\/v1\/events\/5668","title":"La M\u00e9canique du Vent","description":"<p>Compagnie Un Ch\u00e2teau en EspagneTH\u00c9\u00c2TRE<br \/>\nTARIF : 5\u20ac \/ 7\u20ac \/ 8\u20ac \/ SCOLAIRE<br \/>\nD\u00c8S 3 ANS<\/p>\n<p>Jeanne est assise et elle attend le vent. Comme \u00e7a, juste pour voir o\u00f9 il va et o\u00f9 il m\u00e8ne, se laisser bousculer. Murmurro l\u2019accompagne, avec son violoncelle.<br \/>\nQu\u2019est-ce qui bouge en nous quand on est d\u00e9plac\u00e9 par le vent ?<br \/>\nQu\u2019est-ce qu\u2019on laisse derri\u00e8re nous ?<br \/>\nEst-ce que tout cela peut se chanter ?<\/p>\n<p>Dans un d\u00e9cor de f\u00eate foraine, des ventilateurs, des m\u00e9canismes et des objets s\u2019animent et cr\u00e9ent un jeu po\u00e9tique et a\u00e9rien. Texte, images, musique et \u00e9l\u00e9ments sc\u00e9nographiques se d\u00e9ploient, questionnant ce qui nous retient et ce qui nous pousse. Entre \u00e9motion et plaisir de la d\u00e9couverte, on se laisse porter, on l\u00e2che nos terres premi\u00e8res \u2013 frimousses toutes offertes \u00e0 la brise \u2013 pour voir ce qu\u2019il advient\u2026 Ce spectacle pour les explorateurs en herbe invite \u00e0 r\u00eaver, imaginer, grandir, s\u2019envoler !<\/p>","excerpt":"","slug":"la-mecanique-du-vent","image":{"url":"https:\/\/saisonsculturelleschaumont.fr\/mdxpuixt\/wp-content\/uploads\/2020\/08\/LA-M\u00c9CANIQUE-DU-VENT-2-scaled-e1598540986787.jpg","id":5696,"extension":"jpg","width":650,"height":433,"sizes":{"medium":{"width":300,"height":300,"mime-type":"image\/jpeg","url":"https:\/\/saisonsculturelleschaumont.fr\/mdxpuixt\/wp-content\/uploads\/2020\/08\/LA-M\u00c9CANIQUE-DU-VENT-2-300x300.jpg"},"large":{"width":1030,"height":1030,"mime-type":"image\/jpeg","url":"https:\/\/saisonsculturelleschaumont.fr\/mdxpuixt\/wp-content\/uploads\/2020\/08\/LA-M\u00c9CANIQUE-DU-VENT-2-1030x1030.jpg"},"thumbnail":{"width":80,"height":80,"mime-type":"image\/jpeg","url":"https:\/\/saisonsculturelleschaumont.fr\/mdxpuixt\/wp-content\/uploads\/2020\/08\/LA-M\u00c9CANIQUE-DU-VENT-2-80x80.jpg"},"medium_large":{"width":768,"height":768,"mime-type":"image\/jpeg","url":"https:\/\/saisonsculturelleschaumont.fr\/mdxpuixt\/wp-content\/uploads\/2020\/08\/LA-M\u00c9CANIQUE-DU-VENT-2-768x768.jpg"},"1536x1536":{"width":1536,"height":1024,"mime-type":"image\/jpeg","url":"https:\/\/saisonsculturelleschaumont.fr\/mdxpuixt\/wp-content\/uploads\/2020\/08\/LA-M\u00c9CANIQUE-DU-VENT-2-1536x1024.jpg"},"2048x2048":{"width":2048,"height":1365,"mime-type":"image\/jpeg","url":"https:\/\/saisonsculturelleschaumont.fr\/mdxpuixt\/wp-content\/uploads\/2020\/08\/LA-M\u00c9CANIQUE-DU-VENT-2-2048x1365.jpg"},"fiat_thumb":{"width":60,"height":60,"mime-type":"image\/jpeg","url":"https:\/\/saisonsculturelleschaumont.fr\/mdxpuixt\/wp-content\/uploads\/2020\/08\/LA-M\u00c9CANIQUE-DU-VENT-2-60x60.jpg"},"widget":{"width":36,"height":36,"mime-type":"image\/jpeg","url":"https:\/\/saisonsculturelleschaumont.fr\/mdxpuixt\/wp-content\/uploads\/2020\/08\/LA-M\u00c9CANIQUE-DU-VENT-2-36x36.jpg"},"square":{"width":180,"height":180,"mime-type":"image\/jpeg","url":"https:\/\/saisonsculturelleschaumont.fr\/mdxpuixt\/wp-content\/uploads\/2020\/08\/LA-M\u00c9CANIQUE-DU-VENT-2-180x180.jpg"},"featured":{"width":1500,"height":430,"mime-type":"image\/jpeg","url":"https:\/\/saisonsculturelleschaumont.fr\/mdxpuixt\/wp-content\/uploads\/2020\/08\/LA-M\u00c9CANIQUE-DU-VENT-2-1500x430.jpg"},"featured_large":{"width":1500,"height":630,"mime-type":"image\/jpeg","url":"https:\/\/saisonsculturelleschaumont.fr\/mdxpuixt\/wp-content\/uploads\/2020\/08\/LA-M\u00c9CANIQUE-DU-VENT-2-1500x630.jpg"},"extra_large":{"width":1500,"height":1000,"mime-type":"image\/jpeg","url":"https:\/\/saisonsculturelleschaumont.fr\/mdxpuixt\/wp-content\/uploads\/2020\/08\/LA-M\u00c9CANIQUE-DU-VENT-2-1500x1000.jpg"},"portfolio":{"width":495,"height":400,"mime-type":"image\/jpeg","url":"https:\/\/saisonsculturelleschaumont.fr\/mdxpuixt\/wp-content\/uploads\/2020\/08\/LA-M\u00c9CANIQUE-DU-VENT-2-495x400.jpg"},"portfolio_small":{"width":260,"height":185,"mime-type":"image\/jpeg","url":"https:\/\/saisonsculturelleschaumont.fr\/mdxpuixt\/wp-content\/uploads\/2020\/08\/LA-M\u00c9CANIQUE-DU-VENT-2-260x185.jpg"},"gallery":{"width":845,"height":684,"mime-type":"image\/jpeg","url":"https:\/\/saisonsculturelleschaumont.fr\/mdxpuixt\/wp-content\/uploads\/2020\/08\/LA-M\u00c9CANIQUE-DU-VENT-2-845x684.jpg"},"magazine":{"width":710,"height":375,"mime-type":"image\/jpeg","url":"https:\/\/saisonsculturelleschaumont.fr\/mdxpuixt\/wp-content\/uploads\/2020\/08\/LA-M\u00c9CANIQUE-DU-VENT-2-710x375.jpg"},"masonry":{"width":705,"height":470,"mime-type":"image\/jpeg","url":"https:\/\/saisonsculturelleschaumont.fr\/mdxpuixt\/wp-content\/uploads\/2020\/08\/LA-M\u00c9CANIQUE-DU-VENT-2-705x470.jpg"},"entry_with_sidebar":{"width":845,"height":321,"mime-type":"image\/jpeg","url":"https:\/\/saisonsculturelleschaumont.fr\/mdxpuixt\/wp-content\/uploads\/2020\/08\/LA-M\u00c9CANIQUE-DU-VENT-2-845x321.jpg"},"entry_without_sidebar":{"width":1210,"height":423,"mime-type":"image\/jpeg","url":"https:\/\/saisonsculturelleschaumont.fr\/mdxpuixt\/wp-content\/uploads\/2020\/08\/LA-M\u00c9CANIQUE-DU-VENT-2-1210x423.jpg"}},"original_image":"LA-M\u00c9CANIQUE-DU-VENT-2.jpg"},"all_day":false,"start_date":"2020-11-28 11:00:00","start_date_details":{"year":"2020","month":"11","day":"28","hour":"11","minutes":"00","seconds":"00"},"end_date":"2020-11-28 11:40:00","end_date_details":{"year":"2020","month":"11","day":"28","hour":"11","minutes":"40","seconds":"00"},"utc_start_date":"2020-11-28 10:00:00","utc_start_date_details":{"year":"2020","month":"11","day":"28","hour":"10","minutes":"00","seconds":"00"},"utc_end_date":"2020-11-28 10:40:00","utc_end_date_details":{"year":"2020","month":"11","day":"28","hour":"10","minutes":"40","seconds":"00"},"timezone":"Europe\/Paris","timezone_abbr":"CET","cost":"","cost_details":{"currency_symbol":"","currency_code":"","currency_position":"suffix","values":[]},"website":"http:\/\/www.lenouveaurelax.fr\/la-mecanique-du-vent\/","show_map":true,"show_map_link":false,"hide_from_listings":true,"sticky":false,"featured":false,"categories":[{"name":"spectacle vivant","slug":"spectacle-vivant","term_group":0,"term_taxonomy_id":44,"taxonomy":"tribe_events_cat","description":"","parent":0,"count":148,"filter":"raw","id":44,"urls":{"self":"https:\/\/saisonsculturelleschaumont.fr\/mdxpuixt\/wp-json\/tribe\/events\/v1\/categories\/44","collection":"https:\/\/saisonsculturelleschaumont.fr\/mdxpuixt\/wp-json\/tribe\/events\/v1\/categories"}}],"tags":[{"name":"jeunesse","slug":"jeunesse","term_group":0,"term_taxonomy_id":117,"taxonomy":"post_tag","description":"","parent":0,"count":61,"filter":"raw","id":117,"urls":{"self":"https:\/\/saisonsculturelleschaumont.fr\/mdxpuixt\/wp-json\/tribe\/events\/v1\/tags\/117","collection":"https:\/\/saisonsculturelleschaumont.fr\/mdxpuixt\/wp-json\/tribe\/events\/v1\/tags"}},{"name":"spectacle","slug":"spectacle","term_group":0,"term_taxonomy_id":55,"taxonomy":"post_tag","description":"","parent":0,"count":114,"filter":"raw","id":55,"urls":{"self":"https:\/\/saisonsculturelleschaumont.fr\/mdxpuixt\/wp-json\/tribe\/events\/v1\/tags\/55","collection":"https:\/\/saisonsculturelleschaumont.fr\/mdxpuixt\/wp-json\/tribe\/events\/v1\/tags"}},{"name":"th\u00e9\u00e2tre","slug":"theatre","term_group":0,"term_taxonomy_id":106,"taxonomy":"post_tag","description":"","parent":0,"count":47,"filter":"raw","id":106,"urls":{"self":"https:\/\/saisonsculturelleschaumont.fr\/mdxpuixt\/wp-json\/tribe\/events\/v1\/tags\/106","collection":"https:\/\/saisonsculturelleschaumont.fr\/mdxpuixt\/wp-json\/tribe\/events\/v1\/tags"}}],"venue":{"id":1183,"author":"3","status":"publish","date":"2019-07-11 19:35:32","date_utc":"2019-07-11 17:35:32","modified":"2020-02-11 21:40:30","modified_utc":"2020-02-11 20:40:30","url":"https:\/\/saisonsculturelleschaumont.fr\/mdxpuixt\/ou\/le-nouveau-relax\/","venue":"le nouveau relax","slug":"le-nouveau-relax","address":"15 bis rue L\u00e9vy-Alphand\u00e9ry","city":"Chaumont","country":"France","zip":"52000","phone":"03 25 01 68 80","website":"https:\/\/www.lenouveaurelax.fr","geo_lat":48.1074264,"geo_lng":5.1373537,"json_ld":{"@type":"Place","name":"le nouveau relax","description":"","url":"https:\/\/saisonsculturelleschaumont.fr\/mdxpuixt\/ou\/le-nouveau-relax\/","address":{"@type":"PostalAddress","streetAddress":"15 bis rue L\u00e9vy-Alphand\u00e9ry","addressLocality":"Chaumont","postalCode":"52000","addressCountry":"France"},"geo":{"@type":"GeoCoordinates","latitude":48.1074264,"longitude":5.1373537},"telephone":"03 25 01 68 80","sameAs":"https:\/\/www.lenouveaurelax.fr"},"show_map":true,"show_map_link":true,"global_id":"saisonsculturelleschaumont.fr\/mdxpuixt?id=1183","global_id_lineage":["saisonsculturelleschaumont.fr\/mdxpuixt?id=1183"]},"organizer":[{"id":1192,"author":"3","status":"publish","date":"2019-07-11 19:36:09","date_utc":"2019-07-11 17:36:09","modified":"2020-02-11 21:38:24","modified_utc":"2020-02-11 20:38:24","url":"https:\/\/saisonsculturelleschaumont.fr\/mdxpuixt\/qui\/le-nouveau-relax\/","organizer":"le nouveau relax","slug":"le-nouveau-relax","phone":"03 25 01 68 80","website":"http:\/\/www.lenouveaurelax.fr\/","email":"accueil.theatre@ville-chaumont.fr","json_ld":{"@type":"Person","name":"le nouveau relax","description":"","url":"http:\/\/www.lenouveaurelax.fr\/","telephone":"03 25 01 68 80","email":"&#97;&#99;c&#117;&#101;&#105;l.&#116;he&#97;&#116;re&#64;&#118;i&#108;le&#45;&#99;h&#97;u&#109;ont.&#102;r","sameAs":"http:\/\/www.lenouveaurelax.fr\/"},"global_id":"saisonsculturelleschaumont.fr\/mdxpuixt?id=1192","global_id_lineage":["saisonsculturelleschaumont.fr\/mdxpuixt?id=1192"]}],"json_ld":{"@context":"http:\/\/schema.org","@type":"Event","name":"La M\u00e9canique du Vent","description":"&lt;p&gt;Compagnie Un Ch\u00e2teau en EspagneTH\u00c9\u00c2TRE TARIF : 5\u20ac \/ 7\u20ac \/ 8\u20ac \/ SCOLAIRE D\u00c8S 3 ANS Jeanne est assise et elle attend le vent. Comme \u00e7a, juste pour voir [&hellip;]&lt;\/p&gt;\\n","image":"https:\/\/saisonsculturelleschaumont.fr\/mdxpuixt\/wp-content\/uploads\/2020\/08\/LA-M\u00c9CANIQUE-DU-VENT-2-scaled-e1598540986787.jpg","url":"https:\/\/saisonsculturelleschaumont.fr\/mdxpuixt\/evenement\/la-mecanique-du-vent\/","eventAttendanceMode":"https:\/\/schema.org\/OfflineEventAttendanceMode","eventStatus":"https:\/\/schema.org\/EventScheduled","startDate":"2020-11-28T11:00:00+01:00","endDate":"2020-11-28T11:40:00+01:00","location":{"@type":"Place","name":"le nouveau relax","description":"","url":"https:\/\/saisonsculturelleschaumont.fr\/mdxpuixt\/ou\/le-nouveau-relax\/","address":{"@type":"PostalAddress","streetAddress":"15 bis rue L\u00e9vy-Alphand\u00e9ry","addressLocality":"Chaumont","postalCode":"52000","addressCountry":"France"},"geo":{"@type":"GeoCoordinates","latitude":48.1074264,"longitude":5.1373537},"telephone":"03 25 01 68 80","sameAs":"https:\/\/www.lenouveaurelax.fr"},"organizer":{"@type":"Person","name":"le nouveau relax","description":"","url":"http:\/\/www.lenouveaurelax.fr\/","telephone":"03 25 01 68 80","email":"&#97;cc&#117;e&#105;l&#46;t&#104;eat&#114;&#101;&#64;vil&#108;e-&#99;h&#97;&#117;&#109;&#111;&#110;t&#46;&#102;&#114;","sameAs":"http:\/\/www.lenouveaurelax.fr\/"},"performer":"Organization"},"event_bgcolor":"","event_text_color":""}