{"id":6080,"global_id":"saisonsculturelleschaumont.fr\/mdxpuixt?id=6080","global_id_lineage":["saisonsculturelleschaumont.fr\/mdxpuixt?id=6080"],"author":"3","status":"publish","date":"2021-03-10 11:44:09","date_utc":"2021-03-10 10:44:09","modified":"2021-06-17 16:49:24","modified_utc":"2021-06-17 14:49:24","url":"https:\/\/saisonsculturelleschaumont.fr\/mdxpuixt\/evenement\/fresque-gwen-keraval\/","rest_url":"https:\/\/saisonsculturelleschaumont.fr\/mdxpuixt\/wp-json\/tribe\/events\/v1\/events\/6080","title":"fresque &#8211; Gwen Keraval","description":"<p>Gwen Keraval est le quatri\u00e8me artiste \u00e0 donner vie aux panneaux du march\u00e9 couvert de Chaumont ! Illustrateur de nombreux livres pour enfants, mais aussi dessinateur de presse reconnu outre-Atlantique, Gwen Keraval est un artiste accompli. Les magazines l\u2019Express et le Point en France, The Washington Post et The Boston Globe aux \u00c9tats-Unis, pour ne citer qu\u2019eux, lui font confiance depuis des ann\u00e9es. Avec son style n\u00e9o-constructiviste, ses palettes de couleurs pr\u00e9cises, son coup de crayon reconnaissable entre mille, Gwen Keraval nous offre, \u00e0 travers ses dessins, un regard personnel, p\u00e9dagogique et critique. Il aborde des sujets d\u2019actualit\u00e9 de mani\u00e8re authentique et simple, parfois teint\u00e9s humour, ce qui rend son interpr\u00e9tation particuli\u00e8rement impactante. Il a accept\u00e9 de donner le ton \u00e0 notre saison sur le th\u00e8me des \u00e9critures et des images en abordant l\u2019histoire de l\u2019\u00e9criture.<\/p>","excerpt":"","slug":"fresque-gwen-keraval","image":{"url":"https:\/\/saisonsculturelleschaumont.fr\/mdxpuixt\/wp-content\/uploads\/2021\/03\/LA-Times-Cover-3_1340_c-e1615373044947.jpg","id":6150,"extension":"jpg","width":650,"height":691,"sizes":{"medium":{"width":300,"height":300,"mime-type":"image\/jpeg","url":"https:\/\/saisonsculturelleschaumont.fr\/mdxpuixt\/wp-content\/uploads\/2021\/03\/LA-Times-Cover-3_1340_c-300x300.jpg"},"large":{"width":1030,"height":1030,"mime-type":"image\/jpeg","url":"https:\/\/saisonsculturelleschaumont.fr\/mdxpuixt\/wp-content\/uploads\/2021\/03\/LA-Times-Cover-3_1340_c-1030x1030.jpg"},"thumbnail":{"width":80,"height":80,"mime-type":"image\/jpeg","url":"https:\/\/saisonsculturelleschaumont.fr\/mdxpuixt\/wp-content\/uploads\/2021\/03\/LA-Times-Cover-3_1340_c-80x80.jpg"},"medium_large":{"width":768,"height":768,"mime-type":"image\/jpeg","url":"https:\/\/saisonsculturelleschaumont.fr\/mdxpuixt\/wp-content\/uploads\/2021\/03\/LA-Times-Cover-3_1340_c-768x768.jpg"},"fiat_thumb":{"width":60,"height":60,"mime-type":"image\/jpeg","url":"https:\/\/saisonsculturelleschaumont.fr\/mdxpuixt\/wp-content\/uploads\/2021\/03\/LA-Times-Cover-3_1340_c-60x60.jpg"},"widget":{"width":36,"height":36,"mime-type":"image\/jpeg","url":"https:\/\/saisonsculturelleschaumont.fr\/mdxpuixt\/wp-content\/uploads\/2021\/03\/LA-Times-Cover-3_1340_c-36x36.jpg"},"square":{"width":180,"height":180,"mime-type":"image\/jpeg","url":"https:\/\/saisonsculturelleschaumont.fr\/mdxpuixt\/wp-content\/uploads\/2021\/03\/LA-Times-Cover-3_1340_c-180x180.jpg"},"featured":{"width":1340,"height":430,"mime-type":"image\/jpeg","url":"https:\/\/saisonsculturelleschaumont.fr\/mdxpuixt\/wp-content\/uploads\/2021\/03\/LA-Times-Cover-3_1340_c-1340x430.jpg"},"featured_large":{"width":1340,"height":630,"mime-type":"image\/jpeg","url":"https:\/\/saisonsculturelleschaumont.fr\/mdxpuixt\/wp-content\/uploads\/2021\/03\/LA-Times-Cover-3_1340_c-1340x630.jpg"},"portfolio":{"width":495,"height":400,"mime-type":"image\/jpeg","url":"https:\/\/saisonsculturelleschaumont.fr\/mdxpuixt\/wp-content\/uploads\/2021\/03\/LA-Times-Cover-3_1340_c-495x400.jpg"},"portfolio_small":{"width":260,"height":185,"mime-type":"image\/jpeg","url":"https:\/\/saisonsculturelleschaumont.fr\/mdxpuixt\/wp-content\/uploads\/2021\/03\/LA-Times-Cover-3_1340_c-260x185.jpg"},"gallery":{"width":845,"height":684,"mime-type":"image\/jpeg","url":"https:\/\/saisonsculturelleschaumont.fr\/mdxpuixt\/wp-content\/uploads\/2021\/03\/LA-Times-Cover-3_1340_c-845x684.jpg"},"magazine":{"width":710,"height":375,"mime-type":"image\/jpeg","url":"https:\/\/saisonsculturelleschaumont.fr\/mdxpuixt\/wp-content\/uploads\/2021\/03\/LA-Times-Cover-3_1340_c-710x375.jpg"},"masonry":{"width":663,"height":705,"mime-type":"image\/jpeg","url":"https:\/\/saisonsculturelleschaumont.fr\/mdxpuixt\/wp-content\/uploads\/2021\/03\/LA-Times-Cover-3_1340_c-663x705.jpg"},"entry_with_sidebar":{"width":845,"height":321,"mime-type":"image\/jpeg","url":"https:\/\/saisonsculturelleschaumont.fr\/mdxpuixt\/wp-content\/uploads\/2021\/03\/LA-Times-Cover-3_1340_c-845x321.jpg"},"entry_without_sidebar":{"width":1210,"height":423,"mime-type":"image\/jpeg","url":"https:\/\/saisonsculturelleschaumont.fr\/mdxpuixt\/wp-content\/uploads\/2021\/03\/LA-Times-Cover-3_1340_c-1210x423.jpg"}}},"all_day":true,"start_date":"2021-03-29 00:00:00","start_date_details":{"year":"2021","month":"03","day":"29","hour":"00","minutes":"00","seconds":"00"},"end_date":"2021-09-05 00:00:00","end_date_details":{"year":"2021","month":"09","day":"05","hour":"00","minutes":"00","seconds":"00"},"utc_start_date":"2021-03-28 22:00:00","utc_start_date_details":{"year":"2021","month":"03","day":"28","hour":"22","minutes":"00","seconds":"00"},"utc_end_date":"2021-09-04 22:00:00","utc_end_date_details":{"year":"2021","month":"09","day":"04","hour":"22","minutes":"00","seconds":"00"},"timezone":"Europe\/Paris","timezone_abbr":"CEST","cost":"","cost_details":{"currency_symbol":"","currency_code":"","currency_position":"suffix","values":[]},"website":"","show_map":true,"show_map_link":false,"hide_from_listings":true,"sticky":false,"featured":false,"categories":[{"name":"graphisme dans la ville","slug":"graphisme-dans-la-ville","term_group":0,"term_taxonomy_id":41,"taxonomy":"tribe_events_cat","description":"","parent":0,"count":22,"filter":"raw","id":41,"urls":{"self":"https:\/\/saisonsculturelleschaumont.fr\/mdxpuixt\/wp-json\/tribe\/events\/v1\/categories\/41","collection":"https:\/\/saisonsculturelleschaumont.fr\/mdxpuixt\/wp-json\/tribe\/events\/v1\/categories"}}],"tags":[{"name":"art","slug":"art","term_group":0,"term_taxonomy_id":87,"taxonomy":"post_tag","description":"","parent":0,"count":104,"filter":"raw","id":87,"urls":{"self":"https:\/\/saisonsculturelleschaumont.fr\/mdxpuixt\/wp-json\/tribe\/events\/v1\/tags\/87","collection":"https:\/\/saisonsculturelleschaumont.fr\/mdxpuixt\/wp-json\/tribe\/events\/v1\/tags"}},{"name":"graphisme","slug":"graphisme","term_group":0,"term_taxonomy_id":81,"taxonomy":"post_tag","description":"","parent":0,"count":110,"filter":"raw","id":81,"urls":{"self":"https:\/\/saisonsculturelleschaumont.fr\/mdxpuixt\/wp-json\/tribe\/events\/v1\/tags\/81","collection":"https:\/\/saisonsculturelleschaumont.fr\/mdxpuixt\/wp-json\/tribe\/events\/v1\/tags"}},{"name":"peinture","slug":"peinture","term_group":0,"term_taxonomy_id":79,"taxonomy":"post_tag","description":"","parent":0,"count":22,"filter":"raw","id":79,"urls":{"self":"https:\/\/saisonsculturelleschaumont.fr\/mdxpuixt\/wp-json\/tribe\/events\/v1\/tags\/79","collection":"https:\/\/saisonsculturelleschaumont.fr\/mdxpuixt\/wp-json\/tribe\/events\/v1\/tags"}}],"venue":{"id":2960,"author":"3","status":"publish","date":"2019-08-02 14:31:22","date_utc":"2019-08-02 12:31:22","modified":"2019-08-24 16:58:37","modified_utc":"2019-08-24 14:58:37","url":"https:\/\/saisonsculturelleschaumont.fr\/mdxpuixt\/ou\/le-marche-couvert\/","venue":"le march\u00e9 couvert","slug":"le-marche-couvert","address":"23 bis rue Georges Cl\u00e9menceau","city":"CHAUMONT","zip":"52 000","json_ld":{"@type":"Place","name":"le march\u00e9 couvert","description":"","url":"https:\/\/saisonsculturelleschaumont.fr\/mdxpuixt\/ou\/le-marche-couvert\/","address":{"@type":"PostalAddress","streetAddress":"23 bis rue Georges Cl\u00e9menceau","addressLocality":"CHAUMONT","postalCode":"52 000"},"telephone":"","sameAs":""},"show_map":true,"show_map_link":true,"global_id":"saisonsculturelleschaumont.fr\/mdxpuixt?id=2960","global_id_lineage":["saisonsculturelleschaumont.fr\/mdxpuixt?id=2960"]},"organizer":[{"id":2804,"author":"3","status":"publish","date":"2019-07-26 10:23:13","date_utc":"2019-07-26 08:23:13","modified":"2023-08-03 16:31:54","modified_utc":"2023-08-03 14:31:54","url":"https:\/\/saisonsculturelleschaumont.fr\/mdxpuixt\/qui\/actions-dans-la-ville\/","organizer":"dans la ville","description":"<p>Amener la culture dans l\u2019espace public, hors les murs, la rendre accessible \u00e0 tous, fait partie de la politique culturelle men\u00e9e par la Ville de Chaumont.\u00a0<\/p>\n<p>Concerts, cin\u00e9ma en plein air, th\u00e9\u00e2tre et cirque de rue, installations artistiques et interventions graphiques\u202f; place de l\u2019h\u00f4tel de ville, place des arts, march\u00e9 couvert, square du boulingrin, jardin agathe roullot\u202f: les disciplines et les lieux sont nombreux et vari\u00e9s.\u00a0\u00a0<\/p>\n<p>Les projets se veulent inclusifs, en lien avec le territoire, men\u00e9s avec tous les services de la collectivit\u00e9 pour faciliter leur mise en \u0153uvre, mais \u00e9galement avec le tissu associatif, les jeunes \u00e9tudiants et les commer\u00e7ants de Chaumont. Ils animent la ville, mettent en valeur le patrimoine local, et am\u00e8nent un v\u00e9ritable dialogue\u202f: une autre fa\u00e7on d\u2019\u00eatre ensemble, un pas vers la d\u00e9mocratisation culturelle.\u00a0<\/p>\n<p>Une mani\u00e8re d\u2019enrayer les d\u00e9terminismes sociaux, culturels ou \u00e9ducatifs comme l\u2019a promulgu\u00e9 le rapport de la MNACEP \u2013 Mission Nationale pour l\u2019Art et la Culture dans l\u2019Espace Public \u2013 mise en place par le Minist\u00e8re de la Culture en 2014. C\u2019est aller continuellement du dedans au dehors et vice et versa pour d\u00e9cloisonner les pratiques culturelles et investir les lieux les plus divers de tous types de formes d\u2019expression artistique.\u00a0<\/p>","slug":"actions-dans-la-ville","json_ld":{"@type":"Person","name":"dans la ville","description":"&lt;p&gt;Amener la culture dans l\u2019espace public, hors les murs, la rendre accessible \u00e0 tous, fait partie de la politique culturelle men\u00e9e par la Ville de Chaumont.\u00a0Concerts, cin\u00e9ma en plein air, [&hellip;]&lt;\/p&gt;\\n","url":"","telephone":"","email":"","sameAs":""},"global_id":"saisonsculturelleschaumont.fr\/mdxpuixt?id=2804","global_id_lineage":["saisonsculturelleschaumont.fr\/mdxpuixt?id=2804"]}],"json_ld":{"@context":"http:\/\/schema.org","@type":"Event","name":"fresque &#8211; Gwen Keraval","description":"&lt;p&gt;Gwen Keraval est le quatri\u00e8me artiste \u00e0 donner vie aux panneaux du march\u00e9 couvert de Chaumont ! Illustrateur de nombreux livres pour enfants, mais aussi dessinateur de presse reconnu outre-Atlantique, [&hellip;]&lt;\/p&gt;\\n","image":"https:\/\/saisonsculturelleschaumont.fr\/mdxpuixt\/wp-content\/uploads\/2021\/03\/LA-Times-Cover-3_1340_c-e1615373044947.jpg","url":"https:\/\/saisonsculturelleschaumont.fr\/mdxpuixt\/evenement\/fresque-gwen-keraval\/","eventAttendanceMode":"https:\/\/schema.org\/OfflineEventAttendanceMode","eventStatus":"https:\/\/schema.org\/EventScheduled","startDate":"2021-03-29T00:00:00+02:00","endDate":"2021-09-05T00:00:00+02:00","location":{"@type":"Place","name":"le march\u00e9 couvert","description":"","url":"https:\/\/saisonsculturelleschaumont.fr\/mdxpuixt\/ou\/le-marche-couvert\/","address":{"@type":"PostalAddress","streetAddress":"23 bis rue Georges Cl\u00e9menceau","addressLocality":"CHAUMONT","postalCode":"52 000"},"telephone":"","sameAs":""},"organizer":{"@type":"Person","name":"dans la ville","description":"&lt;p&gt;Amener la culture dans l\u2019espace public, hors les murs, la rendre accessible \u00e0 tous, fait partie de la politique culturelle men\u00e9e par la Ville de Chaumont.\u00a0Concerts, cin\u00e9ma en plein air, [&hellip;]&lt;\/p&gt;\\n","url":"","telephone":"","email":"","sameAs":""},"performer":"Organization"},"event_bgcolor":"","event_text_color":""}