{"id":6284,"global_id":"saisonsculturelleschaumont.fr\/mdxpuixt?id=6284","global_id_lineage":["saisonsculturelleschaumont.fr\/mdxpuixt?id=6284"],"author":"3","status":"publish","date":"2021-12-31 00:00:00","date_utc":"2021-12-30 23:00:00","modified":"2022-02-21 16:40:57","modified_utc":"2022-02-21 15:40:57","url":"https:\/\/saisonsculturelleschaumont.fr\/mdxpuixt\/evenement\/demo-design-in-motion-festival\/","rest_url":"https:\/\/saisonsculturelleschaumont.fr\/mdxpuixt\/wp-json\/tribe\/events\/v1\/events\/6284","title":"Demo (design in motion) Festival","description":"<p>La premi\u00e8re \u00e9dition du Design in Motion Festival (DEMO) s\u2019est tenue le 7 novembre 2019 \u00e0 la garecentrale d&rsquo;Amsterdam. Premier festival du genre, DEMO a pr\u00e9sent\u00e9 pendant 24 heures sur 80 \u00e9crans<br \/>\nnum\u00e9riques dans toute la station, une s\u00e9lection de pi\u00e8ces anim\u00e9es des studios, designers, talents<br \/>\n\u00e9mergents et acad\u00e9mies du monde entier.<br \/>\nAinsi 2700 propositions de motion design en provenance de plus de 70 pays ont \u00e9t\u00e9 s\u00e9lectionn\u00e9es par le<br \/>\ncomit\u00e9 de DEMO, constitu\u00e9 de Liza Enebeis, directrice de la cr\u00e9ation Studio Dumbar, Koos Breen,<br \/>\nconcepteur interdisciplinaire et Xavier Monney, graphiste et motion designer. Parmis 11 th\u00e8mes tels que<br \/>\n\u00abHappy Hour\u00bb, \u00abBetter than Real\u00bb, \u00abStranger Things\u00bb et \u00abType Only\u00bb, les 400 pi\u00e8ces en mouvement<br \/>\ndes 253 designers en provenance de 37 pays ont propos\u00e9 un programme qui changeait toutes les<br \/>\nheures, cr\u00e9ant une toute nouvelle exp\u00e9rience sur les \u00e9crans d\u2019affichages digitaux aux visiteurs de cette<br \/>\ngalerie constitu\u00e9e pour l\u2019occasion, lieu de transit qu\u2019est la gare d\u2019Amsterdam.<br \/>\nDans un dispositif in\u00e9dit, sera propos\u00e9 tant dans les rues de Chaumont \u00e0 l\u2019automne que dans l\u2019espace<br \/>\ndu Signe d\u00e8s l\u2019ouverture de la Biennale, un programme renouvel\u00e9 des propositions artistiques mettant<br \/>\nen \u0153uvre ces images-temps, ces images-mouvement.<\/p>\n<p>Acc\u00e8s libre pour tous et sans r\u00e9servation.<\/p>","excerpt":"","slug":"demo-design-in-motion-festival","image":{"url":"https:\/\/saisonsculturelleschaumont.fr\/mdxpuixt\/wp-content\/uploads\/2021\/03\/3.a-DEMO-Festival1-scaled-e1616495629945.jpg","id":6314,"extension":"jpg","width":650,"height":433,"sizes":{"medium":{"width":300,"height":300,"mime-type":"image\/jpeg","url":"https:\/\/saisonsculturelleschaumont.fr\/mdxpuixt\/wp-content\/uploads\/2021\/03\/3.a-DEMO-Festival1-300x300.jpg"},"large":{"width":1030,"height":1030,"mime-type":"image\/jpeg","url":"https:\/\/saisonsculturelleschaumont.fr\/mdxpuixt\/wp-content\/uploads\/2021\/03\/3.a-DEMO-Festival1-1030x1030.jpg"},"thumbnail":{"width":80,"height":80,"mime-type":"image\/jpeg","url":"https:\/\/saisonsculturelleschaumont.fr\/mdxpuixt\/wp-content\/uploads\/2021\/03\/3.a-DEMO-Festival1-80x80.jpg"},"medium_large":{"width":768,"height":768,"mime-type":"image\/jpeg","url":"https:\/\/saisonsculturelleschaumont.fr\/mdxpuixt\/wp-content\/uploads\/2021\/03\/3.a-DEMO-Festival1-768x768.jpg"},"1536x1536":{"width":1536,"height":1024,"mime-type":"image\/jpeg","url":"https:\/\/saisonsculturelleschaumont.fr\/mdxpuixt\/wp-content\/uploads\/2021\/03\/3.a-DEMO-Festival1-1536x1024.jpg"},"2048x2048":{"width":2048,"height":1365,"mime-type":"image\/jpeg","url":"https:\/\/saisonsculturelleschaumont.fr\/mdxpuixt\/wp-content\/uploads\/2021\/03\/3.a-DEMO-Festival1-2048x1365.jpg"},"fiat_thumb":{"width":60,"height":60,"mime-type":"image\/jpeg","url":"https:\/\/saisonsculturelleschaumont.fr\/mdxpuixt\/wp-content\/uploads\/2021\/03\/3.a-DEMO-Festival1-60x60.jpg"},"widget":{"width":36,"height":36,"mime-type":"image\/jpeg","url":"https:\/\/saisonsculturelleschaumont.fr\/mdxpuixt\/wp-content\/uploads\/2021\/03\/3.a-DEMO-Festival1-36x36.jpg"},"square":{"width":180,"height":180,"mime-type":"image\/jpeg","url":"https:\/\/saisonsculturelleschaumont.fr\/mdxpuixt\/wp-content\/uploads\/2021\/03\/3.a-DEMO-Festival1-180x180.jpg"},"featured":{"width":1500,"height":430,"mime-type":"image\/jpeg","url":"https:\/\/saisonsculturelleschaumont.fr\/mdxpuixt\/wp-content\/uploads\/2021\/03\/3.a-DEMO-Festival1-1500x430.jpg"},"featured_large":{"width":1500,"height":630,"mime-type":"image\/jpeg","url":"https:\/\/saisonsculturelleschaumont.fr\/mdxpuixt\/wp-content\/uploads\/2021\/03\/3.a-DEMO-Festival1-1500x630.jpg"},"extra_large":{"width":1500,"height":1000,"mime-type":"image\/jpeg","url":"https:\/\/saisonsculturelleschaumont.fr\/mdxpuixt\/wp-content\/uploads\/2021\/03\/3.a-DEMO-Festival1-1500x1000.jpg"},"portfolio":{"width":495,"height":400,"mime-type":"image\/jpeg","url":"https:\/\/saisonsculturelleschaumont.fr\/mdxpuixt\/wp-content\/uploads\/2021\/03\/3.a-DEMO-Festival1-495x400.jpg"},"portfolio_small":{"width":260,"height":185,"mime-type":"image\/jpeg","url":"https:\/\/saisonsculturelleschaumont.fr\/mdxpuixt\/wp-content\/uploads\/2021\/03\/3.a-DEMO-Festival1-260x185.jpg"},"gallery":{"width":845,"height":684,"mime-type":"image\/jpeg","url":"https:\/\/saisonsculturelleschaumont.fr\/mdxpuixt\/wp-content\/uploads\/2021\/03\/3.a-DEMO-Festival1-845x684.jpg"},"magazine":{"width":710,"height":375,"mime-type":"image\/jpeg","url":"https:\/\/saisonsculturelleschaumont.fr\/mdxpuixt\/wp-content\/uploads\/2021\/03\/3.a-DEMO-Festival1-710x375.jpg"},"masonry":{"width":705,"height":470,"mime-type":"image\/jpeg","url":"https:\/\/saisonsculturelleschaumont.fr\/mdxpuixt\/wp-content\/uploads\/2021\/03\/3.a-DEMO-Festival1-705x470.jpg"},"entry_with_sidebar":{"width":845,"height":321,"mime-type":"image\/jpeg","url":"https:\/\/saisonsculturelleschaumont.fr\/mdxpuixt\/wp-content\/uploads\/2021\/03\/3.a-DEMO-Festival1-845x321.jpg"},"entry_without_sidebar":{"width":1210,"height":423,"mime-type":"image\/jpeg","url":"https:\/\/saisonsculturelleschaumont.fr\/mdxpuixt\/wp-content\/uploads\/2021\/03\/3.a-DEMO-Festival1-1210x423.jpg"}},"original_image":"3.a-DEMO-Festival1.jpg"},"all_day":false,"start_date":"2021-05-05 14:00:00","start_date_details":{"year":"2021","month":"05","day":"05","hour":"14","minutes":"00","seconds":"00"},"end_date":"2022-03-27 18:00:00","end_date_details":{"year":"2022","month":"03","day":"27","hour":"18","minutes":"00","seconds":"00"},"utc_start_date":"2021-05-05 12:00:00","utc_start_date_details":{"year":"2021","month":"05","day":"05","hour":"12","minutes":"00","seconds":"00"},"utc_end_date":"2022-03-27 16:00:00","utc_end_date_details":{"year":"2022","month":"03","day":"27","hour":"16","minutes":"00","seconds":"00"},"timezone":"Europe\/Paris","timezone_abbr":"CEST","cost":"","cost_details":{"currency_symbol":"","currency_code":"","currency_position":"suffix","values":[]},"website":"https:\/\/www.centrenationaldugraphisme.fr\/biennale\/2021","show_map":false,"show_map_link":false,"hide_from_listings":true,"sticky":false,"featured":false,"categories":[{"name":"arts visuels","slug":"arts-visuels","term_group":0,"term_taxonomy_id":42,"taxonomy":"tribe_events_cat","description":"","parent":0,"count":187,"filter":"raw","id":42,"urls":{"self":"https:\/\/saisonsculturelleschaumont.fr\/mdxpuixt\/wp-json\/tribe\/events\/v1\/categories\/42","collection":"https:\/\/saisonsculturelleschaumont.fr\/mdxpuixt\/wp-json\/tribe\/events\/v1\/categories"}}],"tags":[{"name":"art","slug":"art","term_group":0,"term_taxonomy_id":87,"taxonomy":"post_tag","description":"","parent":0,"count":104,"filter":"raw","id":87,"urls":{"self":"https:\/\/saisonsculturelleschaumont.fr\/mdxpuixt\/wp-json\/tribe\/events\/v1\/tags\/87","collection":"https:\/\/saisonsculturelleschaumont.fr\/mdxpuixt\/wp-json\/tribe\/events\/v1\/tags"}},{"name":"cr\u00e9ation","slug":"creation","term_group":0,"term_taxonomy_id":136,"taxonomy":"post_tag","description":"","parent":0,"count":97,"filter":"raw","id":136,"urls":{"self":"https:\/\/saisonsculturelleschaumont.fr\/mdxpuixt\/wp-json\/tribe\/events\/v1\/tags\/136","collection":"https:\/\/saisonsculturelleschaumont.fr\/mdxpuixt\/wp-json\/tribe\/events\/v1\/tags"}},{"name":"culture","slug":"culture","term_group":0,"term_taxonomy_id":130,"taxonomy":"post_tag","description":"","parent":0,"count":106,"filter":"raw","id":130,"urls":{"self":"https:\/\/saisonsculturelleschaumont.fr\/mdxpuixt\/wp-json\/tribe\/events\/v1\/tags\/130","collection":"https:\/\/saisonsculturelleschaumont.fr\/mdxpuixt\/wp-json\/tribe\/events\/v1\/tags"}},{"name":"d\u00e9ambulation","slug":"deambulation","term_group":0,"term_taxonomy_id":67,"taxonomy":"post_tag","description":"","parent":0,"count":16,"filter":"raw","id":67,"urls":{"self":"https:\/\/saisonsculturelleschaumont.fr\/mdxpuixt\/wp-json\/tribe\/events\/v1\/tags\/67","collection":"https:\/\/saisonsculturelleschaumont.fr\/mdxpuixt\/wp-json\/tribe\/events\/v1\/tags"}},{"name":"exposition","slug":"exposition","term_group":0,"term_taxonomy_id":50,"taxonomy":"post_tag","description":"","parent":0,"count":135,"filter":"raw","id":50,"urls":{"self":"https:\/\/saisonsculturelleschaumont.fr\/mdxpuixt\/wp-json\/tribe\/events\/v1\/tags\/50","collection":"https:\/\/saisonsculturelleschaumont.fr\/mdxpuixt\/wp-json\/tribe\/events\/v1\/tags"}},{"name":"graphisme","slug":"graphisme","term_group":0,"term_taxonomy_id":81,"taxonomy":"post_tag","description":"","parent":0,"count":110,"filter":"raw","id":81,"urls":{"self":"https:\/\/saisonsculturelleschaumont.fr\/mdxpuixt\/wp-json\/tribe\/events\/v1\/tags\/81","collection":"https:\/\/saisonsculturelleschaumont.fr\/mdxpuixt\/wp-json\/tribe\/events\/v1\/tags"}},{"name":"signe","slug":"signe","term_group":0,"term_taxonomy_id":83,"taxonomy":"post_tag","description":"","parent":0,"count":50,"filter":"raw","id":83,"urls":{"self":"https:\/\/saisonsculturelleschaumont.fr\/mdxpuixt\/wp-json\/tribe\/events\/v1\/tags\/83","collection":"https:\/\/saisonsculturelleschaumont.fr\/mdxpuixt\/wp-json\/tribe\/events\/v1\/tags"}}],"venue":{"id":3505,"author":"3","status":"publish","date":"2019-08-24 16:58:08","date_utc":"2019-08-24 14:58:08","modified":"2019-08-24 16:58:08","modified_utc":"2019-08-24 14:58:08","url":"https:\/\/saisonsculturelleschaumont.fr\/mdxpuixt\/ou\/le-signe\/","venue":"le signe","slug":"le-signe","address":"1 place Emile Goguenheim","city":"Chaumont","zip":"52000","phone":"0325357901","website":"https:\/\/centrenationaldugraphisme.fr\/#home","json_ld":{"@type":"Place","name":"le signe","description":"","url":"https:\/\/saisonsculturelleschaumont.fr\/mdxpuixt\/ou\/le-signe\/","address":{"@type":"PostalAddress","streetAddress":"1 place Emile Goguenheim","addressLocality":"Chaumont","postalCode":"52000"},"telephone":"0325357901","sameAs":"https:\/\/centrenationaldugraphisme.fr\/#home"},"show_map":true,"show_map_link":true,"global_id":"saisonsculturelleschaumont.fr\/mdxpuixt?id=3505","global_id_lineage":["saisonsculturelleschaumont.fr\/mdxpuixt?id=3505"]},"organizer":[{"id":2907,"author":"3","status":"publish","date":"2019-07-11 19:36:09","date_utc":"2019-07-11 17:36:09","modified":"2020-02-15 01:12:17","modified_utc":"2020-02-15 00:12:17","url":"https:\/\/saisonsculturelleschaumont.fr\/mdxpuixt\/qui\/le-signe\/","organizer":"le signe","slug":"le-signe","image":{"url":"https:\/\/saisonsculturelleschaumont.fr\/mdxpuixt\/wp-content\/uploads\/2020\/02\/SIGNE-LOGO-org.jpg","id":5241,"extension":"jpg","width":600,"height":473,"sizes":{"medium":{"width":300,"height":300,"mime-type":"image\/jpeg","url":"https:\/\/saisonsculturelleschaumont.fr\/mdxpuixt\/wp-content\/uploads\/2020\/02\/SIGNE-LOGO-org-300x300.jpg"},"thumbnail":{"width":80,"height":80,"mime-type":"image\/jpeg","url":"https:\/\/saisonsculturelleschaumont.fr\/mdxpuixt\/wp-content\/uploads\/2020\/02\/SIGNE-LOGO-org-80x80.jpg"},"fiat_thumb":{"width":60,"height":60,"mime-type":"image\/jpeg","url":"https:\/\/saisonsculturelleschaumont.fr\/mdxpuixt\/wp-content\/uploads\/2020\/02\/SIGNE-LOGO-org-60x60.jpg"},"widget":{"width":36,"height":36,"mime-type":"image\/jpeg","url":"https:\/\/saisonsculturelleschaumont.fr\/mdxpuixt\/wp-content\/uploads\/2020\/02\/SIGNE-LOGO-org-36x36.jpg"},"square":{"width":180,"height":180,"mime-type":"image\/jpeg","url":"https:\/\/saisonsculturelleschaumont.fr\/mdxpuixt\/wp-content\/uploads\/2020\/02\/SIGNE-LOGO-org-180x180.jpg"},"featured":{"width":600,"height":430,"mime-type":"image\/jpeg","url":"https:\/\/saisonsculturelleschaumont.fr\/mdxpuixt\/wp-content\/uploads\/2020\/02\/SIGNE-LOGO-org-600x430.jpg"},"portfolio":{"width":495,"height":400,"mime-type":"image\/jpeg","url":"https:\/\/saisonsculturelleschaumont.fr\/mdxpuixt\/wp-content\/uploads\/2020\/02\/SIGNE-LOGO-org-495x400.jpg"},"portfolio_small":{"width":260,"height":185,"mime-type":"image\/jpeg","url":"https:\/\/saisonsculturelleschaumont.fr\/mdxpuixt\/wp-content\/uploads\/2020\/02\/SIGNE-LOGO-org-260x185.jpg"},"magazine":{"width":600,"height":375,"mime-type":"image\/jpeg","url":"https:\/\/saisonsculturelleschaumont.fr\/mdxpuixt\/wp-content\/uploads\/2020\/02\/SIGNE-LOGO-org-600x375.jpg"},"entry_with_sidebar":{"width":600,"height":321,"mime-type":"image\/jpeg","url":"https:\/\/saisonsculturelleschaumont.fr\/mdxpuixt\/wp-content\/uploads\/2020\/02\/SIGNE-LOGO-org-600x321.jpg"},"entry_without_sidebar":{"width":600,"height":423,"mime-type":"image\/jpeg","url":"https:\/\/saisonsculturelleschaumont.fr\/mdxpuixt\/wp-content\/uploads\/2020\/02\/SIGNE-LOGO-org-600x423.jpg"}}},"phone":"03 25 35 79 01","website":"https:\/\/centrenationaldugraphisme.fr","email":"contact@cndg.fr","json_ld":{"@type":"Person","name":"le signe","description":"","image":"https:\/\/saisonsculturelleschaumont.fr\/mdxpuixt\/wp-content\/uploads\/2020\/02\/SIGNE-LOGO-org.jpg","url":"https:\/\/centrenationaldugraphisme.fr","telephone":"03 25 35 79 01","email":"co&#110;tact&#64;&#99;&#110;dg&#46;&#102;r","sameAs":"https:\/\/centrenationaldugraphisme.fr"},"global_id":"saisonsculturelleschaumont.fr\/mdxpuixt?id=2907","global_id_lineage":["saisonsculturelleschaumont.fr\/mdxpuixt?id=2907"]}],"json_ld":{"@context":"http:\/\/schema.org","@type":"Event","name":"Demo (design in motion) Festival","description":"&lt;p&gt;La premi\u00e8re \u00e9dition du Design in Motion Festival (DEMO) s\u2019est tenue le 7 novembre 2019 \u00e0 la garecentrale d\\'Amsterdam. Premier festival du genre, DEMO a pr\u00e9sent\u00e9 pendant 24 heures sur [&hellip;]&lt;\/p&gt;\\n","image":"https:\/\/saisonsculturelleschaumont.fr\/mdxpuixt\/wp-content\/uploads\/2021\/03\/3.a-DEMO-Festival1-scaled-e1616495629945.jpg","url":"https:\/\/saisonsculturelleschaumont.fr\/mdxpuixt\/evenement\/demo-design-in-motion-festival\/","eventAttendanceMode":"https:\/\/schema.org\/OfflineEventAttendanceMode","eventStatus":"https:\/\/schema.org\/EventScheduled","startDate":"2021-05-05T14:00:00+02:00","endDate":"2022-03-27T18:00:00+02:00","location":{"@type":"Place","name":"le signe","description":"","url":"https:\/\/saisonsculturelleschaumont.fr\/mdxpuixt\/ou\/le-signe\/","address":{"@type":"PostalAddress","streetAddress":"1 place Emile Goguenheim","addressLocality":"Chaumont","postalCode":"52000"},"telephone":"0325357901","sameAs":"https:\/\/centrenationaldugraphisme.fr\/#home"},"organizer":{"@type":"Person","name":"le signe","description":"","image":"https:\/\/saisonsculturelleschaumont.fr\/mdxpuixt\/wp-content\/uploads\/2020\/02\/SIGNE-LOGO-org.jpg","url":"https:\/\/centrenationaldugraphisme.fr","telephone":"03 25 35 79 01","email":"co&#110;&#116;a&#99;t&#64;cn&#100;&#103;.f&#114;","sameAs":"https:\/\/centrenationaldugraphisme.fr"},"performer":"Organization"},"event_bgcolor":"","event_text_color":""}