{"id":6621,"global_id":"saisonsculturelleschaumont.fr\/mdxpuixt?id=6621","global_id_lineage":["saisonsculturelleschaumont.fr\/mdxpuixt?id=6621"],"author":"3","status":"publish","date":"2021-06-17 16:46:54","date_utc":"2021-06-17 14:46:54","modified":"2021-07-07 11:13:01","modified_utc":"2021-07-07 09:13:01","url":"https:\/\/saisonsculturelleschaumont.fr\/mdxpuixt\/evenement\/temps-de-partage-et-de-convivialite\/","rest_url":"https:\/\/saisonsculturelleschaumont.fr\/mdxpuixt\/wp-json\/tribe\/events\/v1\/events\/6621","title":"Temps de partage et de convivialit\u00e9","description":"<p>Espace de convivialit\u00e9 dans la cour de la MJC &#8211; petit d\u00e9j\u2019 offert (\u00e0 partir de 10 heures) EXPOSITION des activit\u00e9s (\u00e0 partir de 14h30) ARTS PLASTIQUES, VISUELS ET GRAPHIQUES<br \/>\nCONCOURS DESSINS MJC<br \/>\nAUDITION<br \/>\nTh\u00e9\u00e2tre<br \/>\nSCENE OUVERTE aux adh\u00e9rents des activit\u00e9s musicales (sur inscription 1 semaine au plus tard avant le 03 juillet)<\/p>","excerpt":"","slug":"temps-de-partage-et-de-convivialite","image":{"url":"https:\/\/saisonsculturelleschaumont.fr\/mdxpuixt\/wp-content\/uploads\/2021\/06\/Musique-NOS-ARTISTES-TINVITENT-scaled-e1623852918640.jpg","id":6693,"extension":"jpg","width":650,"height":344,"sizes":{"medium":{"width":300,"height":300,"mime-type":"image\/jpeg","url":"https:\/\/saisonsculturelleschaumont.fr\/mdxpuixt\/wp-content\/uploads\/2021\/06\/Musique-NOS-ARTISTES-TINVITENT-300x300.jpg"},"large":{"width":1030,"height":1030,"mime-type":"image\/jpeg","url":"https:\/\/saisonsculturelleschaumont.fr\/mdxpuixt\/wp-content\/uploads\/2021\/06\/Musique-NOS-ARTISTES-TINVITENT-1030x1030.jpg"},"thumbnail":{"width":80,"height":80,"mime-type":"image\/jpeg","url":"https:\/\/saisonsculturelleschaumont.fr\/mdxpuixt\/wp-content\/uploads\/2021\/06\/Musique-NOS-ARTISTES-TINVITENT-80x80.jpg"},"medium_large":{"width":768,"height":768,"mime-type":"image\/jpeg","url":"https:\/\/saisonsculturelleschaumont.fr\/mdxpuixt\/wp-content\/uploads\/2021\/06\/Musique-NOS-ARTISTES-TINVITENT-768x768.jpg"},"1536x1536":{"width":1536,"height":814,"mime-type":"image\/jpeg","url":"https:\/\/saisonsculturelleschaumont.fr\/mdxpuixt\/wp-content\/uploads\/2021\/06\/Musique-NOS-ARTISTES-TINVITENT-1536x814.jpg"},"2048x2048":{"width":2048,"height":1085,"mime-type":"image\/jpeg","url":"https:\/\/saisonsculturelleschaumont.fr\/mdxpuixt\/wp-content\/uploads\/2021\/06\/Musique-NOS-ARTISTES-TINVITENT-2048x1085.jpg"},"fiat_thumb":{"width":60,"height":60,"mime-type":"image\/jpeg","url":"https:\/\/saisonsculturelleschaumont.fr\/mdxpuixt\/wp-content\/uploads\/2021\/06\/Musique-NOS-ARTISTES-TINVITENT-60x60.jpg"},"widget":{"width":36,"height":36,"mime-type":"image\/jpeg","url":"https:\/\/saisonsculturelleschaumont.fr\/mdxpuixt\/wp-content\/uploads\/2021\/06\/Musique-NOS-ARTISTES-TINVITENT-36x36.jpg"},"square":{"width":180,"height":180,"mime-type":"image\/jpeg","url":"https:\/\/saisonsculturelleschaumont.fr\/mdxpuixt\/wp-content\/uploads\/2021\/06\/Musique-NOS-ARTISTES-TINVITENT-180x180.jpg"},"featured":{"width":1500,"height":430,"mime-type":"image\/jpeg","url":"https:\/\/saisonsculturelleschaumont.fr\/mdxpuixt\/wp-content\/uploads\/2021\/06\/Musique-NOS-ARTISTES-TINVITENT-1500x430.jpg"},"featured_large":{"width":1500,"height":630,"mime-type":"image\/jpeg","url":"https:\/\/saisonsculturelleschaumont.fr\/mdxpuixt\/wp-content\/uploads\/2021\/06\/Musique-NOS-ARTISTES-TINVITENT-1500x630.jpg"},"extra_large":{"width":1500,"height":795,"mime-type":"image\/jpeg","url":"https:\/\/saisonsculturelleschaumont.fr\/mdxpuixt\/wp-content\/uploads\/2021\/06\/Musique-NOS-ARTISTES-TINVITENT-1500x795.jpg"},"portfolio":{"width":495,"height":400,"mime-type":"image\/jpeg","url":"https:\/\/saisonsculturelleschaumont.fr\/mdxpuixt\/wp-content\/uploads\/2021\/06\/Musique-NOS-ARTISTES-TINVITENT-495x400.jpg"},"portfolio_small":{"width":260,"height":185,"mime-type":"image\/jpeg","url":"https:\/\/saisonsculturelleschaumont.fr\/mdxpuixt\/wp-content\/uploads\/2021\/06\/Musique-NOS-ARTISTES-TINVITENT-260x185.jpg"},"gallery":{"width":845,"height":684,"mime-type":"image\/jpeg","url":"https:\/\/saisonsculturelleschaumont.fr\/mdxpuixt\/wp-content\/uploads\/2021\/06\/Musique-NOS-ARTISTES-TINVITENT-845x684.jpg"},"magazine":{"width":710,"height":375,"mime-type":"image\/jpeg","url":"https:\/\/saisonsculturelleschaumont.fr\/mdxpuixt\/wp-content\/uploads\/2021\/06\/Musique-NOS-ARTISTES-TINVITENT-710x375.jpg"},"masonry":{"width":705,"height":374,"mime-type":"image\/jpeg","url":"https:\/\/saisonsculturelleschaumont.fr\/mdxpuixt\/wp-content\/uploads\/2021\/06\/Musique-NOS-ARTISTES-TINVITENT-705x374.jpg"},"entry_with_sidebar":{"width":845,"height":321,"mime-type":"image\/jpeg","url":"https:\/\/saisonsculturelleschaumont.fr\/mdxpuixt\/wp-content\/uploads\/2021\/06\/Musique-NOS-ARTISTES-TINVITENT-845x321.jpg"},"entry_without_sidebar":{"width":1210,"height":423,"mime-type":"image\/jpeg","url":"https:\/\/saisonsculturelleschaumont.fr\/mdxpuixt\/wp-content\/uploads\/2021\/06\/Musique-NOS-ARTISTES-TINVITENT-1210x423.jpg"}},"original_image":"Musique-NOS-ARTISTES-TINVITENT.jpg"},"all_day":false,"start_date":"2021-07-03 10:00:00","start_date_details":{"year":"2021","month":"07","day":"03","hour":"10","minutes":"00","seconds":"00"},"end_date":"2021-07-03 18:00:00","end_date_details":{"year":"2021","month":"07","day":"03","hour":"18","minutes":"00","seconds":"00"},"utc_start_date":"2021-07-03 08:00:00","utc_start_date_details":{"year":"2021","month":"07","day":"03","hour":"08","minutes":"00","seconds":"00"},"utc_end_date":"2021-07-03 16:00:00","utc_end_date_details":{"year":"2021","month":"07","day":"03","hour":"16","minutes":"00","seconds":"00"},"timezone":"Europe\/Paris","timezone_abbr":"CEST","cost":"","cost_details":{"currency_symbol":"","currency_code":"","currency_position":"suffix","values":[]},"website":"https:\/\/mjc-chaumont52.jimdofree.com","show_map":true,"show_map_link":false,"hide_from_listings":true,"sticky":false,"featured":false,"categories":[{"name":"multidisciplinaire","slug":"multidisciplinaire","term_group":0,"term_taxonomy_id":111,"taxonomy":"tribe_events_cat","description":"","parent":0,"count":47,"filter":"raw","id":111,"urls":{"self":"https:\/\/saisonsculturelleschaumont.fr\/mdxpuixt\/wp-json\/tribe\/events\/v1\/categories\/111","collection":"https:\/\/saisonsculturelleschaumont.fr\/mdxpuixt\/wp-json\/tribe\/events\/v1\/categories"}}],"tags":[{"name":"activit\u00e9","slug":"activite","term_group":0,"term_taxonomy_id":204,"taxonomy":"post_tag","description":"","parent":0,"count":8,"filter":"raw","id":204,"urls":{"self":"https:\/\/saisonsculturelleschaumont.fr\/mdxpuixt\/wp-json\/tribe\/events\/v1\/tags\/204","collection":"https:\/\/saisonsculturelleschaumont.fr\/mdxpuixt\/wp-json\/tribe\/events\/v1\/tags"}},{"name":"adolescent","slug":"adolescent","term_group":0,"term_taxonomy_id":164,"taxonomy":"post_tag","description":"","parent":0,"count":10,"filter":"raw","id":164,"urls":{"self":"https:\/\/saisonsculturelleschaumont.fr\/mdxpuixt\/wp-json\/tribe\/events\/v1\/tags\/164","collection":"https:\/\/saisonsculturelleschaumont.fr\/mdxpuixt\/wp-json\/tribe\/events\/v1\/tags"}},{"name":"artistique","slug":"artistique","term_group":0,"term_taxonomy_id":233,"taxonomy":"post_tag","description":"","parent":0,"count":3,"filter":"raw","id":233,"urls":{"self":"https:\/\/saisonsculturelleschaumont.fr\/mdxpuixt\/wp-json\/tribe\/events\/v1\/tags\/233","collection":"https:\/\/saisonsculturelleschaumont.fr\/mdxpuixt\/wp-json\/tribe\/events\/v1\/tags"}},{"name":"danse","slug":"danse","term_group":0,"term_taxonomy_id":234,"taxonomy":"post_tag","description":"","parent":0,"count":11,"filter":"raw","id":234,"urls":{"self":"https:\/\/saisonsculturelleschaumont.fr\/mdxpuixt\/wp-json\/tribe\/events\/v1\/tags\/234","collection":"https:\/\/saisonsculturelleschaumont.fr\/mdxpuixt\/wp-json\/tribe\/events\/v1\/tags"}},{"name":"d\u00e9couvert","slug":"decouvert","term_group":0,"term_taxonomy_id":236,"taxonomy":"post_tag","description":"","parent":0,"count":1,"filter":"raw","id":236,"urls":{"self":"https:\/\/saisonsculturelleschaumont.fr\/mdxpuixt\/wp-json\/tribe\/events\/v1\/tags\/236","collection":"https:\/\/saisonsculturelleschaumont.fr\/mdxpuixt\/wp-json\/tribe\/events\/v1\/tags"}},{"name":"dessin","slug":"dessin","term_group":0,"term_taxonomy_id":150,"taxonomy":"post_tag","description":"","parent":0,"count":6,"filter":"raw","id":150,"urls":{"self":"https:\/\/saisonsculturelleschaumont.fr\/mdxpuixt\/wp-json\/tribe\/events\/v1\/tags\/150","collection":"https:\/\/saisonsculturelleschaumont.fr\/mdxpuixt\/wp-json\/tribe\/events\/v1\/tags"}},{"name":"enfant","slug":"enfant","term_group":0,"term_taxonomy_id":135,"taxonomy":"post_tag","description":"","parent":0,"count":89,"filter":"raw","id":135,"urls":{"self":"https:\/\/saisonsculturelleschaumont.fr\/mdxpuixt\/wp-json\/tribe\/events\/v1\/tags\/135","collection":"https:\/\/saisonsculturelleschaumont.fr\/mdxpuixt\/wp-json\/tribe\/events\/v1\/tags"}},{"name":"jeune","slug":"jeune","term_group":0,"term_taxonomy_id":232,"taxonomy":"post_tag","description":"","parent":0,"count":2,"filter":"raw","id":232,"urls":{"self":"https:\/\/saisonsculturelleschaumont.fr\/mdxpuixt\/wp-json\/tribe\/events\/v1\/tags\/232","collection":"https:\/\/saisonsculturelleschaumont.fr\/mdxpuixt\/wp-json\/tribe\/events\/v1\/tags"}},{"name":"musique","slug":"musique","term_group":0,"term_taxonomy_id":99,"taxonomy":"post_tag","description":"","parent":0,"count":203,"filter":"raw","id":99,"urls":{"self":"https:\/\/saisonsculturelleschaumont.fr\/mdxpuixt\/wp-json\/tribe\/events\/v1\/tags\/99","collection":"https:\/\/saisonsculturelleschaumont.fr\/mdxpuixt\/wp-json\/tribe\/events\/v1\/tags"}},{"name":"num\u00e9rique","slug":"numerique","term_group":0,"term_taxonomy_id":185,"taxonomy":"post_tag","description":"","parent":0,"count":10,"filter":"raw","id":185,"urls":{"self":"https:\/\/saisonsculturelleschaumont.fr\/mdxpuixt\/wp-json\/tribe\/events\/v1\/tags\/185","collection":"https:\/\/saisonsculturelleschaumont.fr\/mdxpuixt\/wp-json\/tribe\/events\/v1\/tags"}}],"venue":{"id":6654,"author":"3","status":"publish","date":"2021-06-16 15:01:31","date_utc":"2021-06-16 13:01:31","modified":"2021-09-23 16:04:01","modified_utc":"2021-09-23 14:04:01","url":"https:\/\/saisonsculturelleschaumont.fr\/mdxpuixt\/ou\/la-mjc\/","venue":"la MJC","slug":"la-mjc","address":"5 rue Damr\u00e9mont","city":"Chaumont","zip":"52000","website":"mjc-chaumont.fr","json_ld":{"@type":"Place","name":"la MJC","description":"","url":"https:\/\/saisonsculturelleschaumont.fr\/mdxpuixt\/ou\/la-mjc\/","address":{"@type":"PostalAddress","streetAddress":"5 rue Damr\u00e9mont","addressLocality":"Chaumont","postalCode":"52000"},"telephone":"","sameAs":"mjc-chaumont.fr"},"show_map":true,"show_map_link":true,"global_id":"saisonsculturelleschaumont.fr\/mdxpuixt?id=6654","global_id_lineage":["saisonsculturelleschaumont.fr\/mdxpuixt?id=6654"]},"organizer":[{"id":3531,"author":"3","status":"publish","date":"2019-08-24 17:53:44","date_utc":"2019-08-24 15:53:44","modified":"2021-06-16 11:25:14","modified_utc":"2021-06-16 09:25:14","url":"https:\/\/saisonsculturelleschaumont.fr\/mdxpuixt\/qui\/la-mjc\/","organizer":"la MJC","slug":"la-mjc","website":"https:\/\/mjc-chaumont52.jimdo.com","json_ld":{"@type":"Person","name":"la MJC","description":"","url":"https:\/\/mjc-chaumont52.jimdo.com","telephone":"","email":"","sameAs":"https:\/\/mjc-chaumont52.jimdo.com"},"global_id":"saisonsculturelleschaumont.fr\/mdxpuixt?id=3531","global_id_lineage":["saisonsculturelleschaumont.fr\/mdxpuixt?id=3531"]}],"json_ld":{"@context":"http:\/\/schema.org","@type":"Event","name":"Temps de partage et de convivialit\u00e9","description":"&lt;p&gt;Espace de convivialit\u00e9 dans la cour de la MJC - petit d\u00e9j\u2019 offert (\u00e0 partir de 10 heures) EXPOSITION des activit\u00e9s (\u00e0 partir de 14h30) ARTS PLASTIQUES, VISUELS ET GRAPHIQUES [&hellip;]&lt;\/p&gt;\\n","image":"https:\/\/saisonsculturelleschaumont.fr\/mdxpuixt\/wp-content\/uploads\/2021\/06\/Musique-NOS-ARTISTES-TINVITENT-scaled-e1623852918640.jpg","url":"https:\/\/saisonsculturelleschaumont.fr\/mdxpuixt\/evenement\/temps-de-partage-et-de-convivialite\/","eventAttendanceMode":"https:\/\/schema.org\/OfflineEventAttendanceMode","eventStatus":"https:\/\/schema.org\/EventScheduled","startDate":"2021-07-03T10:00:00+02:00","endDate":"2021-07-03T18:00:00+02:00","location":{"@type":"Place","name":"la MJC","description":"","url":"https:\/\/saisonsculturelleschaumont.fr\/mdxpuixt\/ou\/la-mjc\/","address":{"@type":"PostalAddress","streetAddress":"5 rue Damr\u00e9mont","addressLocality":"Chaumont","postalCode":"52000"},"telephone":"","sameAs":"mjc-chaumont.fr"},"organizer":{"@type":"Person","name":"la MJC","description":"","url":"https:\/\/mjc-chaumont52.jimdo.com","telephone":"","email":"","sameAs":"https:\/\/mjc-chaumont52.jimdo.com"},"performer":"Organization"},"event_bgcolor":"","event_text_color":""}