{"id":6859,"global_id":"saisonsculturelleschaumont.fr\/mdxpuixt?id=6859","global_id_lineage":["saisonsculturelleschaumont.fr\/mdxpuixt?id=6859"],"author":"3","status":"publish","date":"2021-09-10 16:37:12","date_utc":"2021-09-10 14:37:12","modified":"2023-09-15 15:03:26","modified_utc":"2023-09-15 13:03:26","url":"https:\/\/saisonsculturelleschaumont.fr\/mdxpuixt\/evenement\/ma-boite-a-jazz-5-avec-groovinhigh\/","rest_url":"https:\/\/saisonsculturelleschaumont.fr\/mdxpuixt\/wp-json\/tribe\/events\/v1\/events\/6859","title":"ma bo\u00eete \u00e0 jazz #5 avec Groovin&rsquo;High","description":"<p>Le groupe &lsquo;Groovin\u2019 High&rsquo; est un ensemble compos\u00e9 de six musiciens de premier plan aussi bien en Allemagne, Luxembourg qu\u2019en France.<br \/>\nJohannes M\u00fcller est consid\u00e9r\u00e9 comme un des saxophonistes les plus prometteurs de la grande sc\u00e8ne Jazz d\u2019Allemagne. Il a jou\u00e9 sur les sc\u00e8nes les plus prestigieuses d\u2019Europe telles que le Ronnie\u2019s Scott \u00e0 Londres, Bimhuis \u00e0 Amsterdam, Yoshi\u2019s \u00e0 Oakland (USA) \u2026 <\/p>\n<p>August-Wilhelm Scheer a jou\u00e9 depuis de nombreuses ann\u00e9es dans de multiples orchestres, du combo au Big Band. <\/p>\n<p>Ernie Hammes a \u00e9t\u00e9, entre autre, membre des orchestres de Maynard Fergusson, Dizzy Gillespie All Star Band et conduit une carri\u00e8re de soliste au Luxembourg, Belgique et Pays-Bas.<\/p>\n<p>Pierre-Alain Goualch joue depuis de nombreuses ann\u00e9es avec des musiciens tels que Andr\u00e9 Ceccarelli, David Linx, Franck Agulhon, Diego Imbert et a \u00e9t\u00e9 laur\u00e9at du premier concours de Piano Jazz de Toulon ainsi que du Concours Jazz de La D\u00e9fense. <\/p>\n<p>Gautier Laurent, coordinateur du d\u00e9partement Jazz du Conservatoire de Nancy, est un des contrebassistes les plus actifs de l\u2019Est de la France. <\/p>\n<p>Remi Vignolo, ex-contrebassiste, est le batteur du nouveau projet de la chanteuse Youn Soun Nah. <\/p>\n<p>Ce sextet de haut vol jouera un r\u00e9pertoire compos\u00e9 de standards de jazz ainsi que des compositions originales.<\/p>\n<p>Johannes M\u00fcller &#8211; Saxophone Tenor<br \/>\nAugust-Wilhelm Scheer &#8211; Saxophone Baryton<br \/>\nErnie Hammes &#8211; Trompette<br \/>\nPierre-Alain Goualch &#8211; Piano<br \/>\nGautier Laurent &#8211; Contrebass<br \/>\nRemi Vignolo &#8211; Batterie <\/p>\n<p>TARIF PLEIN 10 \u20ac<br \/>\nTARIF R\u00c9DUIT 5\u20ac (\u00e9l\u00e8ves et professeurs de conservatoire, \u00e9tudiants, demandeurs d\u2019emploi)<br \/>\nGRATUIT pour les &#8211; 12 ans<\/p>\n<p>R\u00e9servations <\/p>\n<p>03 25 30 60 53<br \/>\nadmin.culture@ville-chaumont.fr<\/p>\n<p>Avec l\u2019association Trebim Music et Diego Imbert, directeur artistique du cycle musical &lsquo;Ma bo\u00eete \u00e0 jazz&rsquo;<\/p>","excerpt":"","slug":"ma-boite-a-jazz-5-avec-groovinhigh","image":{"url":"https:\/\/saisonsculturelleschaumont.fr\/mdxpuixt\/wp-content\/uploads\/2021\/09\/F8CCDF3B-BA4C-4FAD-8D7B-140156E121EB-e1631285148295.jpeg","id":6863,"extension":"jpeg","width":650,"height":433,"sizes":{"medium":{"width":300,"height":300,"mime-type":"image\/jpeg","url":"https:\/\/saisonsculturelleschaumont.fr\/mdxpuixt\/wp-content\/uploads\/2021\/09\/F8CCDF3B-BA4C-4FAD-8D7B-140156E121EB-300x300.jpeg"},"thumbnail":{"width":80,"height":80,"mime-type":"image\/jpeg","url":"https:\/\/saisonsculturelleschaumont.fr\/mdxpuixt\/wp-content\/uploads\/2021\/09\/F8CCDF3B-BA4C-4FAD-8D7B-140156E121EB-80x80.jpeg"},"fiat_thumb":{"width":60,"height":60,"mime-type":"image\/jpeg","url":"https:\/\/saisonsculturelleschaumont.fr\/mdxpuixt\/wp-content\/uploads\/2021\/09\/F8CCDF3B-BA4C-4FAD-8D7B-140156E121EB-60x60.jpeg"},"widget":{"width":36,"height":36,"mime-type":"image\/jpeg","url":"https:\/\/saisonsculturelleschaumont.fr\/mdxpuixt\/wp-content\/uploads\/2021\/09\/F8CCDF3B-BA4C-4FAD-8D7B-140156E121EB-36x36.jpeg"},"square":{"width":180,"height":180,"mime-type":"image\/jpeg","url":"https:\/\/saisonsculturelleschaumont.fr\/mdxpuixt\/wp-content\/uploads\/2021\/09\/F8CCDF3B-BA4C-4FAD-8D7B-140156E121EB-180x180.jpeg"},"featured":{"width":700,"height":430,"mime-type":"image\/jpeg","url":"https:\/\/saisonsculturelleschaumont.fr\/mdxpuixt\/wp-content\/uploads\/2021\/09\/F8CCDF3B-BA4C-4FAD-8D7B-140156E121EB-700x430.jpeg"},"portfolio":{"width":495,"height":400,"mime-type":"image\/jpeg","url":"https:\/\/saisonsculturelleschaumont.fr\/mdxpuixt\/wp-content\/uploads\/2021\/09\/F8CCDF3B-BA4C-4FAD-8D7B-140156E121EB-495x400.jpeg"},"portfolio_small":{"width":260,"height":185,"mime-type":"image\/jpeg","url":"https:\/\/saisonsculturelleschaumont.fr\/mdxpuixt\/wp-content\/uploads\/2021\/09\/F8CCDF3B-BA4C-4FAD-8D7B-140156E121EB-260x185.jpeg"},"magazine":{"width":700,"height":375,"mime-type":"image\/jpeg","url":"https:\/\/saisonsculturelleschaumont.fr\/mdxpuixt\/wp-content\/uploads\/2021\/09\/F8CCDF3B-BA4C-4FAD-8D7B-140156E121EB-700x375.jpeg"},"entry_with_sidebar":{"width":700,"height":321,"mime-type":"image\/jpeg","url":"https:\/\/saisonsculturelleschaumont.fr\/mdxpuixt\/wp-content\/uploads\/2021\/09\/F8CCDF3B-BA4C-4FAD-8D7B-140156E121EB-700x321.jpeg"},"entry_without_sidebar":{"width":700,"height":423,"mime-type":"image\/jpeg","url":"https:\/\/saisonsculturelleschaumont.fr\/mdxpuixt\/wp-content\/uploads\/2021\/09\/F8CCDF3B-BA4C-4FAD-8D7B-140156E121EB-700x423.jpeg"}}},"all_day":false,"start_date":"2021-12-17 21:00:00","start_date_details":{"year":"2021","month":"12","day":"17","hour":"21","minutes":"00","seconds":"00"},"end_date":"2021-12-17 23:00:00","end_date_details":{"year":"2021","month":"12","day":"17","hour":"23","minutes":"00","seconds":"00"},"utc_start_date":"2021-12-17 20:00:00","utc_start_date_details":{"year":"2021","month":"12","day":"17","hour":"20","minutes":"00","seconds":"00"},"utc_end_date":"2021-12-17 22:00:00","utc_end_date_details":{"year":"2021","month":"12","day":"17","hour":"22","minutes":"00","seconds":"00"},"timezone":"Europe\/Paris","timezone_abbr":"CET","cost":"","cost_details":{"currency_symbol":"","currency_code":"","currency_position":"suffix","values":[]},"website":"","show_map":true,"show_map_link":false,"hide_from_listings":true,"sticky":false,"featured":false,"categories":[{"name":"musique","slug":"musique","term_group":0,"term_taxonomy_id":305,"taxonomy":"tribe_events_cat","description":"","parent":0,"count":238,"filter":"raw","id":305,"urls":{"self":"https:\/\/saisonsculturelleschaumont.fr\/mdxpuixt\/wp-json\/tribe\/events\/v1\/categories\/305","collection":"https:\/\/saisonsculturelleschaumont.fr\/mdxpuixt\/wp-json\/tribe\/events\/v1\/categories"}}],"tags":[{"name":"association","slug":"association","term_group":0,"term_taxonomy_id":225,"taxonomy":"post_tag","description":"","parent":0,"count":9,"filter":"raw","id":225,"urls":{"self":"https:\/\/saisonsculturelleschaumont.fr\/mdxpuixt\/wp-json\/tribe\/events\/v1\/tags\/225","collection":"https:\/\/saisonsculturelleschaumont.fr\/mdxpuixt\/wp-json\/tribe\/events\/v1\/tags"}},{"name":"concert","slug":"concert","term_group":0,"term_taxonomy_id":51,"taxonomy":"post_tag","description":"","parent":0,"count":188,"filter":"raw","id":51,"urls":{"self":"https:\/\/saisonsculturelleschaumont.fr\/mdxpuixt\/wp-json\/tribe\/events\/v1\/tags\/51","collection":"https:\/\/saisonsculturelleschaumont.fr\/mdxpuixt\/wp-json\/tribe\/events\/v1\/tags"}},{"name":"jazz","slug":"jazz","term_group":0,"term_taxonomy_id":178,"taxonomy":"post_tag","description":"","parent":0,"count":12,"filter":"raw","id":178,"urls":{"self":"https:\/\/saisonsculturelleschaumont.fr\/mdxpuixt\/wp-json\/tribe\/events\/v1\/tags\/178","collection":"https:\/\/saisonsculturelleschaumont.fr\/mdxpuixt\/wp-json\/tribe\/events\/v1\/tags"}},{"name":"musique","slug":"musique","term_group":0,"term_taxonomy_id":99,"taxonomy":"post_tag","description":"","parent":0,"count":203,"filter":"raw","id":99,"urls":{"self":"https:\/\/saisonsculturelleschaumont.fr\/mdxpuixt\/wp-json\/tribe\/events\/v1\/tags\/99","collection":"https:\/\/saisonsculturelleschaumont.fr\/mdxpuixt\/wp-json\/tribe\/events\/v1\/tags"}},{"name":"rendez-vous","slug":"rendez-vous","term_group":0,"term_taxonomy_id":249,"taxonomy":"post_tag","description":"","parent":0,"count":2,"filter":"raw","id":249,"urls":{"self":"https:\/\/saisonsculturelleschaumont.fr\/mdxpuixt\/wp-json\/tribe\/events\/v1\/tags\/249","collection":"https:\/\/saisonsculturelleschaumont.fr\/mdxpuixt\/wp-json\/tribe\/events\/v1\/tags"}}],"venue":{"id":1183,"author":"3","status":"publish","date":"2019-07-11 19:35:32","date_utc":"2019-07-11 17:35:32","modified":"2020-02-11 21:40:30","modified_utc":"2020-02-11 20:40:30","url":"https:\/\/saisonsculturelleschaumont.fr\/mdxpuixt\/ou\/le-nouveau-relax\/","venue":"le nouveau relax","slug":"le-nouveau-relax","address":"15 bis rue L\u00e9vy-Alphand\u00e9ry","city":"Chaumont","country":"France","zip":"52000","phone":"03 25 01 68 80","website":"https:\/\/www.lenouveaurelax.fr","geo_lat":48.1074264,"geo_lng":5.1373537,"json_ld":{"@type":"Place","name":"le nouveau relax","description":"","url":"https:\/\/saisonsculturelleschaumont.fr\/mdxpuixt\/ou\/le-nouveau-relax\/","address":{"@type":"PostalAddress","streetAddress":"15 bis rue L\u00e9vy-Alphand\u00e9ry","addressLocality":"Chaumont","postalCode":"52000","addressCountry":"France"},"geo":{"@type":"GeoCoordinates","latitude":48.1074264,"longitude":5.1373537},"telephone":"03 25 01 68 80","sameAs":"https:\/\/www.lenouveaurelax.fr"},"show_map":true,"show_map_link":true,"global_id":"saisonsculturelleschaumont.fr\/mdxpuixt?id=1183","global_id_lineage":["saisonsculturelleschaumont.fr\/mdxpuixt?id=1183"]},"organizer":[{"id":2804,"author":"3","status":"publish","date":"2019-07-26 10:23:13","date_utc":"2019-07-26 08:23:13","modified":"2023-08-03 16:31:54","modified_utc":"2023-08-03 14:31:54","url":"https:\/\/saisonsculturelleschaumont.fr\/mdxpuixt\/qui\/actions-dans-la-ville\/","organizer":"dans la ville","description":"<p>Amener la culture dans l\u2019espace public, hors les murs, la rendre accessible \u00e0 tous, fait partie de la politique culturelle men\u00e9e par la Ville de Chaumont.\u00a0<\/p>\n<p>Concerts, cin\u00e9ma en plein air, th\u00e9\u00e2tre et cirque de rue, installations artistiques et interventions graphiques\u202f; place de l\u2019h\u00f4tel de ville, place des arts, march\u00e9 couvert, square du boulingrin, jardin agathe roullot\u202f: les disciplines et les lieux sont nombreux et vari\u00e9s.\u00a0\u00a0<\/p>\n<p>Les projets se veulent inclusifs, en lien avec le territoire, men\u00e9s avec tous les services de la collectivit\u00e9 pour faciliter leur mise en \u0153uvre, mais \u00e9galement avec le tissu associatif, les jeunes \u00e9tudiants et les commer\u00e7ants de Chaumont. Ils animent la ville, mettent en valeur le patrimoine local, et am\u00e8nent un v\u00e9ritable dialogue\u202f: une autre fa\u00e7on d\u2019\u00eatre ensemble, un pas vers la d\u00e9mocratisation culturelle.\u00a0<\/p>\n<p>Une mani\u00e8re d\u2019enrayer les d\u00e9terminismes sociaux, culturels ou \u00e9ducatifs comme l\u2019a promulgu\u00e9 le rapport de la MNACEP \u2013 Mission Nationale pour l\u2019Art et la Culture dans l\u2019Espace Public \u2013 mise en place par le Minist\u00e8re de la Culture en 2014. C\u2019est aller continuellement du dedans au dehors et vice et versa pour d\u00e9cloisonner les pratiques culturelles et investir les lieux les plus divers de tous types de formes d\u2019expression artistique.\u00a0<\/p>","slug":"actions-dans-la-ville","json_ld":{"@type":"Person","name":"dans la ville","description":"&lt;p&gt;Amener la culture dans l\u2019espace public, hors les murs, la rendre accessible \u00e0 tous, fait partie de la politique culturelle men\u00e9e par la Ville de Chaumont.\u00a0Concerts, cin\u00e9ma en plein air, [&hellip;]&lt;\/p&gt;\\n","url":"","telephone":"","email":"","sameAs":""},"global_id":"saisonsculturelleschaumont.fr\/mdxpuixt?id=2804","global_id_lineage":["saisonsculturelleschaumont.fr\/mdxpuixt?id=2804"]}],"json_ld":{"@context":"http:\/\/schema.org","@type":"Event","name":"ma bo\u00eete \u00e0 jazz #5 avec Groovin&rsquo;High","description":"&lt;p&gt;Le groupe \\'Groovin\u2019 High\\' est un ensemble compos\u00e9 de six musiciens de premier plan aussi bien en Allemagne, Luxembourg qu\u2019en France. Johannes M\u00fcller est consid\u00e9r\u00e9 comme un des saxophonistes les [&hellip;]&lt;\/p&gt;\\n","image":"https:\/\/saisonsculturelleschaumont.fr\/mdxpuixt\/wp-content\/uploads\/2021\/09\/F8CCDF3B-BA4C-4FAD-8D7B-140156E121EB-e1631285148295.jpeg","url":"https:\/\/saisonsculturelleschaumont.fr\/mdxpuixt\/evenement\/ma-boite-a-jazz-5-avec-groovinhigh\/","eventAttendanceMode":"https:\/\/schema.org\/OfflineEventAttendanceMode","eventStatus":"https:\/\/schema.org\/EventScheduled","startDate":"2021-12-17T21:00:00+01:00","endDate":"2021-12-17T23:00:00+01:00","location":{"@type":"Place","name":"le nouveau relax","description":"","url":"https:\/\/saisonsculturelleschaumont.fr\/mdxpuixt\/ou\/le-nouveau-relax\/","address":{"@type":"PostalAddress","streetAddress":"15 bis rue L\u00e9vy-Alphand\u00e9ry","addressLocality":"Chaumont","postalCode":"52000","addressCountry":"France"},"geo":{"@type":"GeoCoordinates","latitude":48.1074264,"longitude":5.1373537},"telephone":"03 25 01 68 80","sameAs":"https:\/\/www.lenouveaurelax.fr"},"organizer":{"@type":"Person","name":"dans la ville","description":"&lt;p&gt;Amener la culture dans l\u2019espace public, hors les murs, la rendre accessible \u00e0 tous, fait partie de la politique culturelle men\u00e9e par la Ville de Chaumont.\u00a0Concerts, cin\u00e9ma en plein air, [&hellip;]&lt;\/p&gt;\\n","url":"","telephone":"","email":"","sameAs":""},"performer":"Organization"},"event_bgcolor":"","event_text_color":""}