{"id":7558,"global_id":"saisonsculturelleschaumont.fr\/mdxpuixt?id=7558","global_id_lineage":["saisonsculturelleschaumont.fr\/mdxpuixt?id=7558"],"author":"3","status":"publish","date":"2022-02-07 12:03:59","date_utc":"2022-02-07 11:03:59","modified":"2022-04-11 09:17:02","modified_utc":"2022-04-11 07:17:02","url":"https:\/\/saisonsculturelleschaumont.fr\/mdxpuixt\/evenement\/concert-sandwich-maxime-kerzanet-et-chloe-brugnon\/","rest_url":"https:\/\/saisonsculturelleschaumont.fr\/mdxpuixt\/wp-json\/tribe\/events\/v1\/events\/7558","title":"CONCERT SANDWICH &#8211; MAXIME KERZANET ET CHLO\u00c9 BRUGNON","description":"<p>En pr\u00e9ambule au spectacle Retrouv\u00e9e ou perdue (Jeudi 7 Avril \u00e0 20h)<br \/>\nLa cr\u00e9ation de Retrouv\u00e9e ou perdue est n\u00e9e du d\u00e9sir de Chlo\u00e9 Brugnon et Maxime Kerzanet de partager leur amour fou pour la beaut\u00e9 de la langue de Racine. Si le spectacle est la face A de leur projet, ce concert en est la face B, l\u2019arri\u00e8re-cuisine, l\u2019endroit o\u00f9 l\u2019on pourra entendre des compositions in\u00e9dites, cach\u00e9es et surprises. En musique, les deux acolytes raconteront le pourquoi du comment ils en sont arriv\u00e9s l\u00e0\u2026<\/p>\n<p>GRATUIT<\/p>","excerpt":"","slug":"concert-sandwich-maxime-kerzanet-et-chloe-brugnon","image":{"url":"https:\/\/saisonsculturelleschaumont.fr\/mdxpuixt\/wp-content\/uploads\/2022\/02\/12-Maxime-Kerzanet-e1644238559679.jpg","id":7574,"extension":"jpg","width":650,"height":361,"sizes":{"medium":{"width":300,"height":300,"mime-type":"image\/jpeg","url":"https:\/\/saisonsculturelleschaumont.fr\/mdxpuixt\/wp-content\/uploads\/2022\/02\/12-Maxime-Kerzanet-300x300.jpg"},"thumbnail":{"width":80,"height":80,"mime-type":"image\/jpeg","url":"https:\/\/saisonsculturelleschaumont.fr\/mdxpuixt\/wp-content\/uploads\/2022\/02\/12-Maxime-Kerzanet-80x80.jpg"},"medium_large":{"width":768,"height":500,"mime-type":"image\/jpeg","url":"https:\/\/saisonsculturelleschaumont.fr\/mdxpuixt\/wp-content\/uploads\/2022\/02\/12-Maxime-Kerzanet-768x500.jpg"},"fiat_thumb":{"width":60,"height":60,"mime-type":"image\/jpeg","url":"https:\/\/saisonsculturelleschaumont.fr\/mdxpuixt\/wp-content\/uploads\/2022\/02\/12-Maxime-Kerzanet-60x60.jpg"},"widget":{"width":36,"height":36,"mime-type":"image\/jpeg","url":"https:\/\/saisonsculturelleschaumont.fr\/mdxpuixt\/wp-content\/uploads\/2022\/02\/12-Maxime-Kerzanet-36x36.jpg"},"square":{"width":180,"height":180,"mime-type":"image\/jpeg","url":"https:\/\/saisonsculturelleschaumont.fr\/mdxpuixt\/wp-content\/uploads\/2022\/02\/12-Maxime-Kerzanet-180x180.jpg"},"featured":{"width":900,"height":430,"mime-type":"image\/jpeg","url":"https:\/\/saisonsculturelleschaumont.fr\/mdxpuixt\/wp-content\/uploads\/2022\/02\/12-Maxime-Kerzanet-900x430.jpg"},"portfolio":{"width":495,"height":400,"mime-type":"image\/jpeg","url":"https:\/\/saisonsculturelleschaumont.fr\/mdxpuixt\/wp-content\/uploads\/2022\/02\/12-Maxime-Kerzanet-495x400.jpg"},"portfolio_small":{"width":260,"height":185,"mime-type":"image\/jpeg","url":"https:\/\/saisonsculturelleschaumont.fr\/mdxpuixt\/wp-content\/uploads\/2022\/02\/12-Maxime-Kerzanet-260x185.jpg"},"gallery":{"width":845,"height":500,"mime-type":"image\/jpeg","url":"https:\/\/saisonsculturelleschaumont.fr\/mdxpuixt\/wp-content\/uploads\/2022\/02\/12-Maxime-Kerzanet-845x500.jpg"},"magazine":{"width":710,"height":375,"mime-type":"image\/jpeg","url":"https:\/\/saisonsculturelleschaumont.fr\/mdxpuixt\/wp-content\/uploads\/2022\/02\/12-Maxime-Kerzanet-710x375.jpg"},"masonry":{"width":705,"height":392,"mime-type":"image\/jpeg","url":"https:\/\/saisonsculturelleschaumont.fr\/mdxpuixt\/wp-content\/uploads\/2022\/02\/12-Maxime-Kerzanet-705x392.jpg"},"entry_with_sidebar":{"width":845,"height":321,"mime-type":"image\/jpeg","url":"https:\/\/saisonsculturelleschaumont.fr\/mdxpuixt\/wp-content\/uploads\/2022\/02\/12-Maxime-Kerzanet-845x321.jpg"},"entry_without_sidebar":{"width":900,"height":423,"mime-type":"image\/jpeg","url":"https:\/\/saisonsculturelleschaumont.fr\/mdxpuixt\/wp-content\/uploads\/2022\/02\/12-Maxime-Kerzanet-900x423.jpg"}}},"all_day":false,"start_date":"2022-04-05 12:30:00","start_date_details":{"year":"2022","month":"04","day":"05","hour":"12","minutes":"30","seconds":"00"},"end_date":"2022-04-05 13:00:00","end_date_details":{"year":"2022","month":"04","day":"05","hour":"13","minutes":"00","seconds":"00"},"utc_start_date":"2022-04-05 10:30:00","utc_start_date_details":{"year":"2022","month":"04","day":"05","hour":"10","minutes":"30","seconds":"00"},"utc_end_date":"2022-04-05 11:00:00","utc_end_date_details":{"year":"2022","month":"04","day":"05","hour":"11","minutes":"00","seconds":"00"},"timezone":"Europe\/Paris","timezone_abbr":"CEST","cost":"","cost_details":{"currency_symbol":"","currency_code":"","currency_position":"suffix","values":[]},"website":"https:\/\/www.lenouveaurelax.fr\/les-concerts-sandwich\/","show_map":true,"show_map_link":false,"hide_from_listings":true,"sticky":false,"featured":false,"categories":[{"name":"spectacle vivant","slug":"spectacle-vivant","term_group":0,"term_taxonomy_id":44,"taxonomy":"tribe_events_cat","description":"","parent":0,"count":148,"filter":"raw","id":44,"urls":{"self":"https:\/\/saisonsculturelleschaumont.fr\/mdxpuixt\/wp-json\/tribe\/events\/v1\/categories\/44","collection":"https:\/\/saisonsculturelleschaumont.fr\/mdxpuixt\/wp-json\/tribe\/events\/v1\/categories"}}],"tags":[{"name":"d\u00e9couverte musicale","slug":"decouverte-musicale","term_group":0,"term_taxonomy_id":183,"taxonomy":"post_tag","description":"","parent":0,"count":5,"filter":"raw","id":183,"urls":{"self":"https:\/\/saisonsculturelleschaumont.fr\/mdxpuixt\/wp-json\/tribe\/events\/v1\/tags\/183","collection":"https:\/\/saisonsculturelleschaumont.fr\/mdxpuixt\/wp-json\/tribe\/events\/v1\/tags"}}],"venue":{"id":1183,"author":"3","status":"publish","date":"2019-07-11 19:35:32","date_utc":"2019-07-11 17:35:32","modified":"2020-02-11 21:40:30","modified_utc":"2020-02-11 20:40:30","url":"https:\/\/saisonsculturelleschaumont.fr\/mdxpuixt\/ou\/le-nouveau-relax\/","venue":"le nouveau relax","slug":"le-nouveau-relax","address":"15 bis rue L\u00e9vy-Alphand\u00e9ry","city":"Chaumont","country":"France","zip":"52000","phone":"03 25 01 68 80","website":"https:\/\/www.lenouveaurelax.fr","geo_lat":48.1074264,"geo_lng":5.1373537,"json_ld":{"@type":"Place","name":"le nouveau relax","description":"","url":"https:\/\/saisonsculturelleschaumont.fr\/mdxpuixt\/ou\/le-nouveau-relax\/","address":{"@type":"PostalAddress","streetAddress":"15 bis rue L\u00e9vy-Alphand\u00e9ry","addressLocality":"Chaumont","postalCode":"52000","addressCountry":"France"},"geo":{"@type":"GeoCoordinates","latitude":48.1074264,"longitude":5.1373537},"telephone":"03 25 01 68 80","sameAs":"https:\/\/www.lenouveaurelax.fr"},"show_map":true,"show_map_link":true,"global_id":"saisonsculturelleschaumont.fr\/mdxpuixt?id=1183","global_id_lineage":["saisonsculturelleschaumont.fr\/mdxpuixt?id=1183"]},"organizer":[{"id":1192,"author":"3","status":"publish","date":"2019-07-11 19:36:09","date_utc":"2019-07-11 17:36:09","modified":"2020-02-11 21:38:24","modified_utc":"2020-02-11 20:38:24","url":"https:\/\/saisonsculturelleschaumont.fr\/mdxpuixt\/qui\/le-nouveau-relax\/","organizer":"le nouveau relax","slug":"le-nouveau-relax","phone":"03 25 01 68 80","website":"http:\/\/www.lenouveaurelax.fr\/","email":"accueil.theatre@ville-chaumont.fr","json_ld":{"@type":"Person","name":"le nouveau relax","description":"","url":"http:\/\/www.lenouveaurelax.fr\/","telephone":"03 25 01 68 80","email":"&#97;ccu&#101;il.&#116;hea&#116;r&#101;&#64;v&#105;l&#108;&#101;&#45;&#99;haum&#111;&#110;t&#46;f&#114;","sameAs":"http:\/\/www.lenouveaurelax.fr\/"},"global_id":"saisonsculturelleschaumont.fr\/mdxpuixt?id=1192","global_id_lineage":["saisonsculturelleschaumont.fr\/mdxpuixt?id=1192"]}],"json_ld":{"@context":"http:\/\/schema.org","@type":"Event","name":"CONCERT SANDWICH &#8211; MAXIME KERZANET ET CHLO\u00c9 BRUGNON","description":"&lt;p&gt;En pr\u00e9ambule au spectacle Retrouv\u00e9e ou perdue (Jeudi 7 Avril \u00e0 20h) La cr\u00e9ation de Retrouv\u00e9e ou perdue est n\u00e9e du d\u00e9sir de Chlo\u00e9 Brugnon et Maxime Kerzanet de partager [&hellip;]&lt;\/p&gt;\\n","image":"https:\/\/saisonsculturelleschaumont.fr\/mdxpuixt\/wp-content\/uploads\/2022\/02\/12-Maxime-Kerzanet-e1644238559679.jpg","url":"https:\/\/saisonsculturelleschaumont.fr\/mdxpuixt\/evenement\/concert-sandwich-maxime-kerzanet-et-chloe-brugnon\/","eventAttendanceMode":"https:\/\/schema.org\/OfflineEventAttendanceMode","eventStatus":"https:\/\/schema.org\/EventScheduled","startDate":"2022-04-05T12:30:00+02:00","endDate":"2022-04-05T13:00:00+02:00","location":{"@type":"Place","name":"le nouveau relax","description":"","url":"https:\/\/saisonsculturelleschaumont.fr\/mdxpuixt\/ou\/le-nouveau-relax\/","address":{"@type":"PostalAddress","streetAddress":"15 bis rue L\u00e9vy-Alphand\u00e9ry","addressLocality":"Chaumont","postalCode":"52000","addressCountry":"France"},"geo":{"@type":"GeoCoordinates","latitude":48.1074264,"longitude":5.1373537},"telephone":"03 25 01 68 80","sameAs":"https:\/\/www.lenouveaurelax.fr"},"organizer":{"@type":"Person","name":"le nouveau relax","description":"","url":"http:\/\/www.lenouveaurelax.fr\/","telephone":"03 25 01 68 80","email":"&#97;&#99;c&#117;&#101;i&#108;&#46;theatre&#64;v&#105;ll&#101;-&#99;h&#97;umo&#110;&#116;&#46;f&#114;","sameAs":"http:\/\/www.lenouveaurelax.fr\/"},"performer":"Organization"},"event_bgcolor":"","event_text_color":""}