{"id":7811,"global_id":"saisonsculturelleschaumont.fr\/mdxpuixt?id=7811","global_id_lineage":["saisonsculturelleschaumont.fr\/mdxpuixt?id=7811"],"author":"3","status":"publish","date":"2022-02-10 14:47:23","date_utc":"2022-02-10 13:47:23","modified":"2022-02-23 09:07:03","modified_utc":"2022-02-23 08:07:03","url":"https:\/\/saisonsculturelleschaumont.fr\/mdxpuixt\/evenement\/signal-sonore-2-olivier-vaughan-par-fabien-vandamme\/","rest_url":"https:\/\/saisonsculturelleschaumont.fr\/mdxpuixt\/wp-json\/tribe\/events\/v1\/events\/7811","title":"Signal Sonore #2 : Olivier Vaughan par Fabien Vandamme","description":"<p>Chaque dernier jeudi du mois, Signal Sonore vous propose de venir \u00e9couter un\u00b7e professionnel\u00b7le de la musique en lien avec le design graphique, tout en sirotant un diabolo, une bi\u00e8re locale, un caf\u00e9, et pourquoi pas une coupe de champagne\u2009! Chaque rencontre est suivie d\u2019une soir\u00e9e musicale.<br \/>\nInvit\u00e9 pour le #2\u2009: Fabien Vandamme, conservateur des biblioth\u00e8ques du r\u00e9seau des biblioth\u00e8ques de Nancy,  r\u00e9cemment commissaire de l&rsquo;exposition VinylesMania au mus\u00e9e de l&rsquo;imprimerie de Lyon, viendra nous parler du graphiste Olivier Vaughan, qui a notamment r\u00e9alis\u00e9 les pochettes d&rsquo;album de groupes tels que les Pixies ou Cocteau Twins. <\/p>\n<p>acc\u00e8s libre pour tous et sans r\u00e9servation\u00a0<\/p>\n<p>https:\/\/www.imprimerie.lyon.fr\/fr\/edito\/vinylesmania<\/p>","excerpt":"","slug":"signal-sonore-2-olivier-vaughan-par-fabien-vandamme","image":{"url":"https:\/\/saisonsculturelleschaumont.fr\/mdxpuixt\/wp-content\/uploads\/2020\/02\/SIGNE-LOGO-org.jpg","id":5241,"extension":"jpg","width":600,"height":473,"sizes":{"medium":{"width":300,"height":300,"mime-type":"image\/jpeg","url":"https:\/\/saisonsculturelleschaumont.fr\/mdxpuixt\/wp-content\/uploads\/2020\/02\/SIGNE-LOGO-org-300x300.jpg"},"thumbnail":{"width":80,"height":80,"mime-type":"image\/jpeg","url":"https:\/\/saisonsculturelleschaumont.fr\/mdxpuixt\/wp-content\/uploads\/2020\/02\/SIGNE-LOGO-org-80x80.jpg"},"fiat_thumb":{"width":60,"height":60,"mime-type":"image\/jpeg","url":"https:\/\/saisonsculturelleschaumont.fr\/mdxpuixt\/wp-content\/uploads\/2020\/02\/SIGNE-LOGO-org-60x60.jpg"},"widget":{"width":36,"height":36,"mime-type":"image\/jpeg","url":"https:\/\/saisonsculturelleschaumont.fr\/mdxpuixt\/wp-content\/uploads\/2020\/02\/SIGNE-LOGO-org-36x36.jpg"},"square":{"width":180,"height":180,"mime-type":"image\/jpeg","url":"https:\/\/saisonsculturelleschaumont.fr\/mdxpuixt\/wp-content\/uploads\/2020\/02\/SIGNE-LOGO-org-180x180.jpg"},"featured":{"width":600,"height":430,"mime-type":"image\/jpeg","url":"https:\/\/saisonsculturelleschaumont.fr\/mdxpuixt\/wp-content\/uploads\/2020\/02\/SIGNE-LOGO-org-600x430.jpg"},"portfolio":{"width":495,"height":400,"mime-type":"image\/jpeg","url":"https:\/\/saisonsculturelleschaumont.fr\/mdxpuixt\/wp-content\/uploads\/2020\/02\/SIGNE-LOGO-org-495x400.jpg"},"portfolio_small":{"width":260,"height":185,"mime-type":"image\/jpeg","url":"https:\/\/saisonsculturelleschaumont.fr\/mdxpuixt\/wp-content\/uploads\/2020\/02\/SIGNE-LOGO-org-260x185.jpg"},"magazine":{"width":600,"height":375,"mime-type":"image\/jpeg","url":"https:\/\/saisonsculturelleschaumont.fr\/mdxpuixt\/wp-content\/uploads\/2020\/02\/SIGNE-LOGO-org-600x375.jpg"},"entry_with_sidebar":{"width":600,"height":321,"mime-type":"image\/jpeg","url":"https:\/\/saisonsculturelleschaumont.fr\/mdxpuixt\/wp-content\/uploads\/2020\/02\/SIGNE-LOGO-org-600x321.jpg"},"entry_without_sidebar":{"width":600,"height":423,"mime-type":"image\/jpeg","url":"https:\/\/saisonsculturelleschaumont.fr\/mdxpuixt\/wp-content\/uploads\/2020\/02\/SIGNE-LOGO-org-600x423.jpg"}}},"all_day":false,"start_date":"2022-02-24 19:00:00","start_date_details":{"year":"2022","month":"02","day":"24","hour":"19","minutes":"00","seconds":"00"},"end_date":"2022-02-24 22:00:00","end_date_details":{"year":"2022","month":"02","day":"24","hour":"22","minutes":"00","seconds":"00"},"utc_start_date":"2022-02-24 18:00:00","utc_start_date_details":{"year":"2022","month":"02","day":"24","hour":"18","minutes":"00","seconds":"00"},"utc_end_date":"2022-02-24 21:00:00","utc_end_date_details":{"year":"2022","month":"02","day":"24","hour":"21","minutes":"00","seconds":"00"},"timezone":"Europe\/Paris","timezone_abbr":"CET","cost":"","cost_details":{"currency_symbol":"","currency_code":"","currency_position":"suffix","values":[]},"website":"https:\/\/www.centrenationaldugraphisme.fr\/le-signe\/activites\/signal-sonore-2","show_map":true,"show_map_link":false,"hide_from_listings":true,"sticky":false,"featured":false,"categories":[{"name":"arts visuels","slug":"arts-visuels","term_group":0,"term_taxonomy_id":42,"taxonomy":"tribe_events_cat","description":"","parent":0,"count":187,"filter":"raw","id":42,"urls":{"self":"https:\/\/saisonsculturelleschaumont.fr\/mdxpuixt\/wp-json\/tribe\/events\/v1\/categories\/42","collection":"https:\/\/saisonsculturelleschaumont.fr\/mdxpuixt\/wp-json\/tribe\/events\/v1\/categories"}}],"tags":[{"name":"adulte","slug":"adulte","term_group":0,"term_taxonomy_id":137,"taxonomy":"post_tag","description":"","parent":0,"count":78,"filter":"raw","id":137,"urls":{"self":"https:\/\/saisonsculturelleschaumont.fr\/mdxpuixt\/wp-json\/tribe\/events\/v1\/tags\/137","collection":"https:\/\/saisonsculturelleschaumont.fr\/mdxpuixt\/wp-json\/tribe\/events\/v1\/tags"}},{"name":"art","slug":"art","term_group":0,"term_taxonomy_id":87,"taxonomy":"post_tag","description":"","parent":0,"count":104,"filter":"raw","id":87,"urls":{"self":"https:\/\/saisonsculturelleschaumont.fr\/mdxpuixt\/wp-json\/tribe\/events\/v1\/tags\/87","collection":"https:\/\/saisonsculturelleschaumont.fr\/mdxpuixt\/wp-json\/tribe\/events\/v1\/tags"}},{"name":"cr\u00e9ation","slug":"creation","term_group":0,"term_taxonomy_id":136,"taxonomy":"post_tag","description":"","parent":0,"count":97,"filter":"raw","id":136,"urls":{"self":"https:\/\/saisonsculturelleschaumont.fr\/mdxpuixt\/wp-json\/tribe\/events\/v1\/tags\/136","collection":"https:\/\/saisonsculturelleschaumont.fr\/mdxpuixt\/wp-json\/tribe\/events\/v1\/tags"}},{"name":"culture","slug":"culture","term_group":0,"term_taxonomy_id":130,"taxonomy":"post_tag","description":"","parent":0,"count":106,"filter":"raw","id":130,"urls":{"self":"https:\/\/saisonsculturelleschaumont.fr\/mdxpuixt\/wp-json\/tribe\/events\/v1\/tags\/130","collection":"https:\/\/saisonsculturelleschaumont.fr\/mdxpuixt\/wp-json\/tribe\/events\/v1\/tags"}},{"name":"enfant","slug":"enfant","term_group":0,"term_taxonomy_id":135,"taxonomy":"post_tag","description":"","parent":0,"count":89,"filter":"raw","id":135,"urls":{"self":"https:\/\/saisonsculturelleschaumont.fr\/mdxpuixt\/wp-json\/tribe\/events\/v1\/tags\/135","collection":"https:\/\/saisonsculturelleschaumont.fr\/mdxpuixt\/wp-json\/tribe\/events\/v1\/tags"}},{"name":"\u00e9tudiant","slug":"etudiant","term_group":0,"term_taxonomy_id":95,"taxonomy":"post_tag","description":"","parent":0,"count":18,"filter":"raw","id":95,"urls":{"self":"https:\/\/saisonsculturelleschaumont.fr\/mdxpuixt\/wp-json\/tribe\/events\/v1\/tags\/95","collection":"https:\/\/saisonsculturelleschaumont.fr\/mdxpuixt\/wp-json\/tribe\/events\/v1\/tags"}},{"name":"livres","slug":"livres","term_group":0,"term_taxonomy_id":127,"taxonomy":"post_tag","description":"","parent":0,"count":18,"filter":"raw","id":127,"urls":{"self":"https:\/\/saisonsculturelleschaumont.fr\/mdxpuixt\/wp-json\/tribe\/events\/v1\/tags\/127","collection":"https:\/\/saisonsculturelleschaumont.fr\/mdxpuixt\/wp-json\/tribe\/events\/v1\/tags"}},{"name":"mus\u00e9e","slug":"musee","term_group":0,"term_taxonomy_id":85,"taxonomy":"post_tag","description":"","parent":0,"count":51,"filter":"raw","id":85,"urls":{"self":"https:\/\/saisonsculturelleschaumont.fr\/mdxpuixt\/wp-json\/tribe\/events\/v1\/tags\/85","collection":"https:\/\/saisonsculturelleschaumont.fr\/mdxpuixt\/wp-json\/tribe\/events\/v1\/tags"}}],"venue":{"id":3505,"author":"3","status":"publish","date":"2019-08-24 16:58:08","date_utc":"2019-08-24 14:58:08","modified":"2019-08-24 16:58:08","modified_utc":"2019-08-24 14:58:08","url":"https:\/\/saisonsculturelleschaumont.fr\/mdxpuixt\/ou\/le-signe\/","venue":"le signe","slug":"le-signe","address":"1 place Emile Goguenheim","city":"Chaumont","zip":"52000","phone":"0325357901","website":"https:\/\/centrenationaldugraphisme.fr\/#home","json_ld":{"@type":"Place","name":"le signe","description":"","url":"https:\/\/saisonsculturelleschaumont.fr\/mdxpuixt\/ou\/le-signe\/","address":{"@type":"PostalAddress","streetAddress":"1 place Emile Goguenheim","addressLocality":"Chaumont","postalCode":"52000"},"telephone":"0325357901","sameAs":"https:\/\/centrenationaldugraphisme.fr\/#home"},"show_map":true,"show_map_link":true,"global_id":"saisonsculturelleschaumont.fr\/mdxpuixt?id=3505","global_id_lineage":["saisonsculturelleschaumont.fr\/mdxpuixt?id=3505"]},"organizer":[{"id":2907,"author":"3","status":"publish","date":"2019-07-11 19:36:09","date_utc":"2019-07-11 17:36:09","modified":"2020-02-15 01:12:17","modified_utc":"2020-02-15 00:12:17","url":"https:\/\/saisonsculturelleschaumont.fr\/mdxpuixt\/qui\/le-signe\/","organizer":"le signe","slug":"le-signe","image":{"url":"https:\/\/saisonsculturelleschaumont.fr\/mdxpuixt\/wp-content\/uploads\/2020\/02\/SIGNE-LOGO-org.jpg","id":5241,"extension":"jpg","width":600,"height":473,"sizes":{"medium":{"width":300,"height":300,"mime-type":"image\/jpeg","url":"https:\/\/saisonsculturelleschaumont.fr\/mdxpuixt\/wp-content\/uploads\/2020\/02\/SIGNE-LOGO-org-300x300.jpg"},"thumbnail":{"width":80,"height":80,"mime-type":"image\/jpeg","url":"https:\/\/saisonsculturelleschaumont.fr\/mdxpuixt\/wp-content\/uploads\/2020\/02\/SIGNE-LOGO-org-80x80.jpg"},"fiat_thumb":{"width":60,"height":60,"mime-type":"image\/jpeg","url":"https:\/\/saisonsculturelleschaumont.fr\/mdxpuixt\/wp-content\/uploads\/2020\/02\/SIGNE-LOGO-org-60x60.jpg"},"widget":{"width":36,"height":36,"mime-type":"image\/jpeg","url":"https:\/\/saisonsculturelleschaumont.fr\/mdxpuixt\/wp-content\/uploads\/2020\/02\/SIGNE-LOGO-org-36x36.jpg"},"square":{"width":180,"height":180,"mime-type":"image\/jpeg","url":"https:\/\/saisonsculturelleschaumont.fr\/mdxpuixt\/wp-content\/uploads\/2020\/02\/SIGNE-LOGO-org-180x180.jpg"},"featured":{"width":600,"height":430,"mime-type":"image\/jpeg","url":"https:\/\/saisonsculturelleschaumont.fr\/mdxpuixt\/wp-content\/uploads\/2020\/02\/SIGNE-LOGO-org-600x430.jpg"},"portfolio":{"width":495,"height":400,"mime-type":"image\/jpeg","url":"https:\/\/saisonsculturelleschaumont.fr\/mdxpuixt\/wp-content\/uploads\/2020\/02\/SIGNE-LOGO-org-495x400.jpg"},"portfolio_small":{"width":260,"height":185,"mime-type":"image\/jpeg","url":"https:\/\/saisonsculturelleschaumont.fr\/mdxpuixt\/wp-content\/uploads\/2020\/02\/SIGNE-LOGO-org-260x185.jpg"},"magazine":{"width":600,"height":375,"mime-type":"image\/jpeg","url":"https:\/\/saisonsculturelleschaumont.fr\/mdxpuixt\/wp-content\/uploads\/2020\/02\/SIGNE-LOGO-org-600x375.jpg"},"entry_with_sidebar":{"width":600,"height":321,"mime-type":"image\/jpeg","url":"https:\/\/saisonsculturelleschaumont.fr\/mdxpuixt\/wp-content\/uploads\/2020\/02\/SIGNE-LOGO-org-600x321.jpg"},"entry_without_sidebar":{"width":600,"height":423,"mime-type":"image\/jpeg","url":"https:\/\/saisonsculturelleschaumont.fr\/mdxpuixt\/wp-content\/uploads\/2020\/02\/SIGNE-LOGO-org-600x423.jpg"}}},"phone":"03 25 35 79 01","website":"https:\/\/centrenationaldugraphisme.fr","email":"contact@cndg.fr","json_ld":{"@type":"Person","name":"le signe","description":"","image":"https:\/\/saisonsculturelleschaumont.fr\/mdxpuixt\/wp-content\/uploads\/2020\/02\/SIGNE-LOGO-org.jpg","url":"https:\/\/centrenationaldugraphisme.fr","telephone":"03 25 35 79 01","email":"conta&#99;t&#64;cnd&#103;.f&#114;","sameAs":"https:\/\/centrenationaldugraphisme.fr"},"global_id":"saisonsculturelleschaumont.fr\/mdxpuixt?id=2907","global_id_lineage":["saisonsculturelleschaumont.fr\/mdxpuixt?id=2907"]}],"json_ld":{"@context":"http:\/\/schema.org","@type":"Event","name":"Signal Sonore #2 : Olivier Vaughan par Fabien Vandamme","description":"&lt;p&gt;Chaque dernier jeudi du mois, Signal Sonore vous propose de venir \u00e9couter un\u00b7e professionnel\u00b7le de la musique en lien avec le design graphique, tout en sirotant un diabolo, une bi\u00e8re [&hellip;]&lt;\/p&gt;\\n","image":"https:\/\/saisonsculturelleschaumont.fr\/mdxpuixt\/wp-content\/uploads\/2020\/02\/SIGNE-LOGO-org.jpg","url":"https:\/\/saisonsculturelleschaumont.fr\/mdxpuixt\/evenement\/signal-sonore-2-olivier-vaughan-par-fabien-vandamme\/","eventAttendanceMode":"https:\/\/schema.org\/OfflineEventAttendanceMode","eventStatus":"https:\/\/schema.org\/EventScheduled","startDate":"2022-02-24T19:00:00+01:00","endDate":"2022-02-24T22:00:00+01:00","location":{"@type":"Place","name":"le signe","description":"","url":"https:\/\/saisonsculturelleschaumont.fr\/mdxpuixt\/ou\/le-signe\/","address":{"@type":"PostalAddress","streetAddress":"1 place Emile Goguenheim","addressLocality":"Chaumont","postalCode":"52000"},"telephone":"0325357901","sameAs":"https:\/\/centrenationaldugraphisme.fr\/#home"},"organizer":{"@type":"Person","name":"le signe","description":"","image":"https:\/\/saisonsculturelleschaumont.fr\/mdxpuixt\/wp-content\/uploads\/2020\/02\/SIGNE-LOGO-org.jpg","url":"https:\/\/centrenationaldugraphisme.fr","telephone":"03 25 35 79 01","email":"c&#111;&#110;&#116;&#97;ct&#64;c&#110;dg&#46;f&#114;","sameAs":"https:\/\/centrenationaldugraphisme.fr"},"performer":"Organization"},"event_bgcolor":"","event_text_color":""}