{"id":8161,"global_id":"saisonsculturelleschaumont.fr\/mdxpuixt?id=8161","global_id_lineage":["saisonsculturelleschaumont.fr\/mdxpuixt?id=8161"],"author":"3","status":"publish","date":"2022-03-03 10:22:43","date_utc":"2022-03-03 09:22:43","modified":"2023-09-15 15:03:23","modified_utc":"2023-09-15 13:03:23","url":"https:\/\/saisonsculturelleschaumont.fr\/mdxpuixt\/evenement\/passe-pour-leurope\/","rest_url":"https:\/\/saisonsculturelleschaumont.fr\/mdxpuixt\/wp-json\/tribe\/events\/v1\/events\/8161","title":"Passe pour l&rsquo;Europe !","description":"<p>Ouverture des fronti\u00e8res\u00a0: un p\u00e9riple allemand avec la famille Bach, un tour sur les canaux de Venise avec Vivaldi et les vagabondages de Haendel.<\/p>\n<p>Laissez-vous embarquer pour un voyage musical \u00e9mouvant, solennel et festif, avec l\u2019Ensemble vocal <em>Mont\u00e9clair<\/em> et les quinze musiciens de l\u2019Ensemble instrumental <em>La R\u00e9jouissance<\/em>, sous la direction de Stefano Intrieri .<\/p>\n<p>&nbsp;<\/p>\n<p><strong>Au programme<\/strong>\u00a0: des motets de J.M. et J.C. Bach, des psaumes de A. Vivaldi, des morceaux choisis de la musique fran\u00e7aise (J-P. Rameau, Pignolet de Mont\u00e9clair, P. Collasse) et des ch\u0153urs du <em>Messie<\/em> de G.F.Haendel<\/p>\n<p>&nbsp;<\/p>\n<p>Tout public<\/p>\n<p>15\u20ac (gratuit pour les moins de 25 ans)<\/p>\n<p>R\u00e9servation conseill\u00e9e sur <a href=\"https:\/\/www.helloasso.com\/associations\/ensemble-vocal-monteclair\">https:\/\/www.helloasso.com\/associations\/ensemble-vocal-monteclair<\/a><\/p>","excerpt":"","slug":"passe-pour-leurope","image":{"url":"https:\/\/saisonsculturelleschaumont.fr\/mdxpuixt\/wp-content\/uploads\/2022\/03\/P1000018-e1646299352738.jpg","id":8165,"extension":"jpg","width":650,"height":436,"sizes":{"medium":{"width":300,"height":300,"mime-type":"image\/jpeg","url":"https:\/\/saisonsculturelleschaumont.fr\/mdxpuixt\/wp-content\/uploads\/2022\/03\/P1000018-300x300.jpg"},"large":{"width":1030,"height":796,"mime-type":"image\/jpeg","url":"https:\/\/saisonsculturelleschaumont.fr\/mdxpuixt\/wp-content\/uploads\/2022\/03\/P1000018-1030x796.jpg"},"thumbnail":{"width":80,"height":80,"mime-type":"image\/jpeg","url":"https:\/\/saisonsculturelleschaumont.fr\/mdxpuixt\/wp-content\/uploads\/2022\/03\/P1000018-80x80.jpg"},"medium_large":{"width":768,"height":768,"mime-type":"image\/jpeg","url":"https:\/\/saisonsculturelleschaumont.fr\/mdxpuixt\/wp-content\/uploads\/2022\/03\/P1000018-768x768.jpg"},"fiat_thumb":{"width":60,"height":60,"mime-type":"image\/jpeg","url":"https:\/\/saisonsculturelleschaumont.fr\/mdxpuixt\/wp-content\/uploads\/2022\/03\/P1000018-60x60.jpg"},"widget":{"width":36,"height":36,"mime-type":"image\/jpeg","url":"https:\/\/saisonsculturelleschaumont.fr\/mdxpuixt\/wp-content\/uploads\/2022\/03\/P1000018-36x36.jpg"},"square":{"width":180,"height":180,"mime-type":"image\/jpeg","url":"https:\/\/saisonsculturelleschaumont.fr\/mdxpuixt\/wp-content\/uploads\/2022\/03\/P1000018-180x180.jpg"},"featured":{"width":1187,"height":430,"mime-type":"image\/jpeg","url":"https:\/\/saisonsculturelleschaumont.fr\/mdxpuixt\/wp-content\/uploads\/2022\/03\/P1000018-1187x430.jpg"},"featured_large":{"width":1187,"height":630,"mime-type":"image\/jpeg","url":"https:\/\/saisonsculturelleschaumont.fr\/mdxpuixt\/wp-content\/uploads\/2022\/03\/P1000018-1187x630.jpg"},"portfolio":{"width":495,"height":400,"mime-type":"image\/jpeg","url":"https:\/\/saisonsculturelleschaumont.fr\/mdxpuixt\/wp-content\/uploads\/2022\/03\/P1000018-495x400.jpg"},"portfolio_small":{"width":260,"height":185,"mime-type":"image\/jpeg","url":"https:\/\/saisonsculturelleschaumont.fr\/mdxpuixt\/wp-content\/uploads\/2022\/03\/P1000018-260x185.jpg"},"gallery":{"width":845,"height":684,"mime-type":"image\/jpeg","url":"https:\/\/saisonsculturelleschaumont.fr\/mdxpuixt\/wp-content\/uploads\/2022\/03\/P1000018-845x684.jpg"},"magazine":{"width":710,"height":375,"mime-type":"image\/jpeg","url":"https:\/\/saisonsculturelleschaumont.fr\/mdxpuixt\/wp-content\/uploads\/2022\/03\/P1000018-710x375.jpg"},"masonry":{"width":705,"height":473,"mime-type":"image\/jpeg","url":"https:\/\/saisonsculturelleschaumont.fr\/mdxpuixt\/wp-content\/uploads\/2022\/03\/P1000018-705x473.jpg"},"entry_with_sidebar":{"width":845,"height":321,"mime-type":"image\/jpeg","url":"https:\/\/saisonsculturelleschaumont.fr\/mdxpuixt\/wp-content\/uploads\/2022\/03\/P1000018-845x321.jpg"},"entry_without_sidebar":{"width":1187,"height":423,"mime-type":"image\/jpeg","url":"https:\/\/saisonsculturelleschaumont.fr\/mdxpuixt\/wp-content\/uploads\/2022\/03\/P1000018-1187x423.jpg"}}},"all_day":false,"start_date":"2022-06-26 18:00:00","start_date_details":{"year":"2022","month":"06","day":"26","hour":"18","minutes":"00","seconds":"00"},"end_date":"2022-06-26 19:15:00","end_date_details":{"year":"2022","month":"06","day":"26","hour":"19","minutes":"15","seconds":"00"},"utc_start_date":"2022-06-26 16:00:00","utc_start_date_details":{"year":"2022","month":"06","day":"26","hour":"16","minutes":"00","seconds":"00"},"utc_end_date":"2022-06-26 17:15:00","utc_end_date_details":{"year":"2022","month":"06","day":"26","hour":"17","minutes":"15","seconds":"00"},"timezone":"Europe\/Paris","timezone_abbr":"CEST","cost":"15 \u20ac","cost_details":{"currency_symbol":"","currency_code":"","currency_position":"suffix","values":["15"]},"website":"","show_map":true,"show_map_link":true,"hide_from_listings":true,"sticky":false,"featured":false,"categories":[{"name":"musique","slug":"musique","term_group":0,"term_taxonomy_id":305,"taxonomy":"tribe_events_cat","description":"","parent":0,"count":238,"filter":"raw","id":305,"urls":{"self":"https:\/\/saisonsculturelleschaumont.fr\/mdxpuixt\/wp-json\/tribe\/events\/v1\/categories\/305","collection":"https:\/\/saisonsculturelleschaumont.fr\/mdxpuixt\/wp-json\/tribe\/events\/v1\/categories"}}],"tags":[{"name":"classique","slug":"classique","term_group":0,"term_taxonomy_id":287,"taxonomy":"post_tag","description":"","parent":0,"count":4,"filter":"raw","id":287,"urls":{"self":"https:\/\/saisonsculturelleschaumont.fr\/mdxpuixt\/wp-json\/tribe\/events\/v1\/tags\/287","collection":"https:\/\/saisonsculturelleschaumont.fr\/mdxpuixt\/wp-json\/tribe\/events\/v1\/tags"}},{"name":"concert","slug":"concert","term_group":0,"term_taxonomy_id":51,"taxonomy":"post_tag","description":"","parent":0,"count":188,"filter":"raw","id":51,"urls":{"self":"https:\/\/saisonsculturelleschaumont.fr\/mdxpuixt\/wp-json\/tribe\/events\/v1\/tags\/51","collection":"https:\/\/saisonsculturelleschaumont.fr\/mdxpuixt\/wp-json\/tribe\/events\/v1\/tags"}},{"name":"ensemble vocal","slug":"ensemble-vocal","term_group":0,"term_taxonomy_id":288,"taxonomy":"post_tag","description":"","parent":0,"count":1,"filter":"raw","id":288,"urls":{"self":"https:\/\/saisonsculturelleschaumont.fr\/mdxpuixt\/wp-json\/tribe\/events\/v1\/tags\/288","collection":"https:\/\/saisonsculturelleschaumont.fr\/mdxpuixt\/wp-json\/tribe\/events\/v1\/tags"}},{"name":"musique","slug":"musique","term_group":0,"term_taxonomy_id":99,"taxonomy":"post_tag","description":"","parent":0,"count":203,"filter":"raw","id":99,"urls":{"self":"https:\/\/saisonsculturelleschaumont.fr\/mdxpuixt\/wp-json\/tribe\/events\/v1\/tags\/99","collection":"https:\/\/saisonsculturelleschaumont.fr\/mdxpuixt\/wp-json\/tribe\/events\/v1\/tags"}}],"venue":{"id":8168,"author":"3","status":"publish","date":"2022-03-03 10:22:43","date_utc":"2022-03-03 09:22:43","modified":"2022-03-03 10:22:43","modified_utc":"2022-03-03 09:22:43","url":"https:\/\/saisonsculturelleschaumont.fr\/mdxpuixt\/ou\/leglise-notre-dame-du-rosaire-2\/","venue":"l&rsquo;\u00e9glise Notre Dame du Rosaire","slug":"leglise-notre-dame-du-rosaire-2","address":"15 Rue des Platanes","city":"Chaumont","zip":"52000","json_ld":{"@type":"Place","name":"l&rsquo;\u00e9glise Notre Dame du Rosaire","description":"","url":"https:\/\/saisonsculturelleschaumont.fr\/mdxpuixt\/ou\/leglise-notre-dame-du-rosaire-2\/","address":{"@type":"PostalAddress","streetAddress":"15 Rue des Platanes","addressLocality":"Chaumont","postalCode":"52000"},"telephone":"","sameAs":""},"show_map":true,"show_map_link":true,"global_id":"saisonsculturelleschaumont.fr\/mdxpuixt?id=8168","global_id_lineage":["saisonsculturelleschaumont.fr\/mdxpuixt?id=8168"]},"organizer":[{"id":8169,"author":"3","status":"publish","date":"2022-03-03 10:22:43","date_utc":"2022-03-03 09:22:43","modified":"2022-03-03 10:22:43","modified_utc":"2022-03-03 09:22:43","url":"https:\/\/saisonsculturelleschaumont.fr\/mdxpuixt\/qui\/lensemble-vocal-monteclair-2\/","organizer":"l&rsquo;ensemble vocal Mont\u00e9clair","slug":"lensemble-vocal-monteclair-2","website":"www.evmonteclair.fr","json_ld":{"@type":"Person","name":"l&rsquo;ensemble vocal Mont\u00e9clair","description":"","url":"http:\/\/www.evmonteclair.fr","telephone":"","email":"","sameAs":"http:\/\/www.evmonteclair.fr"},"global_id":"saisonsculturelleschaumont.fr\/mdxpuixt?id=8169","global_id_lineage":["saisonsculturelleschaumont.fr\/mdxpuixt?id=8169"]}],"json_ld":{"@context":"http:\/\/schema.org","@type":"Event","name":"Passe pour l&rsquo;Europe !","description":"&lt;p&gt;Ouverture des fronti\u00e8res\u00a0: un p\u00e9riple allemand avec la famille Bach, un tour sur les canaux de Venise avec Vivaldi et les vagabondages de Haendel. Laissez-vous embarquer pour un voyage musical [&hellip;]&lt;\/p&gt;\\n","image":"https:\/\/saisonsculturelleschaumont.fr\/mdxpuixt\/wp-content\/uploads\/2022\/03\/P1000018-e1646299352738.jpg","url":"https:\/\/saisonsculturelleschaumont.fr\/mdxpuixt\/evenement\/passe-pour-leurope\/","eventAttendanceMode":"https:\/\/schema.org\/OfflineEventAttendanceMode","eventStatus":"https:\/\/schema.org\/EventScheduled","startDate":"2022-06-26T18:00:00+02:00","endDate":"2022-06-26T19:15:00+02:00","location":{"@type":"Place","name":"l&rsquo;\u00e9glise Notre Dame du Rosaire","description":"","url":"https:\/\/saisonsculturelleschaumont.fr\/mdxpuixt\/ou\/leglise-notre-dame-du-rosaire-2\/","address":{"@type":"PostalAddress","streetAddress":"15 Rue des Platanes","addressLocality":"Chaumont","postalCode":"52000"},"telephone":"","sameAs":""},"organizer":{"@type":"Person","name":"l&rsquo;ensemble vocal Mont\u00e9clair","description":"","url":"http:\/\/www.evmonteclair.fr","telephone":"","email":"","sameAs":"http:\/\/www.evmonteclair.fr"},"offers":{"@type":"Offer","price":"15","priceCurrency":"EUR","url":"https:\/\/saisonsculturelleschaumont.fr\/mdxpuixt\/evenement\/passe-pour-leurope\/","category":"primary","availability":"inStock","validFrom":"2022-03-03T00:00:00+00:00"},"performer":"Organization"},"event_bgcolor":"","event_text_color":""}