{"id":8347,"global_id":"saisonsculturelleschaumont.fr\/mdxpuixt?id=8347","global_id_lineage":["saisonsculturelleschaumont.fr\/mdxpuixt?id=8347"],"author":"3","status":"publish","date":"2022-03-15 15:46:55","date_utc":"2022-03-15 14:46:55","modified":"2023-09-15 15:03:25","modified_utc":"2023-09-15 13:03:25","url":"https:\/\/saisonsculturelleschaumont.fr\/mdxpuixt\/evenement\/seances-de-cinema-speciales-parents-enfants-la-fete-du-court-metrage\/","rest_url":"https:\/\/saisonsculturelleschaumont.fr\/mdxpuixt\/wp-json\/tribe\/events\/v1\/events\/8347","title":"S\u00e9ances de cin\u00e9ma sp\u00e9ciales &lsquo;Parents-enfants&rsquo; &#8211; LA F\u00caTE DU COURT M\u00c9TRAGE","description":"<p><span class=\"Apple-converted-space\">Dans le cadre de la programmation de la MJC pour LA F\u00caTE DU COURT M\u00c9TRAGE<\/span><\/p>\n<p><b>Pour les 5-7 anset les 7-10 ans.\u00a0<\/b>S\u00e9ances sp\u00e9ciales <b>\u00ab Parents enfants \u00bb.<span class=\"Apple-converted-space\">\u00a0<\/span><\/b><\/p>\n<p><i>Partenariat MJC, \u00ab Saisons Culturelles &#8211; Villes et utopie \u00bb de la ville de Chaumont.<span class=\"Apple-converted-space\">\u00a0<\/span><\/i><\/p>\n<p>Film, films d\u2019animation et dessins anim\u00e9s <b>\u00ab Mes quatre Saisons \u00bb, \u00ab Villes et Villages insolites \u00bb<\/b>.<span class=\"Apple-converted-space\">\u00a0<\/span><\/p>\n<p><b>Petit d\u00e9jeuner offert <\/b>au cin\u00e9ma avant les s\u00e9ances de 10h30 \u00e0 11h00.<span class=\"Apple-converted-space\">\u00a0<\/span><\/p>","excerpt":"","slug":"seances-de-cinema-speciales-parents-enfants-la-fete-du-court-metrage","image":{"url":"https:\/\/saisonsculturelleschaumont.fr\/mdxpuixt\/wp-content\/uploads\/2022\/03\/Affiche-20-mars-5-10ans-fete-du-court-metrage_page-0001-scaled-e1647355556377.jpg","id":8344,"extension":"jpg","width":650,"height":919,"sizes":{"medium":{"width":300,"height":300,"mime-type":"image\/jpeg","url":"https:\/\/saisonsculturelleschaumont.fr\/mdxpuixt\/wp-content\/uploads\/2022\/03\/Affiche-20-mars-5-10ans-fete-du-court-metrage_page-0001-300x300.jpg"},"large":{"width":1030,"height":1030,"mime-type":"image\/jpeg","url":"https:\/\/saisonsculturelleschaumont.fr\/mdxpuixt\/wp-content\/uploads\/2022\/03\/Affiche-20-mars-5-10ans-fete-du-court-metrage_page-0001-1030x1030.jpg"},"thumbnail":{"width":80,"height":80,"mime-type":"image\/jpeg","url":"https:\/\/saisonsculturelleschaumont.fr\/mdxpuixt\/wp-content\/uploads\/2022\/03\/Affiche-20-mars-5-10ans-fete-du-court-metrage_page-0001-80x80.jpg"},"medium_large":{"width":768,"height":768,"mime-type":"image\/jpeg","url":"https:\/\/saisonsculturelleschaumont.fr\/mdxpuixt\/wp-content\/uploads\/2022\/03\/Affiche-20-mars-5-10ans-fete-du-court-metrage_page-0001-768x768.jpg"},"1536x1536":{"width":1086,"height":1536,"mime-type":"image\/jpeg","url":"https:\/\/saisonsculturelleschaumont.fr\/mdxpuixt\/wp-content\/uploads\/2022\/03\/Affiche-20-mars-5-10ans-fete-du-court-metrage_page-0001-1086x1536.jpg"},"2048x2048":{"width":1448,"height":2048,"mime-type":"image\/jpeg","url":"https:\/\/saisonsculturelleschaumont.fr\/mdxpuixt\/wp-content\/uploads\/2022\/03\/Affiche-20-mars-5-10ans-fete-du-court-metrage_page-0001-1448x2048.jpg"},"fiat_thumb":{"width":60,"height":60,"mime-type":"image\/jpeg","url":"https:\/\/saisonsculturelleschaumont.fr\/mdxpuixt\/wp-content\/uploads\/2022\/03\/Affiche-20-mars-5-10ans-fete-du-court-metrage_page-0001-60x60.jpg"},"widget":{"width":36,"height":36,"mime-type":"image\/jpeg","url":"https:\/\/saisonsculturelleschaumont.fr\/mdxpuixt\/wp-content\/uploads\/2022\/03\/Affiche-20-mars-5-10ans-fete-du-court-metrage_page-0001-36x36.jpg"},"square":{"width":180,"height":180,"mime-type":"image\/jpeg","url":"https:\/\/saisonsculturelleschaumont.fr\/mdxpuixt\/wp-content\/uploads\/2022\/03\/Affiche-20-mars-5-10ans-fete-du-court-metrage_page-0001-180x180.jpg"},"featured":{"width":1500,"height":430,"mime-type":"image\/jpeg","url":"https:\/\/saisonsculturelleschaumont.fr\/mdxpuixt\/wp-content\/uploads\/2022\/03\/Affiche-20-mars-5-10ans-fete-du-court-metrage_page-0001-1500x430.jpg"},"featured_large":{"width":1500,"height":630,"mime-type":"image\/jpeg","url":"https:\/\/saisonsculturelleschaumont.fr\/mdxpuixt\/wp-content\/uploads\/2022\/03\/Affiche-20-mars-5-10ans-fete-du-court-metrage_page-0001-1500x630.jpg"},"extra_large":{"width":1060,"height":1500,"mime-type":"image\/jpeg","url":"https:\/\/saisonsculturelleschaumont.fr\/mdxpuixt\/wp-content\/uploads\/2022\/03\/Affiche-20-mars-5-10ans-fete-du-court-metrage_page-0001-1060x1500.jpg"},"portfolio":{"width":495,"height":400,"mime-type":"image\/jpeg","url":"https:\/\/saisonsculturelleschaumont.fr\/mdxpuixt\/wp-content\/uploads\/2022\/03\/Affiche-20-mars-5-10ans-fete-du-court-metrage_page-0001-495x400.jpg"},"portfolio_small":{"width":260,"height":185,"mime-type":"image\/jpeg","url":"https:\/\/saisonsculturelleschaumont.fr\/mdxpuixt\/wp-content\/uploads\/2022\/03\/Affiche-20-mars-5-10ans-fete-du-court-metrage_page-0001-260x185.jpg"},"gallery":{"width":845,"height":684,"mime-type":"image\/jpeg","url":"https:\/\/saisonsculturelleschaumont.fr\/mdxpuixt\/wp-content\/uploads\/2022\/03\/Affiche-20-mars-5-10ans-fete-du-court-metrage_page-0001-845x684.jpg"},"magazine":{"width":710,"height":375,"mime-type":"image\/jpeg","url":"https:\/\/saisonsculturelleschaumont.fr\/mdxpuixt\/wp-content\/uploads\/2022\/03\/Affiche-20-mars-5-10ans-fete-du-court-metrage_page-0001-710x375.jpg"},"masonry":{"width":498,"height":705,"mime-type":"image\/jpeg","url":"https:\/\/saisonsculturelleschaumont.fr\/mdxpuixt\/wp-content\/uploads\/2022\/03\/Affiche-20-mars-5-10ans-fete-du-court-metrage_page-0001-498x705.jpg"},"entry_with_sidebar":{"width":845,"height":321,"mime-type":"image\/jpeg","url":"https:\/\/saisonsculturelleschaumont.fr\/mdxpuixt\/wp-content\/uploads\/2022\/03\/Affiche-20-mars-5-10ans-fete-du-court-metrage_page-0001-845x321.jpg"},"entry_without_sidebar":{"width":1210,"height":423,"mime-type":"image\/jpeg","url":"https:\/\/saisonsculturelleschaumont.fr\/mdxpuixt\/wp-content\/uploads\/2022\/03\/Affiche-20-mars-5-10ans-fete-du-court-metrage_page-0001-1210x423.jpg"},"cmplz_banner_image":{"width":350,"height":100,"mime-type":"image\/jpeg","url":"https:\/\/saisonsculturelleschaumont.fr\/mdxpuixt\/wp-content\/uploads\/2022\/03\/Affiche-20-mars-5-10ans-fete-du-court-metrage_page-0001-350x100.jpg"}},"original_image":"Affiche-20-mars-5-10ans-fete-du-court-metrage_page-0001.jpg"},"all_day":false,"start_date":"2022-03-20 11:00:00","start_date_details":{"year":"2022","month":"03","day":"20","hour":"11","minutes":"00","seconds":"00"},"end_date":"2022-03-20 11:45:00","end_date_details":{"year":"2022","month":"03","day":"20","hour":"11","minutes":"45","seconds":"00"},"utc_start_date":"2022-03-20 10:00:00","utc_start_date_details":{"year":"2022","month":"03","day":"20","hour":"10","minutes":"00","seconds":"00"},"utc_end_date":"2022-03-20 10:45:00","utc_end_date_details":{"year":"2022","month":"03","day":"20","hour":"10","minutes":"45","seconds":"00"},"timezone":"Europe\/Paris","timezone_abbr":"CET","cost":"","cost_details":{"currency_symbol":"","currency_code":"","currency_position":"suffix","values":[]},"website":"","show_map":true,"show_map_link":true,"hide_from_listings":true,"sticky":false,"featured":false,"categories":[{"name":"musique","slug":"musique","term_group":0,"term_taxonomy_id":305,"taxonomy":"tribe_events_cat","description":"","parent":0,"count":238,"filter":"raw","id":305,"urls":{"self":"https:\/\/saisonsculturelleschaumont.fr\/mdxpuixt\/wp-json\/tribe\/events\/v1\/categories\/305","collection":"https:\/\/saisonsculturelleschaumont.fr\/mdxpuixt\/wp-json\/tribe\/events\/v1\/categories"}}],"tags":[{"name":"cin\u00e9ma","slug":"cinema","term_group":0,"term_taxonomy_id":88,"taxonomy":"post_tag","description":"","parent":0,"count":31,"filter":"raw","id":88,"urls":{"self":"https:\/\/saisonsculturelleschaumont.fr\/mdxpuixt\/wp-json\/tribe\/events\/v1\/tags\/88","collection":"https:\/\/saisonsculturelleschaumont.fr\/mdxpuixt\/wp-json\/tribe\/events\/v1\/tags"}},{"name":"festival","slug":"festival","term_group":0,"term_taxonomy_id":188,"taxonomy":"post_tag","description":"","parent":0,"count":17,"filter":"raw","id":188,"urls":{"self":"https:\/\/saisonsculturelleschaumont.fr\/mdxpuixt\/wp-json\/tribe\/events\/v1\/tags\/188","collection":"https:\/\/saisonsculturelleschaumont.fr\/mdxpuixt\/wp-json\/tribe\/events\/v1\/tags"}},{"name":"film","slug":"film","term_group":0,"term_taxonomy_id":93,"taxonomy":"post_tag","description":"","parent":0,"count":24,"filter":"raw","id":93,"urls":{"self":"https:\/\/saisonsculturelleschaumont.fr\/mdxpuixt\/wp-json\/tribe\/events\/v1\/tags\/93","collection":"https:\/\/saisonsculturelleschaumont.fr\/mdxpuixt\/wp-json\/tribe\/events\/v1\/tags"}}],"venue":{"id":2962,"author":"3","status":"publish","date":"2019-08-02 14:33:50","date_utc":"2019-08-02 12:33:50","modified":"2019-08-24 16:58:32","modified_utc":"2019-08-24 14:58:32","url":"https:\/\/saisonsculturelleschaumont.fr\/mdxpuixt\/ou\/le-cinema-a-laffiche\/","venue":"le cin\u00e9ma \u00e0 l&rsquo;affiche","slug":"le-cinema-a-laffiche","address":"7 place Emile Goguenheim","city":"CHAUMONT","zip":"52 000","phone":"03 25 35 00 46","website":"https:\/\/www.chaumont-cinemas.com","json_ld":{"@type":"Place","name":"le cin\u00e9ma \u00e0 l&rsquo;affiche","description":"","url":"https:\/\/saisonsculturelleschaumont.fr\/mdxpuixt\/ou\/le-cinema-a-laffiche\/","address":{"@type":"PostalAddress","streetAddress":"7 place Emile Goguenheim","addressLocality":"CHAUMONT","postalCode":"52 000"},"telephone":"03 25 35 00 46","sameAs":"https:\/\/www.chaumont-cinemas.com"},"show_map":true,"show_map_link":true,"global_id":"saisonsculturelleschaumont.fr\/mdxpuixt?id=2962","global_id_lineage":["saisonsculturelleschaumont.fr\/mdxpuixt?id=2962"]},"organizer":[{"id":3531,"author":"3","status":"publish","date":"2019-08-24 17:53:44","date_utc":"2019-08-24 15:53:44","modified":"2021-06-16 11:25:14","modified_utc":"2021-06-16 09:25:14","url":"https:\/\/saisonsculturelleschaumont.fr\/mdxpuixt\/qui\/la-mjc\/","organizer":"la MJC","slug":"la-mjc","website":"https:\/\/mjc-chaumont52.jimdo.com","json_ld":{"@type":"Person","name":"la MJC","description":"","url":"https:\/\/mjc-chaumont52.jimdo.com","telephone":"","email":"","sameAs":"https:\/\/mjc-chaumont52.jimdo.com"},"global_id":"saisonsculturelleschaumont.fr\/mdxpuixt?id=3531","global_id_lineage":["saisonsculturelleschaumont.fr\/mdxpuixt?id=3531"]}],"json_ld":{"@context":"http:\/\/schema.org","@type":"Event","name":"S\u00e9ances de cin\u00e9ma sp\u00e9ciales &lsquo;Parents-enfants&rsquo; &#8211; LA F\u00caTE DU COURT M\u00c9TRAGE","description":"&lt;p&gt;Dans le cadre de la programmation de la MJC pour LA F\u00caTE DU COURT M\u00c9TRAGE Pour les 5-7 anset les 7-10 ans.\u00a0S\u00e9ances sp\u00e9ciales \u00ab Parents enfants \u00bb.\u00a0 Partenariat MJC, \u00ab [&hellip;]&lt;\/p&gt;\\n","image":"https:\/\/saisonsculturelleschaumont.fr\/mdxpuixt\/wp-content\/uploads\/2022\/03\/Affiche-20-mars-5-10ans-fete-du-court-metrage_page-0001-scaled-e1647355556377.jpg","url":"https:\/\/saisonsculturelleschaumont.fr\/mdxpuixt\/evenement\/seances-de-cinema-speciales-parents-enfants-la-fete-du-court-metrage\/","eventAttendanceMode":"https:\/\/schema.org\/OfflineEventAttendanceMode","eventStatus":"https:\/\/schema.org\/EventScheduled","startDate":"2022-03-20T11:00:00+01:00","endDate":"2022-03-20T11:45:00+01:00","location":{"@type":"Place","name":"le cin\u00e9ma \u00e0 l&rsquo;affiche","description":"","url":"https:\/\/saisonsculturelleschaumont.fr\/mdxpuixt\/ou\/le-cinema-a-laffiche\/","address":{"@type":"PostalAddress","streetAddress":"7 place Emile Goguenheim","addressLocality":"CHAUMONT","postalCode":"52 000"},"telephone":"03 25 35 00 46","sameAs":"https:\/\/www.chaumont-cinemas.com"},"organizer":{"@type":"Person","name":"la MJC","description":"","url":"https:\/\/mjc-chaumont52.jimdo.com","telephone":"","email":"","sameAs":"https:\/\/mjc-chaumont52.jimdo.com"},"performer":"Organization"},"event_bgcolor":"","event_text_color":""}