{"id":8374,"global_id":"saisonsculturelleschaumont.fr\/mdxpuixt?id=8374","global_id_lineage":["saisonsculturelleschaumont.fr\/mdxpuixt?id=8374"],"author":"3","status":"publish","date":"2022-03-29 15:57:10","date_utc":"2022-03-29 13:57:10","modified":"2022-03-29 16:00:26","modified_utc":"2022-03-29 14:00:26","url":"https:\/\/saisonsculturelleschaumont.fr\/mdxpuixt\/evenement\/ateliers-des-vacances-jardins-de-papier\/","rest_url":"https:\/\/saisonsculturelleschaumont.fr\/mdxpuixt\/wp-json\/tribe\/events\/v1\/events\/8374","title":"Ateliers des vacances : Jardins de papier","description":"<p>Pour c\u00e9l\u00e9brer le printemps, et dans la continuit\u00e9 des Spirogamis d\u2019\u00c9tienne Mineur, l\u2019illustratrice Chlo\u00e9 Weinfeld vous invite \u00e0 cr\u00e9er votre jardin de papier, en 3 dimensions. Combinez les diff\u00e9rentes formes et couleurs des papiers d\u00e9coup\u00e9s et donnez vie \u00e0 votre petit jardin secret. Amusez-vous avec les effets de profondeur et les jeux d\u2019ombres et de lumi\u00e8res, gr\u00e2ce aux diff\u00e9rents plans qui composeront votre d\u00e9cor champ\u00eatre de papier.Atelier limit\u00e9 \u00e0 12 participants<br \/>\nGratuit \/ sur r\u00e9servation par mail \u00e0 resa@cndg.fr<br \/>\nPour les 5-7 ans : les 13 et 15 avril en pr\u00e9sence de l\u2019artiste et le 21 avril<br \/>\n14h30 \/ dur\u00e9e 2h<br \/>\nPour les 8-12 ans: les 14 avril en pr\u00e9sence de l\u2019artiste et les 20 et le 22 avril<br \/>\n14h30 \/ dur\u00e9e 2h<\/p>","excerpt":"","slug":"ateliers-des-vacances-jardins-de-papier","image":{"url":"https:\/\/saisonsculturelleschaumont.fr\/mdxpuixt\/wp-content\/uploads\/2022\/03\/Jardins-de-papier.-\u00a9-Chloe-Weinfeld-e1648562336362.jpg","id":8376,"extension":"jpg","width":650,"height":616,"sizes":{"medium":{"width":300,"height":300,"mime-type":"image\/jpeg","url":"https:\/\/saisonsculturelleschaumont.fr\/mdxpuixt\/wp-content\/uploads\/2022\/03\/Jardins-de-papier.-\u00a9-Chloe-Weinfeld-300x300.jpg"},"large":{"width":1030,"height":1030,"mime-type":"image\/jpeg","url":"https:\/\/saisonsculturelleschaumont.fr\/mdxpuixt\/wp-content\/uploads\/2022\/03\/Jardins-de-papier.-\u00a9-Chloe-Weinfeld-1030x1030.jpg"},"thumbnail":{"width":80,"height":80,"mime-type":"image\/jpeg","url":"https:\/\/saisonsculturelleschaumont.fr\/mdxpuixt\/wp-content\/uploads\/2022\/03\/Jardins-de-papier.-\u00a9-Chloe-Weinfeld-80x80.jpg"},"medium_large":{"width":768,"height":768,"mime-type":"image\/jpeg","url":"https:\/\/saisonsculturelleschaumont.fr\/mdxpuixt\/wp-content\/uploads\/2022\/03\/Jardins-de-papier.-\u00a9-Chloe-Weinfeld-768x768.jpg"},"1536x1536":{"width":1536,"height":1457,"mime-type":"image\/jpeg","url":"https:\/\/saisonsculturelleschaumont.fr\/mdxpuixt\/wp-content\/uploads\/2022\/03\/Jardins-de-papier.-\u00a9-Chloe-Weinfeld-1536x1457.jpg"},"2048x2048":{"width":2048,"height":1942,"mime-type":"image\/jpeg","url":"https:\/\/saisonsculturelleschaumont.fr\/mdxpuixt\/wp-content\/uploads\/2022\/03\/Jardins-de-papier.-\u00a9-Chloe-Weinfeld-2048x1942.jpg"},"fiat_thumb":{"width":60,"height":60,"mime-type":"image\/jpeg","url":"https:\/\/saisonsculturelleschaumont.fr\/mdxpuixt\/wp-content\/uploads\/2022\/03\/Jardins-de-papier.-\u00a9-Chloe-Weinfeld-60x60.jpg"},"widget":{"width":36,"height":36,"mime-type":"image\/jpeg","url":"https:\/\/saisonsculturelleschaumont.fr\/mdxpuixt\/wp-content\/uploads\/2022\/03\/Jardins-de-papier.-\u00a9-Chloe-Weinfeld-36x36.jpg"},"square":{"width":180,"height":180,"mime-type":"image\/jpeg","url":"https:\/\/saisonsculturelleschaumont.fr\/mdxpuixt\/wp-content\/uploads\/2022\/03\/Jardins-de-papier.-\u00a9-Chloe-Weinfeld-180x180.jpg"},"featured":{"width":1500,"height":430,"mime-type":"image\/jpeg","url":"https:\/\/saisonsculturelleschaumont.fr\/mdxpuixt\/wp-content\/uploads\/2022\/03\/Jardins-de-papier.-\u00a9-Chloe-Weinfeld-1500x430.jpg"},"featured_large":{"width":1500,"height":630,"mime-type":"image\/jpeg","url":"https:\/\/saisonsculturelleschaumont.fr\/mdxpuixt\/wp-content\/uploads\/2022\/03\/Jardins-de-papier.-\u00a9-Chloe-Weinfeld-1500x630.jpg"},"extra_large":{"width":1500,"height":1423,"mime-type":"image\/jpeg","url":"https:\/\/saisonsculturelleschaumont.fr\/mdxpuixt\/wp-content\/uploads\/2022\/03\/Jardins-de-papier.-\u00a9-Chloe-Weinfeld-1500x1423.jpg"},"portfolio":{"width":495,"height":400,"mime-type":"image\/jpeg","url":"https:\/\/saisonsculturelleschaumont.fr\/mdxpuixt\/wp-content\/uploads\/2022\/03\/Jardins-de-papier.-\u00a9-Chloe-Weinfeld-495x400.jpg"},"portfolio_small":{"width":260,"height":185,"mime-type":"image\/jpeg","url":"https:\/\/saisonsculturelleschaumont.fr\/mdxpuixt\/wp-content\/uploads\/2022\/03\/Jardins-de-papier.-\u00a9-Chloe-Weinfeld-260x185.jpg"},"gallery":{"width":845,"height":684,"mime-type":"image\/jpeg","url":"https:\/\/saisonsculturelleschaumont.fr\/mdxpuixt\/wp-content\/uploads\/2022\/03\/Jardins-de-papier.-\u00a9-Chloe-Weinfeld-845x684.jpg"},"magazine":{"width":710,"height":375,"mime-type":"image\/jpeg","url":"https:\/\/saisonsculturelleschaumont.fr\/mdxpuixt\/wp-content\/uploads\/2022\/03\/Jardins-de-papier.-\u00a9-Chloe-Weinfeld-710x375.jpg"},"masonry":{"width":705,"height":669,"mime-type":"image\/jpeg","url":"https:\/\/saisonsculturelleschaumont.fr\/mdxpuixt\/wp-content\/uploads\/2022\/03\/Jardins-de-papier.-\u00a9-Chloe-Weinfeld-705x669.jpg"},"entry_with_sidebar":{"width":845,"height":321,"mime-type":"image\/jpeg","url":"https:\/\/saisonsculturelleschaumont.fr\/mdxpuixt\/wp-content\/uploads\/2022\/03\/Jardins-de-papier.-\u00a9-Chloe-Weinfeld-845x321.jpg"},"entry_without_sidebar":{"width":1210,"height":423,"mime-type":"image\/jpeg","url":"https:\/\/saisonsculturelleschaumont.fr\/mdxpuixt\/wp-content\/uploads\/2022\/03\/Jardins-de-papier.-\u00a9-Chloe-Weinfeld-1210x423.jpg"},"cmplz_banner_image":{"width":350,"height":100,"mime-type":"image\/jpeg","url":"https:\/\/saisonsculturelleschaumont.fr\/mdxpuixt\/wp-content\/uploads\/2022\/03\/Jardins-de-papier.-\u00a9-Chloe-Weinfeld-350x100.jpg"}}},"all_day":false,"start_date":"2022-04-13 14:30:00","start_date_details":{"year":"2022","month":"04","day":"13","hour":"14","minutes":"30","seconds":"00"},"end_date":"2022-04-22 16:30:00","end_date_details":{"year":"2022","month":"04","day":"22","hour":"16","minutes":"30","seconds":"00"},"utc_start_date":"2022-04-13 12:30:00","utc_start_date_details":{"year":"2022","month":"04","day":"13","hour":"12","minutes":"30","seconds":"00"},"utc_end_date":"2022-04-22 14:30:00","utc_end_date_details":{"year":"2022","month":"04","day":"22","hour":"14","minutes":"30","seconds":"00"},"timezone":"Europe\/Paris","timezone_abbr":"CEST","cost":"","cost_details":{"currency_symbol":"","currency_code":"","currency_position":"suffix","values":[]},"website":"https:\/\/www.centrenationaldugraphisme.fr\/le-signe\/activites\/ateliers-des-vacances-jardins-de-papier","show_map":true,"show_map_link":false,"hide_from_listings":true,"sticky":false,"featured":false,"categories":[{"name":"arts visuels","slug":"arts-visuels","term_group":0,"term_taxonomy_id":42,"taxonomy":"tribe_events_cat","description":"","parent":0,"count":187,"filter":"raw","id":42,"urls":{"self":"https:\/\/saisonsculturelleschaumont.fr\/mdxpuixt\/wp-json\/tribe\/events\/v1\/categories\/42","collection":"https:\/\/saisonsculturelleschaumont.fr\/mdxpuixt\/wp-json\/tribe\/events\/v1\/categories"}}],"tags":[{"name":"adulte","slug":"adulte","term_group":0,"term_taxonomy_id":137,"taxonomy":"post_tag","description":"","parent":0,"count":78,"filter":"raw","id":137,"urls":{"self":"https:\/\/saisonsculturelleschaumont.fr\/mdxpuixt\/wp-json\/tribe\/events\/v1\/tags\/137","collection":"https:\/\/saisonsculturelleschaumont.fr\/mdxpuixt\/wp-json\/tribe\/events\/v1\/tags"}},{"name":"art","slug":"art","term_group":0,"term_taxonomy_id":87,"taxonomy":"post_tag","description":"","parent":0,"count":104,"filter":"raw","id":87,"urls":{"self":"https:\/\/saisonsculturelleschaumont.fr\/mdxpuixt\/wp-json\/tribe\/events\/v1\/tags\/87","collection":"https:\/\/saisonsculturelleschaumont.fr\/mdxpuixt\/wp-json\/tribe\/events\/v1\/tags"}},{"name":"cr\u00e9ation","slug":"creation","term_group":0,"term_taxonomy_id":136,"taxonomy":"post_tag","description":"","parent":0,"count":97,"filter":"raw","id":136,"urls":{"self":"https:\/\/saisonsculturelleschaumont.fr\/mdxpuixt\/wp-json\/tribe\/events\/v1\/tags\/136","collection":"https:\/\/saisonsculturelleschaumont.fr\/mdxpuixt\/wp-json\/tribe\/events\/v1\/tags"}},{"name":"culture","slug":"culture","term_group":0,"term_taxonomy_id":130,"taxonomy":"post_tag","description":"","parent":0,"count":106,"filter":"raw","id":130,"urls":{"self":"https:\/\/saisonsculturelleschaumont.fr\/mdxpuixt\/wp-json\/tribe\/events\/v1\/tags\/130","collection":"https:\/\/saisonsculturelleschaumont.fr\/mdxpuixt\/wp-json\/tribe\/events\/v1\/tags"}},{"name":"enfant","slug":"enfant","term_group":0,"term_taxonomy_id":135,"taxonomy":"post_tag","description":"","parent":0,"count":89,"filter":"raw","id":135,"urls":{"self":"https:\/\/saisonsculturelleschaumont.fr\/mdxpuixt\/wp-json\/tribe\/events\/v1\/tags\/135","collection":"https:\/\/saisonsculturelleschaumont.fr\/mdxpuixt\/wp-json\/tribe\/events\/v1\/tags"}},{"name":"\u00e9tudiant","slug":"etudiant","term_group":0,"term_taxonomy_id":95,"taxonomy":"post_tag","description":"","parent":0,"count":18,"filter":"raw","id":95,"urls":{"self":"https:\/\/saisonsculturelleschaumont.fr\/mdxpuixt\/wp-json\/tribe\/events\/v1\/tags\/95","collection":"https:\/\/saisonsculturelleschaumont.fr\/mdxpuixt\/wp-json\/tribe\/events\/v1\/tags"}},{"name":"livres","slug":"livres","term_group":0,"term_taxonomy_id":127,"taxonomy":"post_tag","description":"","parent":0,"count":18,"filter":"raw","id":127,"urls":{"self":"https:\/\/saisonsculturelleschaumont.fr\/mdxpuixt\/wp-json\/tribe\/events\/v1\/tags\/127","collection":"https:\/\/saisonsculturelleschaumont.fr\/mdxpuixt\/wp-json\/tribe\/events\/v1\/tags"}},{"name":"mus\u00e9e","slug":"musee","term_group":0,"term_taxonomy_id":85,"taxonomy":"post_tag","description":"","parent":0,"count":51,"filter":"raw","id":85,"urls":{"self":"https:\/\/saisonsculturelleschaumont.fr\/mdxpuixt\/wp-json\/tribe\/events\/v1\/tags\/85","collection":"https:\/\/saisonsculturelleschaumont.fr\/mdxpuixt\/wp-json\/tribe\/events\/v1\/tags"}}],"venue":{"id":3505,"author":"3","status":"publish","date":"2019-08-24 16:58:08","date_utc":"2019-08-24 14:58:08","modified":"2019-08-24 16:58:08","modified_utc":"2019-08-24 14:58:08","url":"https:\/\/saisonsculturelleschaumont.fr\/mdxpuixt\/ou\/le-signe\/","venue":"le signe","slug":"le-signe","address":"1 place Emile Goguenheim","city":"Chaumont","zip":"52000","phone":"0325357901","website":"https:\/\/centrenationaldugraphisme.fr\/#home","json_ld":{"@type":"Place","name":"le signe","description":"","url":"https:\/\/saisonsculturelleschaumont.fr\/mdxpuixt\/ou\/le-signe\/","address":{"@type":"PostalAddress","streetAddress":"1 place Emile Goguenheim","addressLocality":"Chaumont","postalCode":"52000"},"telephone":"0325357901","sameAs":"https:\/\/centrenationaldugraphisme.fr\/#home"},"show_map":true,"show_map_link":true,"global_id":"saisonsculturelleschaumont.fr\/mdxpuixt?id=3505","global_id_lineage":["saisonsculturelleschaumont.fr\/mdxpuixt?id=3505"]},"organizer":[{"id":2907,"author":"3","status":"publish","date":"2019-07-11 19:36:09","date_utc":"2019-07-11 17:36:09","modified":"2020-02-15 01:12:17","modified_utc":"2020-02-15 00:12:17","url":"https:\/\/saisonsculturelleschaumont.fr\/mdxpuixt\/qui\/le-signe\/","organizer":"le signe","slug":"le-signe","image":{"url":"https:\/\/saisonsculturelleschaumont.fr\/mdxpuixt\/wp-content\/uploads\/2020\/02\/SIGNE-LOGO-org.jpg","id":5241,"extension":"jpg","width":600,"height":473,"sizes":{"medium":{"width":300,"height":300,"mime-type":"image\/jpeg","url":"https:\/\/saisonsculturelleschaumont.fr\/mdxpuixt\/wp-content\/uploads\/2020\/02\/SIGNE-LOGO-org-300x300.jpg"},"thumbnail":{"width":80,"height":80,"mime-type":"image\/jpeg","url":"https:\/\/saisonsculturelleschaumont.fr\/mdxpuixt\/wp-content\/uploads\/2020\/02\/SIGNE-LOGO-org-80x80.jpg"},"fiat_thumb":{"width":60,"height":60,"mime-type":"image\/jpeg","url":"https:\/\/saisonsculturelleschaumont.fr\/mdxpuixt\/wp-content\/uploads\/2020\/02\/SIGNE-LOGO-org-60x60.jpg"},"widget":{"width":36,"height":36,"mime-type":"image\/jpeg","url":"https:\/\/saisonsculturelleschaumont.fr\/mdxpuixt\/wp-content\/uploads\/2020\/02\/SIGNE-LOGO-org-36x36.jpg"},"square":{"width":180,"height":180,"mime-type":"image\/jpeg","url":"https:\/\/saisonsculturelleschaumont.fr\/mdxpuixt\/wp-content\/uploads\/2020\/02\/SIGNE-LOGO-org-180x180.jpg"},"featured":{"width":600,"height":430,"mime-type":"image\/jpeg","url":"https:\/\/saisonsculturelleschaumont.fr\/mdxpuixt\/wp-content\/uploads\/2020\/02\/SIGNE-LOGO-org-600x430.jpg"},"portfolio":{"width":495,"height":400,"mime-type":"image\/jpeg","url":"https:\/\/saisonsculturelleschaumont.fr\/mdxpuixt\/wp-content\/uploads\/2020\/02\/SIGNE-LOGO-org-495x400.jpg"},"portfolio_small":{"width":260,"height":185,"mime-type":"image\/jpeg","url":"https:\/\/saisonsculturelleschaumont.fr\/mdxpuixt\/wp-content\/uploads\/2020\/02\/SIGNE-LOGO-org-260x185.jpg"},"magazine":{"width":600,"height":375,"mime-type":"image\/jpeg","url":"https:\/\/saisonsculturelleschaumont.fr\/mdxpuixt\/wp-content\/uploads\/2020\/02\/SIGNE-LOGO-org-600x375.jpg"},"entry_with_sidebar":{"width":600,"height":321,"mime-type":"image\/jpeg","url":"https:\/\/saisonsculturelleschaumont.fr\/mdxpuixt\/wp-content\/uploads\/2020\/02\/SIGNE-LOGO-org-600x321.jpg"},"entry_without_sidebar":{"width":600,"height":423,"mime-type":"image\/jpeg","url":"https:\/\/saisonsculturelleschaumont.fr\/mdxpuixt\/wp-content\/uploads\/2020\/02\/SIGNE-LOGO-org-600x423.jpg"}}},"phone":"03 25 35 79 01","website":"https:\/\/centrenationaldugraphisme.fr","email":"contact@cndg.fr","json_ld":{"@type":"Person","name":"le signe","description":"","image":"https:\/\/saisonsculturelleschaumont.fr\/mdxpuixt\/wp-content\/uploads\/2020\/02\/SIGNE-LOGO-org.jpg","url":"https:\/\/centrenationaldugraphisme.fr","telephone":"03 25 35 79 01","email":"con&#116;&#97;&#99;t&#64;&#99;&#110;&#100;g.f&#114;","sameAs":"https:\/\/centrenationaldugraphisme.fr"},"global_id":"saisonsculturelleschaumont.fr\/mdxpuixt?id=2907","global_id_lineage":["saisonsculturelleschaumont.fr\/mdxpuixt?id=2907"]}],"json_ld":{"@context":"http:\/\/schema.org","@type":"Event","name":"Ateliers des vacances : Jardins de papier","description":"&lt;p&gt;Pour c\u00e9l\u00e9brer le printemps, et dans la continuit\u00e9 des Spirogamis d\u2019\u00c9tienne Mineur, l\u2019illustratrice Chlo\u00e9 Weinfeld vous invite \u00e0 cr\u00e9er votre jardin de papier, en 3 dimensions. Combinez les diff\u00e9rentes formes [&hellip;]&lt;\/p&gt;\\n","image":"https:\/\/saisonsculturelleschaumont.fr\/mdxpuixt\/wp-content\/uploads\/2022\/03\/Jardins-de-papier.-\u00a9-Chloe-Weinfeld-e1648562336362.jpg","url":"https:\/\/saisonsculturelleschaumont.fr\/mdxpuixt\/evenement\/ateliers-des-vacances-jardins-de-papier\/","eventAttendanceMode":"https:\/\/schema.org\/OfflineEventAttendanceMode","eventStatus":"https:\/\/schema.org\/EventScheduled","startDate":"2022-04-13T14:30:00+02:00","endDate":"2022-04-22T16:30:00+02:00","location":{"@type":"Place","name":"le signe","description":"","url":"https:\/\/saisonsculturelleschaumont.fr\/mdxpuixt\/ou\/le-signe\/","address":{"@type":"PostalAddress","streetAddress":"1 place Emile Goguenheim","addressLocality":"Chaumont","postalCode":"52000"},"telephone":"0325357901","sameAs":"https:\/\/centrenationaldugraphisme.fr\/#home"},"organizer":{"@type":"Person","name":"le signe","description":"","image":"https:\/\/saisonsculturelleschaumont.fr\/mdxpuixt\/wp-content\/uploads\/2020\/02\/SIGNE-LOGO-org.jpg","url":"https:\/\/centrenationaldugraphisme.fr","telephone":"03 25 35 79 01","email":"&#99;&#111;&#110;ta&#99;t&#64;cnd&#103;&#46;&#102;&#114;","sameAs":"https:\/\/centrenationaldugraphisme.fr"},"performer":"Organization"},"event_bgcolor":"","event_text_color":""}