{"id":8637,"global_id":"saisonsculturelleschaumont.fr\/mdxpuixt?id=8637","global_id_lineage":["saisonsculturelleschaumont.fr\/mdxpuixt?id=8637"],"author":"3","status":"publish","date":"2022-06-15 14:22:34","date_utc":"2022-06-15 12:22:34","modified":"2022-06-15 15:46:24","modified_utc":"2022-06-15 13:46:24","url":"https:\/\/saisonsculturelleschaumont.fr\/mdxpuixt\/evenement\/visite-atelier-mon-carnet-gaufre-2\/","rest_url":"https:\/\/saisonsculturelleschaumont.fr\/mdxpuixt\/wp-json\/tribe\/events\/v1\/events\/8637","title":"Visite-atelier \u00ab\u00a0Mon carnet gaufr\u00e9\u00a0\u00bb","description":"<p>VISITE-ATELIER POUR LES 5-12 ANS<br \/>\nMon carnet gaufr\u00e9<br \/>\nParmi les \u0153uvres baroques expos\u00e9es au Mus\u00e9e de la Cr\u00e8che, il y a trois objets compos\u00e9s de cuir dor\u00e9 repouss\u00e9 dont un devant d\u2019autel italien dat\u00e9 de 1697. Sorte de petit tableau peint, sa partie centrale est occup\u00e9e par une sc\u00e8ne religieuse alors que sur les c\u00f4t\u00e9s sont repr\u00e9sent\u00e9s des fleurs et des animaux en relief obtenus par embossage. En atelier, les enfants exp\u00e9rimenteront cette technique \u00e0 travers la fabrication d\u2019un carnet. Ils devront gaufrer la couverture, mettre en couleur les reliefs et relier les pages.<br \/>\nDur\u00e9e : 2h<br \/>\nTarif : 4 euros<br \/>\nPr\u00e9sence d\u2019un accompagnateur obligatoire<br \/>\nLes mercredi 3 ao\u00fbt \u00e0 14h30, mercredi 10 ao\u00fbt \u00e0 9h, vendredi 12 ao\u00fbt \u00e0 9h, jeudi 18 ao\u00fbt \u00e0 14h30, mercredi 24 ao\u00fbt \u00e0 14h30<br \/>\nD\u00e9part de la visite au Mus\u00e9e de la Cr\u00e8che puis atelier au Mus\u00e9e d\u2019Art<br \/>\nPlaces limit\u00e9es<br \/>\nR\u00e9servation obligatoire au 03.25.03.86.99 ou cmartel@ville-chaumont.fr<\/p>\n<p>Dans le cadre de la programmation des ESTIVALES \u00c0 CHAUMONT<\/p>","excerpt":"","slug":"visite-atelier-mon-carnet-gaufre-2","image":{"url":"https:\/\/saisonsculturelleschaumont.fr\/mdxpuixt\/wp-content\/uploads\/2022\/06\/Musees_Atelier-Carnet-gaufre-photo-R.-Pelletier-scaled-e1655295899390.jpg","id":8641,"extension":"jpg","width":650,"height":605,"sizes":{"medium":{"width":300,"height":300,"mime-type":"image\/jpeg","url":"https:\/\/saisonsculturelleschaumont.fr\/mdxpuixt\/wp-content\/uploads\/2022\/06\/Musees_Atelier-Carnet-gaufre-photo-R.-Pelletier-300x300.jpg"},"large":{"width":1030,"height":1030,"mime-type":"image\/jpeg","url":"https:\/\/saisonsculturelleschaumont.fr\/mdxpuixt\/wp-content\/uploads\/2022\/06\/Musees_Atelier-Carnet-gaufre-photo-R.-Pelletier-1030x1030.jpg"},"thumbnail":{"width":80,"height":80,"mime-type":"image\/jpeg","url":"https:\/\/saisonsculturelleschaumont.fr\/mdxpuixt\/wp-content\/uploads\/2022\/06\/Musees_Atelier-Carnet-gaufre-photo-R.-Pelletier-80x80.jpg"},"medium_large":{"width":768,"height":768,"mime-type":"image\/jpeg","url":"https:\/\/saisonsculturelleschaumont.fr\/mdxpuixt\/wp-content\/uploads\/2022\/06\/Musees_Atelier-Carnet-gaufre-photo-R.-Pelletier-768x768.jpg"},"1536x1536":{"width":1536,"height":1429,"mime-type":"image\/jpeg","url":"https:\/\/saisonsculturelleschaumont.fr\/mdxpuixt\/wp-content\/uploads\/2022\/06\/Musees_Atelier-Carnet-gaufre-photo-R.-Pelletier-1536x1429.jpg"},"2048x2048":{"width":2048,"height":1906,"mime-type":"image\/jpeg","url":"https:\/\/saisonsculturelleschaumont.fr\/mdxpuixt\/wp-content\/uploads\/2022\/06\/Musees_Atelier-Carnet-gaufre-photo-R.-Pelletier-2048x1906.jpg"},"fiat_thumb":{"width":60,"height":60,"mime-type":"image\/jpeg","url":"https:\/\/saisonsculturelleschaumont.fr\/mdxpuixt\/wp-content\/uploads\/2022\/06\/Musees_Atelier-Carnet-gaufre-photo-R.-Pelletier-60x60.jpg"},"widget":{"width":36,"height":36,"mime-type":"image\/jpeg","url":"https:\/\/saisonsculturelleschaumont.fr\/mdxpuixt\/wp-content\/uploads\/2022\/06\/Musees_Atelier-Carnet-gaufre-photo-R.-Pelletier-36x36.jpg"},"square":{"width":180,"height":180,"mime-type":"image\/jpeg","url":"https:\/\/saisonsculturelleschaumont.fr\/mdxpuixt\/wp-content\/uploads\/2022\/06\/Musees_Atelier-Carnet-gaufre-photo-R.-Pelletier-180x180.jpg"},"featured":{"width":1500,"height":430,"mime-type":"image\/jpeg","url":"https:\/\/saisonsculturelleschaumont.fr\/mdxpuixt\/wp-content\/uploads\/2022\/06\/Musees_Atelier-Carnet-gaufre-photo-R.-Pelletier-1500x430.jpg"},"featured_large":{"width":1500,"height":630,"mime-type":"image\/jpeg","url":"https:\/\/saisonsculturelleschaumont.fr\/mdxpuixt\/wp-content\/uploads\/2022\/06\/Musees_Atelier-Carnet-gaufre-photo-R.-Pelletier-1500x630.jpg"},"extra_large":{"width":1500,"height":1396,"mime-type":"image\/jpeg","url":"https:\/\/saisonsculturelleschaumont.fr\/mdxpuixt\/wp-content\/uploads\/2022\/06\/Musees_Atelier-Carnet-gaufre-photo-R.-Pelletier-1500x1396.jpg"},"portfolio":{"width":495,"height":400,"mime-type":"image\/jpeg","url":"https:\/\/saisonsculturelleschaumont.fr\/mdxpuixt\/wp-content\/uploads\/2022\/06\/Musees_Atelier-Carnet-gaufre-photo-R.-Pelletier-495x400.jpg"},"portfolio_small":{"width":260,"height":185,"mime-type":"image\/jpeg","url":"https:\/\/saisonsculturelleschaumont.fr\/mdxpuixt\/wp-content\/uploads\/2022\/06\/Musees_Atelier-Carnet-gaufre-photo-R.-Pelletier-260x185.jpg"},"gallery":{"width":845,"height":684,"mime-type":"image\/jpeg","url":"https:\/\/saisonsculturelleschaumont.fr\/mdxpuixt\/wp-content\/uploads\/2022\/06\/Musees_Atelier-Carnet-gaufre-photo-R.-Pelletier-845x684.jpg"},"magazine":{"width":710,"height":375,"mime-type":"image\/jpeg","url":"https:\/\/saisonsculturelleschaumont.fr\/mdxpuixt\/wp-content\/uploads\/2022\/06\/Musees_Atelier-Carnet-gaufre-photo-R.-Pelletier-710x375.jpg"},"masonry":{"width":705,"height":656,"mime-type":"image\/jpeg","url":"https:\/\/saisonsculturelleschaumont.fr\/mdxpuixt\/wp-content\/uploads\/2022\/06\/Musees_Atelier-Carnet-gaufre-photo-R.-Pelletier-705x656.jpg"},"entry_with_sidebar":{"width":845,"height":321,"mime-type":"image\/jpeg","url":"https:\/\/saisonsculturelleschaumont.fr\/mdxpuixt\/wp-content\/uploads\/2022\/06\/Musees_Atelier-Carnet-gaufre-photo-R.-Pelletier-845x321.jpg"},"entry_without_sidebar":{"width":1210,"height":423,"mime-type":"image\/jpeg","url":"https:\/\/saisonsculturelleschaumont.fr\/mdxpuixt\/wp-content\/uploads\/2022\/06\/Musees_Atelier-Carnet-gaufre-photo-R.-Pelletier-1210x423.jpg"},"cmplz_banner_image":{"width":350,"height":100,"mime-type":"image\/jpeg","url":"https:\/\/saisonsculturelleschaumont.fr\/mdxpuixt\/wp-content\/uploads\/2022\/06\/Musees_Atelier-Carnet-gaufre-photo-R.-Pelletier-350x100.jpg"}},"original_image":"Musees_Atelier-Carnet-gaufre-photo-R.-Pelletier.jpg"},"all_day":false,"start_date":"2022-08-03 14:30:00","start_date_details":{"year":"2022","month":"08","day":"03","hour":"14","minutes":"30","seconds":"00"},"end_date":"2022-08-24 16:30:00","end_date_details":{"year":"2022","month":"08","day":"24","hour":"16","minutes":"30","seconds":"00"},"utc_start_date":"2022-08-03 12:30:00","utc_start_date_details":{"year":"2022","month":"08","day":"03","hour":"12","minutes":"30","seconds":"00"},"utc_end_date":"2022-08-24 14:30:00","utc_end_date_details":{"year":"2022","month":"08","day":"24","hour":"14","minutes":"30","seconds":"00"},"timezone":"Europe\/Paris","timezone_abbr":"CEST","cost":"4 \u20ac","cost_details":{"currency_symbol":"","currency_code":"","currency_position":"suffix","values":["4"]},"website":"","show_map":true,"show_map_link":false,"hide_from_listings":true,"sticky":false,"featured":false,"categories":[{"name":"beaux arts","slug":"beaux-arts","term_group":0,"term_taxonomy_id":217,"taxonomy":"tribe_events_cat","description":"","parent":0,"count":64,"filter":"raw","id":217,"urls":{"self":"https:\/\/saisonsculturelleschaumont.fr\/mdxpuixt\/wp-json\/tribe\/events\/v1\/categories\/217","collection":"https:\/\/saisonsculturelleschaumont.fr\/mdxpuixt\/wp-json\/tribe\/events\/v1\/categories"}}],"tags":[{"name":"activit\u00e9s","slug":"activites","term_group":0,"term_taxonomy_id":192,"taxonomy":"post_tag","description":"","parent":0,"count":5,"filter":"raw","id":192,"urls":{"self":"https:\/\/saisonsculturelleschaumont.fr\/mdxpuixt\/wp-json\/tribe\/events\/v1\/tags\/192","collection":"https:\/\/saisonsculturelleschaumont.fr\/mdxpuixt\/wp-json\/tribe\/events\/v1\/tags"}},{"name":"atelier","slug":"atelier","term_group":0,"term_taxonomy_id":115,"taxonomy":"post_tag","description":"","parent":0,"count":117,"filter":"raw","id":115,"urls":{"self":"https:\/\/saisonsculturelleschaumont.fr\/mdxpuixt\/wp-json\/tribe\/events\/v1\/tags\/115","collection":"https:\/\/saisonsculturelleschaumont.fr\/mdxpuixt\/wp-json\/tribe\/events\/v1\/tags"}},{"name":"cr\u00e9ation","slug":"creation","term_group":0,"term_taxonomy_id":136,"taxonomy":"post_tag","description":"","parent":0,"count":97,"filter":"raw","id":136,"urls":{"self":"https:\/\/saisonsculturelleschaumont.fr\/mdxpuixt\/wp-json\/tribe\/events\/v1\/tags\/136","collection":"https:\/\/saisonsculturelleschaumont.fr\/mdxpuixt\/wp-json\/tribe\/events\/v1\/tags"}},{"name":"en famille","slug":"en-famille","term_group":0,"term_taxonomy_id":224,"taxonomy":"post_tag","description":"","parent":0,"count":47,"filter":"raw","id":224,"urls":{"self":"https:\/\/saisonsculturelleschaumont.fr\/mdxpuixt\/wp-json\/tribe\/events\/v1\/tags\/224","collection":"https:\/\/saisonsculturelleschaumont.fr\/mdxpuixt\/wp-json\/tribe\/events\/v1\/tags"}},{"name":"enfant","slug":"enfant","term_group":0,"term_taxonomy_id":135,"taxonomy":"post_tag","description":"","parent":0,"count":89,"filter":"raw","id":135,"urls":{"self":"https:\/\/saisonsculturelleschaumont.fr\/mdxpuixt\/wp-json\/tribe\/events\/v1\/tags\/135","collection":"https:\/\/saisonsculturelleschaumont.fr\/mdxpuixt\/wp-json\/tribe\/events\/v1\/tags"}},{"name":"exposition","slug":"exposition","term_group":0,"term_taxonomy_id":50,"taxonomy":"post_tag","description":"","parent":0,"count":135,"filter":"raw","id":50,"urls":{"self":"https:\/\/saisonsculturelleschaumont.fr\/mdxpuixt\/wp-json\/tribe\/events\/v1\/tags\/50","collection":"https:\/\/saisonsculturelleschaumont.fr\/mdxpuixt\/wp-json\/tribe\/events\/v1\/tags"}},{"name":"jeunesse","slug":"jeunesse","term_group":0,"term_taxonomy_id":117,"taxonomy":"post_tag","description":"","parent":0,"count":61,"filter":"raw","id":117,"urls":{"self":"https:\/\/saisonsculturelleschaumont.fr\/mdxpuixt\/wp-json\/tribe\/events\/v1\/tags\/117","collection":"https:\/\/saisonsculturelleschaumont.fr\/mdxpuixt\/wp-json\/tribe\/events\/v1\/tags"}},{"name":"mus\u00e9e","slug":"musee","term_group":0,"term_taxonomy_id":85,"taxonomy":"post_tag","description":"","parent":0,"count":51,"filter":"raw","id":85,"urls":{"self":"https:\/\/saisonsculturelleschaumont.fr\/mdxpuixt\/wp-json\/tribe\/events\/v1\/tags\/85","collection":"https:\/\/saisonsculturelleschaumont.fr\/mdxpuixt\/wp-json\/tribe\/events\/v1\/tags"}},{"name":"patrimoine","slug":"patrimoine","term_group":0,"term_taxonomy_id":129,"taxonomy":"post_tag","description":"","parent":0,"count":29,"filter":"raw","id":129,"urls":{"self":"https:\/\/saisonsculturelleschaumont.fr\/mdxpuixt\/wp-json\/tribe\/events\/v1\/tags\/129","collection":"https:\/\/saisonsculturelleschaumont.fr\/mdxpuixt\/wp-json\/tribe\/events\/v1\/tags"}},{"name":"visite guid\u00e9e","slug":"visite-guidee","term_group":0,"term_taxonomy_id":131,"taxonomy":"post_tag","description":"","parent":0,"count":45,"filter":"raw","id":131,"urls":{"self":"https:\/\/saisonsculturelleschaumont.fr\/mdxpuixt\/wp-json\/tribe\/events\/v1\/tags\/131","collection":"https:\/\/saisonsculturelleschaumont.fr\/mdxpuixt\/wp-json\/tribe\/events\/v1\/tags"}}],"venue":{"id":1186,"author":"3","status":"publish","date":"2019-07-11 19:35:34","date_utc":"2019-07-11 17:35:34","modified":"2020-02-11 21:40:30","modified_utc":"2020-02-11 20:40:30","url":"https:\/\/saisonsculturelleschaumont.fr\/mdxpuixt\/ou\/musee-art-et-histoire\/","venue":"le mus\u00e9e d&rsquo;art et d&rsquo;histoire","slug":"musee-art-et-histoire","address":"rue du Palais de Justice","city":"Chaumont","country":"France","zip":"52000","phone":"03 25 03 86 80","geo_lat":48.112817,"geo_lng":5.136587,"json_ld":{"@type":"Place","name":"le mus\u00e9e d&rsquo;art et d&rsquo;histoire","description":"","url":"https:\/\/saisonsculturelleschaumont.fr\/mdxpuixt\/ou\/musee-art-et-histoire\/","address":{"@type":"PostalAddress","streetAddress":"rue du Palais de Justice","addressLocality":"Chaumont","postalCode":"52000","addressCountry":"France"},"geo":{"@type":"GeoCoordinates","latitude":48.112817,"longitude":5.136587},"telephone":"03 25 03 86 80","sameAs":""},"show_map":true,"show_map_link":true,"global_id":"saisonsculturelleschaumont.fr\/mdxpuixt?id=1186","global_id_lineage":["saisonsculturelleschaumont.fr\/mdxpuixt?id=1186"]},"organizer":[{"id":1194,"author":"3","status":"publish","date":"2019-07-11 19:36:10","date_utc":"2019-07-11 17:36:10","modified":"2024-02-06 15:14:09","modified_utc":"2024-02-06 14:14:09","url":"https:\/\/saisonsculturelleschaumont.fr\/mdxpuixt\/qui\/les-musees\/","organizer":"mus\u00e9es","description":"<h5>le mus\u00e9e d&rsquo;art et d&rsquo;histoire<\/h5>\n<p>place du palais de justice<br \/>52000 chaumont<\/p>\n<h5>le mus\u00e9e de la cr\u00e8che<\/h5>\n<p>1 rue des fr\u00e8res mistarlet<br \/>52000 chaumont<\/p>\n<p>03 25 03 86 80<\/p>\n<h5>horaires<\/h5>\n<ul>\n<li>ouverts tous les jours de 14h \u00e0 18h sauf le mardi.\u00a0Fermeture annuelle les 1er janvier, 1er mai et 25 d\u00e9cembre<\/li>\n<\/ul>\n<p>\u00a0<\/p>\n<p>Les mus\u00e9es de chaumont &#8211; <strong>le mus\u00e9e d\u2019art et d\u2019histoire et<\/strong><strong> le mus\u00e9e de la cr\u00e8che<\/strong> &#8211; conservent depuis leur origine r\u00e9volutionnaire des collections vari\u00e9es dans les domaines des beaux-arts (peinture, sculpture, arts graphiques), de l\u2019arch\u00e9ologie, des arts d\u00e9coratifs, de l\u2019art asiatique et des arts et traditions populaires.\u00a0\u00a0<\/p>\n<p>Les mus\u00e9es valorisent leur fonds par des expositions temporaires, un roulement th\u00e9matique de l\u2019accrochage des peintures, des restaurations d\u2019\u0153uvres, des pr\u00e9sentations ponctuelles d\u2019\u0153uvres ou d\u2019objets d\u2019art. Des \u0153uvres sont en permanence \u00e9tudi\u00e9es et restaur\u00e9es afin d\u2019\u00eatre pr\u00e9sent\u00e9es au public. Les recherches sont accompagn\u00e9es de publications diffusant l\u2019existence et la signification des \u0153uvres.\u00a0\u00a0<\/p>\n<p>Les mus\u00e9es organisent aussi un cycle annuel de conf\u00e9rences en partenariat avec les archives d\u00e9partementales. Ils proposent \u00e9galement, depuis 2018, par le biais de leur charg\u00e9e des publics, une offre d\u2019actions de m\u00e9diation (visites guid\u00e9es et ateliers p\u00e9dagogiques) vari\u00e9e.\u00a0\u00a0<\/p>\n<p>Les mus\u00e9es sont ouverts au dialogue entre les arts et accueillent ponctuellement musiciens, danseurs, et conteurs ainsi qu\u2019au dialogue entre les \u00e9poques, en organisant par exemple des expositions d\u2019art contemporain qui entrent en r\u00e9sonance avec les collections patrimoniales.\u00a0<\/p>\n<p><strong>\u2192 plein tarif : 2 \u20ac pour les 2 mus\u00e9es (billet coupl\u00e9)\u00a0<\/strong><\/p>\n<p><strong>\u2192 demi-tarif : 1 \u20ac par personne pour les groupes de 10 personnes et plus\u00a0<\/strong><\/p>\n<p><strong>\u2192 gratuit\u00e9 : moins de 18 ans, \u00e9tudiants, ch\u00f4meurs et allocataires des minima sociaux ; appliqu\u00e9e \u00e0 tous le 1er dimanche de chaque mois\u00a0<\/strong><\/p>\n<p><strong>\u2192 ateliers p\u00e9dagogiques : 4 \u20ac\u00a0<\/strong><\/p>\n<p>Des visites guid\u00e9es et des ateliers p\u00e9dagogiques sont \u00e9galement propos\u00e9s en dehors des horaires d\u2019ouverture au public (tous les matins et le mardi apr\u00e8s-midi). Ainsi qu\u2019une pr\u00e9paration de visites ou ateliers avec les enseignants, avec la possibilit\u00e9 de r\u00e9pondre \u00e0 un souhait de th\u00e8me pr\u00e9cis de la part de ceux-ci.\u00a0<\/p>\n<p>M\u00e9diation adapt\u00e9e aux enfants en bas-\u00e2ge, aux personnes \u00e2g\u00e9es ainsi qu\u2019aux personnes en situation de handicap mental.\u00a0<\/p>","slug":"les-musees","image":{"url":"https:\/\/saisonsculturelleschaumont.fr\/mdxpuixt\/wp-content\/uploads\/2019\/07\/BANDEAUX-Musees-03.png","id":4859,"extension":"png","width":1442,"height":850,"sizes":{"medium":{"width":300,"height":300,"mime-type":"image\/png","url":"https:\/\/saisonsculturelleschaumont.fr\/mdxpuixt\/wp-content\/uploads\/2019\/07\/BANDEAUX-Musees-03-300x300.png"},"large":{"width":1030,"height":850,"mime-type":"image\/png","url":"https:\/\/saisonsculturelleschaumont.fr\/mdxpuixt\/wp-content\/uploads\/2019\/07\/BANDEAUX-Musees-03-1030x850.png"},"thumbnail":{"width":80,"height":80,"mime-type":"image\/png","url":"https:\/\/saisonsculturelleschaumont.fr\/mdxpuixt\/wp-content\/uploads\/2019\/07\/BANDEAUX-Musees-03-80x80.png"},"medium_large":{"width":768,"height":768,"mime-type":"image\/png","url":"https:\/\/saisonsculturelleschaumont.fr\/mdxpuixt\/wp-content\/uploads\/2019\/07\/BANDEAUX-Musees-03-768x768.png"},"fiat_thumb":{"width":60,"height":60,"mime-type":"image\/png","url":"https:\/\/saisonsculturelleschaumont.fr\/mdxpuixt\/wp-content\/uploads\/2019\/07\/BANDEAUX-Musees-03-60x60.png"},"widget":{"width":36,"height":36,"mime-type":"image\/png","url":"https:\/\/saisonsculturelleschaumont.fr\/mdxpuixt\/wp-content\/uploads\/2019\/07\/BANDEAUX-Musees-03-36x36.png"},"square":{"width":180,"height":180,"mime-type":"image\/png","url":"https:\/\/saisonsculturelleschaumont.fr\/mdxpuixt\/wp-content\/uploads\/2019\/07\/BANDEAUX-Musees-03-180x180.png"},"featured":{"width":1442,"height":430,"mime-type":"image\/png","url":"https:\/\/saisonsculturelleschaumont.fr\/mdxpuixt\/wp-content\/uploads\/2019\/07\/BANDEAUX-Musees-03-1442x430.png"},"featured_large":{"width":1442,"height":630,"mime-type":"image\/png","url":"https:\/\/saisonsculturelleschaumont.fr\/mdxpuixt\/wp-content\/uploads\/2019\/07\/BANDEAUX-Musees-03-1442x630.png"},"portfolio":{"width":495,"height":400,"mime-type":"image\/png","url":"https:\/\/saisonsculturelleschaumont.fr\/mdxpuixt\/wp-content\/uploads\/2019\/07\/BANDEAUX-Musees-03-495x400.png"},"portfolio_small":{"width":260,"height":185,"mime-type":"image\/png","url":"https:\/\/saisonsculturelleschaumont.fr\/mdxpuixt\/wp-content\/uploads\/2019\/07\/BANDEAUX-Musees-03-260x185.png"},"gallery":{"width":845,"height":684,"mime-type":"image\/png","url":"https:\/\/saisonsculturelleschaumont.fr\/mdxpuixt\/wp-content\/uploads\/2019\/07\/BANDEAUX-Musees-03-845x684.png"},"magazine":{"width":710,"height":375,"mime-type":"image\/png","url":"https:\/\/saisonsculturelleschaumont.fr\/mdxpuixt\/wp-content\/uploads\/2019\/07\/BANDEAUX-Musees-03-710x375.png"},"masonry":{"width":705,"height":416,"mime-type":"image\/png","url":"https:\/\/saisonsculturelleschaumont.fr\/mdxpuixt\/wp-content\/uploads\/2019\/07\/BANDEAUX-Musees-03-705x416.png"},"entry_with_sidebar":{"width":845,"height":321,"mime-type":"image\/png","url":"https:\/\/saisonsculturelleschaumont.fr\/mdxpuixt\/wp-content\/uploads\/2019\/07\/BANDEAUX-Musees-03-845x321.png"},"entry_without_sidebar":{"width":1210,"height":423,"mime-type":"image\/png","url":"https:\/\/saisonsculturelleschaumont.fr\/mdxpuixt\/wp-content\/uploads\/2019\/07\/BANDEAUX-Musees-03-1210x423.png"}}},"json_ld":{"@type":"Person","name":"mus\u00e9es","description":"&lt;p&gt;le mus\u00e9e d\\'art et d\\'histoireplace du palais de justice52000 chaumontle mus\u00e9e de la cr\u00e8che1 rue des fr\u00e8res mistarlet52000 chaumont03 25 03 86 80horairesouverts tous les jours de 14h \u00e0 18h [&hellip;]&lt;\/p&gt;\\n","image":"https:\/\/saisonsculturelleschaumont.fr\/mdxpuixt\/wp-content\/uploads\/2019\/07\/BANDEAUX-Musees-03.png","url":"","telephone":"","email":"","sameAs":""},"global_id":"saisonsculturelleschaumont.fr\/mdxpuixt?id=1194","global_id_lineage":["saisonsculturelleschaumont.fr\/mdxpuixt?id=1194"]}],"json_ld":{"@context":"http:\/\/schema.org","@type":"Event","name":"Visite-atelier \u00ab\u00a0Mon carnet gaufr\u00e9\u00a0\u00bb","description":"&lt;p&gt;VISITE-ATELIER POUR LES 5-12 ANS Mon carnet gaufr\u00e9 Parmi les \u0153uvres baroques expos\u00e9es au Mus\u00e9e de la Cr\u00e8che, il y a trois objets compos\u00e9s de cuir dor\u00e9 repouss\u00e9 dont un [&hellip;]&lt;\/p&gt;\\n","image":"https:\/\/saisonsculturelleschaumont.fr\/mdxpuixt\/wp-content\/uploads\/2022\/06\/Musees_Atelier-Carnet-gaufre-photo-R.-Pelletier-scaled-e1655295899390.jpg","url":"https:\/\/saisonsculturelleschaumont.fr\/mdxpuixt\/evenement\/visite-atelier-mon-carnet-gaufre-2\/","eventAttendanceMode":"https:\/\/schema.org\/OfflineEventAttendanceMode","eventStatus":"https:\/\/schema.org\/EventScheduled","startDate":"2022-08-03T14:30:00+02:00","endDate":"2022-08-24T16:30:00+02:00","location":{"@type":"Place","name":"le mus\u00e9e d&rsquo;art et d&rsquo;histoire","description":"","url":"https:\/\/saisonsculturelleschaumont.fr\/mdxpuixt\/ou\/musee-art-et-histoire\/","address":{"@type":"PostalAddress","streetAddress":"rue du Palais de Justice","addressLocality":"Chaumont","postalCode":"52000","addressCountry":"France"},"geo":{"@type":"GeoCoordinates","latitude":48.112817,"longitude":5.136587},"telephone":"03 25 03 86 80","sameAs":""},"organizer":{"@type":"Person","name":"mus\u00e9es","description":"&lt;p&gt;le mus\u00e9e d\\'art et d\\'histoireplace du palais de justice52000 chaumontle mus\u00e9e de la cr\u00e8che1 rue des fr\u00e8res mistarlet52000 chaumont03 25 03 86 80horairesouverts tous les jours de 14h \u00e0 18h [&hellip;]&lt;\/p&gt;\\n","image":"https:\/\/saisonsculturelleschaumont.fr\/mdxpuixt\/wp-content\/uploads\/2019\/07\/BANDEAUX-Musees-03.png","url":"","telephone":"","email":"","sameAs":""},"offers":{"@type":"Offer","price":"4","priceCurrency":"EUR","url":"https:\/\/saisonsculturelleschaumont.fr\/mdxpuixt\/evenement\/visite-atelier-mon-carnet-gaufre-2\/","category":"primary","availability":"inStock","validFrom":"1970-01-01T00:00:00+00:00"},"performer":"Organization"},"event_bgcolor":"","event_text_color":""}