{"id":8685,"global_id":"saisonsculturelleschaumont.fr\/mdxpuixt?id=8685","global_id_lineage":["saisonsculturelleschaumont.fr\/mdxpuixt?id=8685"],"author":"3","status":"publish","date":"2022-06-15 16:08:22","date_utc":"2022-06-15 14:08:22","modified":"2023-09-15 15:03:22","modified_utc":"2023-09-15 13:03:22","url":"https:\/\/saisonsculturelleschaumont.fr\/mdxpuixt\/evenement\/visite-commentee-sur-demande\/","rest_url":"https:\/\/saisonsculturelleschaumont.fr\/mdxpuixt\/wp-json\/tribe\/events\/v1\/events\/8685","title":"Visite comment\u00e9e sur demande","description":"<p>R\u00e9servez votre visite comment\u00e9e de la chapelle des J\u00e9suites<\/p>\n<p>par t\u00e9l\u00e9phone au 03 25 30 60 56 ou au 03 25 02 44 91<br \/>\nou par mail \u00e0 visiteslachapelle@saisonsculturelleschaumont.fr<\/p>\n<p>Tous publics<\/p>","excerpt":"","slug":"visite-commentee-sur-demande","image":{"url":"https:\/\/saisonsculturelleschaumont.fr\/mdxpuixt\/wp-content\/uploads\/2022\/02\/CHAPELLE_Rencontres-\u00a9Richard-Pelletier-scaled-e1645528222681.jpeg","id":8046,"extension":"jpeg","width":650,"height":876,"sizes":{"medium":{"width":300,"height":300,"mime-type":"image\/jpeg","url":"https:\/\/saisonsculturelleschaumont.fr\/mdxpuixt\/wp-content\/uploads\/2022\/02\/CHAPELLE_Rencontres-\u00a9Richard-Pelletier-300x300.jpeg"},"large":{"width":1030,"height":1030,"mime-type":"image\/jpeg","url":"https:\/\/saisonsculturelleschaumont.fr\/mdxpuixt\/wp-content\/uploads\/2022\/02\/CHAPELLE_Rencontres-\u00a9Richard-Pelletier-1030x1030.jpeg"},"thumbnail":{"width":80,"height":80,"mime-type":"image\/jpeg","url":"https:\/\/saisonsculturelleschaumont.fr\/mdxpuixt\/wp-content\/uploads\/2022\/02\/CHAPELLE_Rencontres-\u00a9Richard-Pelletier-80x80.jpeg"},"medium_large":{"width":768,"height":768,"mime-type":"image\/jpeg","url":"https:\/\/saisonsculturelleschaumont.fr\/mdxpuixt\/wp-content\/uploads\/2022\/02\/CHAPELLE_Rencontres-\u00a9Richard-Pelletier-768x768.jpeg"},"1536x1536":{"width":1140,"height":1536,"mime-type":"image\/jpeg","url":"https:\/\/saisonsculturelleschaumont.fr\/mdxpuixt\/wp-content\/uploads\/2022\/02\/CHAPELLE_Rencontres-\u00a9Richard-Pelletier-1140x1536.jpeg"},"2048x2048":{"width":1520,"height":2048,"mime-type":"image\/jpeg","url":"https:\/\/saisonsculturelleschaumont.fr\/mdxpuixt\/wp-content\/uploads\/2022\/02\/CHAPELLE_Rencontres-\u00a9Richard-Pelletier-1520x2048.jpeg"},"fiat_thumb":{"width":60,"height":60,"mime-type":"image\/jpeg","url":"https:\/\/saisonsculturelleschaumont.fr\/mdxpuixt\/wp-content\/uploads\/2022\/02\/CHAPELLE_Rencontres-\u00a9Richard-Pelletier-60x60.jpeg"},"widget":{"width":36,"height":36,"mime-type":"image\/jpeg","url":"https:\/\/saisonsculturelleschaumont.fr\/mdxpuixt\/wp-content\/uploads\/2022\/02\/CHAPELLE_Rencontres-\u00a9Richard-Pelletier-36x36.jpeg"},"square":{"width":180,"height":180,"mime-type":"image\/jpeg","url":"https:\/\/saisonsculturelleschaumont.fr\/mdxpuixt\/wp-content\/uploads\/2022\/02\/CHAPELLE_Rencontres-\u00a9Richard-Pelletier-180x180.jpeg"},"featured":{"width":1500,"height":430,"mime-type":"image\/jpeg","url":"https:\/\/saisonsculturelleschaumont.fr\/mdxpuixt\/wp-content\/uploads\/2022\/02\/CHAPELLE_Rencontres-\u00a9Richard-Pelletier-1500x430.jpeg"},"featured_large":{"width":1500,"height":630,"mime-type":"image\/jpeg","url":"https:\/\/saisonsculturelleschaumont.fr\/mdxpuixt\/wp-content\/uploads\/2022\/02\/CHAPELLE_Rencontres-\u00a9Richard-Pelletier-1500x630.jpeg"},"extra_large":{"width":1113,"height":1500,"mime-type":"image\/jpeg","url":"https:\/\/saisonsculturelleschaumont.fr\/mdxpuixt\/wp-content\/uploads\/2022\/02\/CHAPELLE_Rencontres-\u00a9Richard-Pelletier-1113x1500.jpeg"},"portfolio":{"width":495,"height":400,"mime-type":"image\/jpeg","url":"https:\/\/saisonsculturelleschaumont.fr\/mdxpuixt\/wp-content\/uploads\/2022\/02\/CHAPELLE_Rencontres-\u00a9Richard-Pelletier-495x400.jpeg"},"portfolio_small":{"width":260,"height":185,"mime-type":"image\/jpeg","url":"https:\/\/saisonsculturelleschaumont.fr\/mdxpuixt\/wp-content\/uploads\/2022\/02\/CHAPELLE_Rencontres-\u00a9Richard-Pelletier-260x185.jpeg"},"gallery":{"width":845,"height":684,"mime-type":"image\/jpeg","url":"https:\/\/saisonsculturelleschaumont.fr\/mdxpuixt\/wp-content\/uploads\/2022\/02\/CHAPELLE_Rencontres-\u00a9Richard-Pelletier-845x684.jpeg"},"magazine":{"width":710,"height":375,"mime-type":"image\/jpeg","url":"https:\/\/saisonsculturelleschaumont.fr\/mdxpuixt\/wp-content\/uploads\/2022\/02\/CHAPELLE_Rencontres-\u00a9Richard-Pelletier-710x375.jpeg"},"masonry":{"width":523,"height":705,"mime-type":"image\/jpeg","url":"https:\/\/saisonsculturelleschaumont.fr\/mdxpuixt\/wp-content\/uploads\/2022\/02\/CHAPELLE_Rencontres-\u00a9Richard-Pelletier-523x705.jpeg"},"entry_with_sidebar":{"width":845,"height":321,"mime-type":"image\/jpeg","url":"https:\/\/saisonsculturelleschaumont.fr\/mdxpuixt\/wp-content\/uploads\/2022\/02\/CHAPELLE_Rencontres-\u00a9Richard-Pelletier-845x321.jpeg"},"entry_without_sidebar":{"width":1210,"height":423,"mime-type":"image\/jpeg","url":"https:\/\/saisonsculturelleschaumont.fr\/mdxpuixt\/wp-content\/uploads\/2022\/02\/CHAPELLE_Rencontres-\u00a9Richard-Pelletier-1210x423.jpeg"}},"original_image":"CHAPELLE_Rencontres-\u00a9Richard-Pelletier.jpeg"},"all_day":true,"start_date":"2022-07-01 00:00:00","start_date_details":{"year":"2022","month":"07","day":"01","hour":"00","minutes":"00","seconds":"00"},"end_date":"2022-08-31 23:59:59","end_date_details":{"year":"2022","month":"08","day":"31","hour":"23","minutes":"59","seconds":"59"},"utc_start_date":"2022-06-30 22:00:00","utc_start_date_details":{"year":"2022","month":"06","day":"30","hour":"22","minutes":"00","seconds":"00"},"utc_end_date":"2022-08-31 21:59:59","utc_end_date_details":{"year":"2022","month":"08","day":"31","hour":"21","minutes":"59","seconds":"59"},"timezone":"Europe\/Paris","timezone_abbr":"CEST","cost":"","cost_details":{"currency_symbol":"","currency_code":"","currency_position":"suffix","values":[]},"website":"","show_map":true,"show_map_link":false,"hide_from_listings":true,"sticky":false,"featured":false,"categories":[{"name":"musique","slug":"musique","term_group":0,"term_taxonomy_id":305,"taxonomy":"tribe_events_cat","description":"","parent":0,"count":238,"filter":"raw","id":305,"urls":{"self":"https:\/\/saisonsculturelleschaumont.fr\/mdxpuixt\/wp-json\/tribe\/events\/v1\/categories\/305","collection":"https:\/\/saisonsculturelleschaumont.fr\/mdxpuixt\/wp-json\/tribe\/events\/v1\/categories"}}],"tags":[{"name":"chapelle","slug":"chapelle","term_group":0,"term_taxonomy_id":317,"taxonomy":"post_tag","description":"","parent":0,"count":5,"filter":"raw","id":317,"urls":{"self":"https:\/\/saisonsculturelleschaumont.fr\/mdxpuixt\/wp-json\/tribe\/events\/v1\/tags\/317","collection":"https:\/\/saisonsculturelleschaumont.fr\/mdxpuixt\/wp-json\/tribe\/events\/v1\/tags"}},{"name":"m\u00e9diation","slug":"mediation","term_group":0,"term_taxonomy_id":316,"taxonomy":"post_tag","description":"","parent":0,"count":1,"filter":"raw","id":316,"urls":{"self":"https:\/\/saisonsculturelleschaumont.fr\/mdxpuixt\/wp-json\/tribe\/events\/v1\/tags\/316","collection":"https:\/\/saisonsculturelleschaumont.fr\/mdxpuixt\/wp-json\/tribe\/events\/v1\/tags"}},{"name":"patrimoine","slug":"patrimoine","term_group":0,"term_taxonomy_id":129,"taxonomy":"post_tag","description":"","parent":0,"count":29,"filter":"raw","id":129,"urls":{"self":"https:\/\/saisonsculturelleschaumont.fr\/mdxpuixt\/wp-json\/tribe\/events\/v1\/tags\/129","collection":"https:\/\/saisonsculturelleschaumont.fr\/mdxpuixt\/wp-json\/tribe\/events\/v1\/tags"}},{"name":"visite","slug":"visite","term_group":0,"term_taxonomy_id":113,"taxonomy":"post_tag","description":"","parent":0,"count":48,"filter":"raw","id":113,"urls":{"self":"https:\/\/saisonsculturelleschaumont.fr\/mdxpuixt\/wp-json\/tribe\/events\/v1\/tags\/113","collection":"https:\/\/saisonsculturelleschaumont.fr\/mdxpuixt\/wp-json\/tribe\/events\/v1\/tags"}},{"name":"visite comment\u00e9e","slug":"visite-commentee","term_group":0,"term_taxonomy_id":134,"taxonomy":"post_tag","description":"","parent":0,"count":11,"filter":"raw","id":134,"urls":{"self":"https:\/\/saisonsculturelleschaumont.fr\/mdxpuixt\/wp-json\/tribe\/events\/v1\/tags\/134","collection":"https:\/\/saisonsculturelleschaumont.fr\/mdxpuixt\/wp-json\/tribe\/events\/v1\/tags"}}],"venue":{"id":1182,"author":"3","status":"publish","date":"2019-07-11 19:35:29","date_utc":"2019-07-11 17:35:29","modified":"2020-02-11 21:40:30","modified_utc":"2020-02-11 20:40:30","url":"https:\/\/saisonsculturelleschaumont.fr\/mdxpuixt\/ou\/chapelle-des-jesuites\/","venue":"la chapelle","slug":"chapelle-des-jesuites","address":"rue Victoire de la Marne","city":"Chaumont","zip":"52000","phone":"03 25 02 44 91","geo_lat":48.1124846,"geo_lng":5.1409735,"json_ld":{"@type":"Place","name":"la chapelle","description":"","url":"https:\/\/saisonsculturelleschaumont.fr\/mdxpuixt\/ou\/chapelle-des-jesuites\/","address":{"@type":"PostalAddress","streetAddress":"rue Victoire de la Marne","addressLocality":"Chaumont","postalCode":"52000"},"geo":{"@type":"GeoCoordinates","latitude":48.1124846,"longitude":5.1409735},"telephone":"03 25 02 44 91","sameAs":""},"show_map":true,"show_map_link":true,"global_id":"saisonsculturelleschaumont.fr\/mdxpuixt?id=1182","global_id_lineage":["saisonsculturelleschaumont.fr\/mdxpuixt?id=1182"]},"organizer":[{"id":1191,"author":"3","status":"publish","date":"2019-07-11 19:36:09","date_utc":"2019-07-11 17:36:09","modified":"2024-06-07 16:54:31","modified_utc":"2024-06-07 14:54:31","url":"https:\/\/saisonsculturelleschaumont.fr\/mdxpuixt\/qui\/la-chapelle\/","organizer":"la chapelle des j\u00e9suites","description":"<h5>galerie d&rsquo;art contemporain<\/h5>\n<p>rue victoire de la marne<br \/>52000\u00a0chaumont<br \/>03 25 30 44 91<\/p>\n<h5>horaires<\/h5>\n<ul>\n<li>ouvert tous les jours de 14h \u00e0 18h30\u00a0et \u00e9galement de\u00a010h \u00e0 12h30\u00a0le mercredi et samedi. Fermeture le mardi.\u00a0\u200b<\/li>\n<\/ul>\n<p>B\u00e2tie en c\u0153ur de ville \u00e0 partir de 1629, la chapelle des j\u00e9suites, class\u00e9e monument historique, est un des plus remarquables \u00e9difices de chaumont.&nbsp;&nbsp;<\/p>\n<p>Le monumental retable du ch\u0153ur, \u0153uvre du sculpteur lorrain claude collignon, constitu\u00e9 d\u2019un haut relief de pierre dor\u00e9e et sculpt\u00e9e, ex\u00e9cut\u00e9 en 1712 par jean-baptiste bouchardon, est le joyau d\u2019une riche ornementation int\u00e9rieure.&nbsp;<\/p>\n<p>Aujourd\u2019hui, la chapelle est un lieu d\u2019exposition d\u00e9di\u00e9 \u00e0 l\u2019art contemporain. Elle accueille <strong>2 \u00e0 3<\/strong><strong> expositions par an<\/strong>. D&rsquo;une surface de 400 m2, la chapelle expose des \u0153uvres individuelles ou collectives d\u2019artistes fran\u00e7ais ou \u00e9trangers.&nbsp;<\/p>\n<p>Elle devient le salon des \u00e9diteurs d\u2019art et de graphisme le temps d\u2019une semaine pendant la biennale du design graphique organis\u00e9e par le signe. La prochaine \u00e9dition aura lieu en mai 2021.&nbsp;&nbsp;<\/p>\n<p>La biennale des artistes haut-marnais, organis\u00e9e par la ville, y pr\u00e9sente autour de 50 artistes s\u00e9lectionn\u00e9s par un jury d&rsquo;experts afin de pr\u00e9senter leurs derni\u00e8res cr\u00e9ations. Un prix municipal et un autre d\u00e9partemental sont d\u00e9cern\u00e9s \u00e0 cette occasion.&nbsp;<\/p>\n<p>La chapelle accueille un large public et propose, tout au long de l&rsquo;ann\u00e9e, des visites comment\u00e9es.&nbsp;<\/p>\n<p><strong>\u2192 entr\u00e9e libre pour tous les publics&nbsp;<\/strong><\/p>\n<p><strong><br \/><\/strong><\/p>\n<\/p>\n<p><font color=\"#451255\"><b>ACTUELLEMENT&nbsp;<\/b><\/font><\/p>\n<p><font color=\"#451255\"><b>Exposition ODYSS\u00c9ES, DANS LES UNIVERS D&rsquo;\u00c9TIENNE CHAIZE<\/b><\/font><\/p>\n<p><font color=\"#451255\"><b>Jusqu&rsquo;au 18 ao\u00fbt<\/b><\/font><\/p>","slug":"la-chapelle","json_ld":{"@type":"Person","name":"la chapelle des j\u00e9suites","description":"&lt;p&gt;galerie d\\'art contemporainrue victoire de la marne52000\u00a0chaumont03 25 30 44 91horairesouvert tous les jours de 14h \u00e0 18h30\u00a0et \u00e9galement de\u00a010h \u00e0 12h30\u00a0le mercredi et samedi. Fermeture le mardi.\u00a0\u200bB\u00e2tie en c\u0153ur [&hellip;]&lt;\/p&gt;\\n","url":"","telephone":"","email":"","sameAs":""},"global_id":"saisonsculturelleschaumont.fr\/mdxpuixt?id=1191","global_id_lineage":["saisonsculturelleschaumont.fr\/mdxpuixt?id=1191"]}],"json_ld":{"@context":"http:\/\/schema.org","@type":"Event","name":"Visite comment\u00e9e sur demande","description":"&lt;p&gt;R\u00e9servez votre visite comment\u00e9e de la chapelle des J\u00e9suites par t\u00e9l\u00e9phone au 03 25 30 60 56 ou au 03 25 02 44 91 ou par mail \u00e0 visiteslachapelle@saisonsculturelleschaumont.fr Tous [&hellip;]&lt;\/p&gt;\\n","image":"https:\/\/saisonsculturelleschaumont.fr\/mdxpuixt\/wp-content\/uploads\/2022\/02\/CHAPELLE_Rencontres-\u00a9Richard-Pelletier-scaled-e1645528222681.jpeg","url":"https:\/\/saisonsculturelleschaumont.fr\/mdxpuixt\/evenement\/visite-commentee-sur-demande\/","eventAttendanceMode":"https:\/\/schema.org\/OfflineEventAttendanceMode","eventStatus":"https:\/\/schema.org\/EventScheduled","startDate":"2022-07-01T00:00:00+02:00","endDate":"2022-08-31T23:59:59+02:00","location":{"@type":"Place","name":"la chapelle","description":"","url":"https:\/\/saisonsculturelleschaumont.fr\/mdxpuixt\/ou\/chapelle-des-jesuites\/","address":{"@type":"PostalAddress","streetAddress":"rue Victoire de la Marne","addressLocality":"Chaumont","postalCode":"52000"},"geo":{"@type":"GeoCoordinates","latitude":48.1124846,"longitude":5.1409735},"telephone":"03 25 02 44 91","sameAs":""},"organizer":{"@type":"Person","name":"la chapelle des j\u00e9suites","description":"&lt;p&gt;galerie d\\'art contemporainrue victoire de la marne52000\u00a0chaumont03 25 30 44 91horairesouvert tous les jours de 14h \u00e0 18h30\u00a0et \u00e9galement de\u00a010h \u00e0 12h30\u00a0le mercredi et samedi. Fermeture le mardi.\u00a0\u200bB\u00e2tie en c\u0153ur [&hellip;]&lt;\/p&gt;\\n","url":"","telephone":"","email":"","sameAs":""},"performer":"Organization"},"event_bgcolor":"","event_text_color":""}