{"id":9137,"global_id":"saisonsculturelleschaumont.fr\/mdxpuixt?id=9137","global_id_lineage":["saisonsculturelleschaumont.fr\/mdxpuixt?id=9137"],"author":"3","status":"publish","date":"2022-09-19 16:18:38","date_utc":"2022-09-19 14:18:38","modified":"2023-01-17 16:52:31","modified_utc":"2023-01-17 15:52:31","url":"https:\/\/saisonsculturelleschaumont.fr\/mdxpuixt\/evenement\/ateliers-jeux-construction-3d\/","rest_url":"https:\/\/saisonsculturelleschaumont.fr\/mdxpuixt\/wp-json\/tribe\/events\/v1\/events\/9137","title":"Ateliers jeux &#8211; Construction 3D","description":"<p>Minutie de rigueur pour la construction de puzzles en 3D. Mais ce n\u2019est pas tout ! Il vous faudra ensuite r\u00e9soudre l\u2019\u00e9nigme de l\u2019arbre de la for\u00eat ou trouver la sortie du labyrinthe afin d\u2019ouvrir la bo\u00eete secr\u00e8te\u2026<\/p>\n<p>Tout public<br \/>\nle Quarante 4 \u2013 44, rue Fleming<\/p>","excerpt":"","slug":"ateliers-jeux-construction-3d","image":{"url":"https:\/\/saisonsculturelleschaumont.fr\/mdxpuixt\/wp-content\/uploads\/2022\/09\/20209006_MONDES_IMAGINAIRES_Constructions-scaled-e1663230617867.jpg","id":8998,"extension":"jpg","width":650,"height":488,"filesize":3342466,"sizes":{"medium":{"width":300,"height":300,"mime-type":"image\/jpeg","filesize":94584,"url":"https:\/\/saisonsculturelleschaumont.fr\/mdxpuixt\/wp-content\/uploads\/2022\/09\/20209006_MONDES_IMAGINAIRES_Constructions-scaled-e1663230617867-300x300.jpg"},"large":{"width":1030,"height":1030,"mime-type":"image\/jpeg","filesize":845728,"url":"https:\/\/saisonsculturelleschaumont.fr\/mdxpuixt\/wp-content\/uploads\/2022\/09\/20209006_MONDES_IMAGINAIRES_Constructions-1030x1030.jpg"},"thumbnail":{"width":80,"height":80,"mime-type":"image\/jpeg","filesize":24773,"url":"https:\/\/saisonsculturelleschaumont.fr\/mdxpuixt\/wp-content\/uploads\/2022\/09\/20209006_MONDES_IMAGINAIRES_Constructions-scaled-e1663230617867-80x80.jpg"},"medium_large":{"width":768,"height":768,"mime-type":"image\/jpeg","filesize":486883,"url":"https:\/\/saisonsculturelleschaumont.fr\/mdxpuixt\/wp-content\/uploads\/2022\/09\/20209006_MONDES_IMAGINAIRES_Constructions-768x768.jpg"},"1536x1536":{"width":1536,"height":1152,"mime-type":"image\/jpeg","filesize":1299165,"url":"https:\/\/saisonsculturelleschaumont.fr\/mdxpuixt\/wp-content\/uploads\/2022\/09\/20209006_MONDES_IMAGINAIRES_Constructions-1536x1152.jpg"},"2048x2048":{"width":2048,"height":1536,"mime-type":"image\/jpeg","filesize":2220994,"url":"https:\/\/saisonsculturelleschaumont.fr\/mdxpuixt\/wp-content\/uploads\/2022\/09\/20209006_MONDES_IMAGINAIRES_Constructions-2048x1536.jpg"},"fiat_thumb":{"width":60,"height":60,"mime-type":"image\/jpeg","filesize":22309,"url":"https:\/\/saisonsculturelleschaumont.fr\/mdxpuixt\/wp-content\/uploads\/2022\/09\/20209006_MONDES_IMAGINAIRES_Constructions-scaled-e1663230617867-60x60.jpg"},"widget":{"width":36,"height":36,"mime-type":"image\/jpeg","filesize":19865,"url":"https:\/\/saisonsculturelleschaumont.fr\/mdxpuixt\/wp-content\/uploads\/2022\/09\/20209006_MONDES_IMAGINAIRES_Constructions-scaled-e1663230617867-36x36.jpg"},"square":{"width":180,"height":180,"mime-type":"image\/jpeg","filesize":48878,"url":"https:\/\/saisonsculturelleschaumont.fr\/mdxpuixt\/wp-content\/uploads\/2022\/09\/20209006_MONDES_IMAGINAIRES_Constructions-scaled-e1663230617867-180x180.jpg"},"featured":{"width":650,"height":430,"mime-type":"image\/jpeg","filesize":239440,"url":"https:\/\/saisonsculturelleschaumont.fr\/mdxpuixt\/wp-content\/uploads\/2022\/09\/20209006_MONDES_IMAGINAIRES_Constructions-scaled-e1663230617867-650x430.jpg"},"featured_large":{"width":1500,"height":630,"mime-type":"image\/jpeg","filesize":747917,"url":"https:\/\/saisonsculturelleschaumont.fr\/mdxpuixt\/wp-content\/uploads\/2022\/09\/20209006_MONDES_IMAGINAIRES_Constructions-1500x630.jpg"},"extra_large":{"width":1500,"height":1125,"mime-type":"image\/jpeg","filesize":1247469,"url":"https:\/\/saisonsculturelleschaumont.fr\/mdxpuixt\/wp-content\/uploads\/2022\/09\/20209006_MONDES_IMAGINAIRES_Constructions-1500x1125.jpg"},"portfolio":{"width":495,"height":400,"mime-type":"image\/jpeg","filesize":167660,"url":"https:\/\/saisonsculturelleschaumont.fr\/mdxpuixt\/wp-content\/uploads\/2022\/09\/20209006_MONDES_IMAGINAIRES_Constructions-scaled-e1663230617867-495x400.jpg"},"portfolio_small":{"width":260,"height":185,"mime-type":"image\/jpeg","filesize":61079,"url":"https:\/\/saisonsculturelleschaumont.fr\/mdxpuixt\/wp-content\/uploads\/2022\/09\/20209006_MONDES_IMAGINAIRES_Constructions-scaled-e1663230617867-260x185.jpg"},"gallery":{"width":845,"height":684,"mime-type":"image\/jpeg","filesize":464632,"url":"https:\/\/saisonsculturelleschaumont.fr\/mdxpuixt\/wp-content\/uploads\/2022\/09\/20209006_MONDES_IMAGINAIRES_Constructions-845x684.jpg"},"magazine":{"width":650,"height":375,"mime-type":"image\/jpeg","filesize":217105,"url":"https:\/\/saisonsculturelleschaumont.fr\/mdxpuixt\/wp-content\/uploads\/2022\/09\/20209006_MONDES_IMAGINAIRES_Constructions-scaled-e1663230617867-650x375.jpg"},"masonry":{"width":705,"height":529,"mime-type":"image\/jpeg","filesize":308861,"url":"https:\/\/saisonsculturelleschaumont.fr\/mdxpuixt\/wp-content\/uploads\/2022\/09\/20209006_MONDES_IMAGINAIRES_Constructions-705x529.jpg"},"entry_with_sidebar":{"width":650,"height":321,"mime-type":"image\/jpeg","filesize":190258,"url":"https:\/\/saisonsculturelleschaumont.fr\/mdxpuixt\/wp-content\/uploads\/2022\/09\/20209006_MONDES_IMAGINAIRES_Constructions-scaled-e1663230617867-650x321.jpg"},"entry_without_sidebar":{"width":650,"height":423,"mime-type":"image\/jpeg","filesize":237079,"url":"https:\/\/saisonsculturelleschaumont.fr\/mdxpuixt\/wp-content\/uploads\/2022\/09\/20209006_MONDES_IMAGINAIRES_Constructions-scaled-e1663230617867-650x423.jpg"},"cmplz_banner_image":{"width":350,"height":100,"mime-type":"image\/jpeg","filesize":50404,"url":"https:\/\/saisonsculturelleschaumont.fr\/mdxpuixt\/wp-content\/uploads\/2022\/09\/20209006_MONDES_IMAGINAIRES_Constructions-350x100.jpg"}},"original_image":"20209006_MONDES_IMAGINAIRES_Constructions.jpg"},"all_day":false,"start_date":"2023-01-07 15:00:00","start_date_details":{"year":"2023","month":"01","day":"07","hour":"15","minutes":"00","seconds":"00"},"end_date":"2023-01-07 18:00:00","end_date_details":{"year":"2023","month":"01","day":"07","hour":"18","minutes":"00","seconds":"00"},"utc_start_date":"2023-01-07 14:00:00","utc_start_date_details":{"year":"2023","month":"01","day":"07","hour":"14","minutes":"00","seconds":"00"},"utc_end_date":"2023-01-07 17:00:00","utc_end_date_details":{"year":"2023","month":"01","day":"07","hour":"17","minutes":"00","seconds":"00"},"timezone":"Europe\/Paris","timezone_abbr":"CET","cost":"","cost_details":{"currency_symbol":"","currency_code":"","currency_position":"suffix","values":[]},"website":"http:\/\/silos.ville-chaumont.fr","show_map":true,"show_map_link":false,"hide_from_listings":true,"sticky":false,"featured":false,"categories":[{"name":"multidisciplinaire","slug":"multidisciplinaire","term_group":0,"term_taxonomy_id":111,"taxonomy":"tribe_events_cat","description":"","parent":0,"count":47,"filter":"raw","id":111,"urls":{"self":"https:\/\/saisonsculturelleschaumont.fr\/mdxpuixt\/wp-json\/tribe\/events\/v1\/categories\/111","collection":"https:\/\/saisonsculturelleschaumont.fr\/mdxpuixt\/wp-json\/tribe\/events\/v1\/categories"}}],"tags":[{"name":"Jeux de construction","slug":"jeux-de-construction","term_group":0,"term_taxonomy_id":337,"taxonomy":"post_tag","description":"","parent":0,"count":2,"filter":"raw","id":337,"urls":{"self":"https:\/\/saisonsculturelleschaumont.fr\/mdxpuixt\/wp-json\/tribe\/events\/v1\/tags\/337","collection":"https:\/\/saisonsculturelleschaumont.fr\/mdxpuixt\/wp-json\/tribe\/events\/v1\/tags"}}],"venue":{"id":7689,"author":"3","status":"publish","date":"2022-02-10 09:56:04","date_utc":"2022-02-10 08:56:04","modified":"2022-02-10 10:26:23","modified_utc":"2022-02-10 09:26:23","url":"https:\/\/saisonsculturelleschaumont.fr\/mdxpuixt\/ou\/le-quarante-4\/","venue":"le Quarante 4","slug":"le-quarante-4","address":"44 Rue Fleming","city":"Chaumont","zip":"52000","json_ld":{"@type":"Place","name":"le Quarante 4","description":"","url":"https:\/\/saisonsculturelleschaumont.fr\/mdxpuixt\/ou\/le-quarante-4\/","address":{"@type":"PostalAddress","streetAddress":"44 Rue Fleming","addressLocality":"Chaumont","postalCode":"52000"},"telephone":"","sameAs":""},"show_map":true,"show_map_link":true,"global_id":"saisonsculturelleschaumont.fr\/mdxpuixt?id=7689","global_id_lineage":["saisonsculturelleschaumont.fr\/mdxpuixt?id=7689"]},"organizer":[{"id":1190,"author":"3","status":"publish","date":"2019-07-11 19:36:09","date_utc":"2019-07-11 17:36:09","modified":"2024-07-18 11:55:22","modified_utc":"2024-07-18 09:55:22","url":"https:\/\/saisonsculturelleschaumont.fr\/mdxpuixt\/qui\/les-silos\/","organizer":"m\u00e9diath\u00e8que les silos","description":"<p>Pendant les travaux du b\u00e2timent avenue Foch, la m\u00e9diath\u00e8que les Silos vient \u00e0 votre rencontre gr\u00e2ce aux SILOS \u00c9PH\u00c9M\u00c8RES !<\/p>\n<ul>\n<li>l&rsquo;espace Bouchardon <br \/><em>mar., jeu. &amp; ven.\u00a0de 13h30 \u2794 18h30<\/em><br \/><em>mer. &amp; sam. de 9h30 \u2794 12h &amp; de 13h30 \u2794 18h30<\/em><\/li>\n<\/ul>\n<p>ATTENTION<\/p>\n<p>Les silos \u00e9ph\u00e9m\u00e8res, rue Victoire de la marne, fermeront leurs portes le samedi 24 ao\u00fbt \u00e0 18h30, afin de pr\u00e9parer le d\u00e9m\u00e9nagement et la r\u00e9ouverture des silos, avenue Foch.\u00a0La r\u00e9ouverture des silos aura lieu au cours de l\u2019automne.\u00a0\u00a0A compter du jeudi 18 juillet, votre nombre de documents empruntable est doubl\u00e9 : jusqu\u2019\u00e0 16 documents pour une carte emprunteur de 8 documents et jusqu\u2019\u00e0 40 documents pour une carte emprunteur de 20 documents.\u00a0La dur\u00e9e du pr\u00eat s&rsquo;\u00e9tendra sur 3 mois.\u00a0Pendant la fermeture de la m\u00e9diath\u00e8que, vous pourrez d\u00e9poser vos retours dans la bo\u00eete situ\u00e9e dans la cour de l&rsquo;espace Bouchardon.\u00a0<br \/>\n\t\t\t\t\t\t\t\t\t\t\t\t<img decoding=\"async\" loading=\"lazy\" width=\"768\" height=\"768\" src=\"https:\/\/saisonsculturelleschaumont.fr\/mdxpuixt\/wp-content\/uploads\/2019\/07\/DSC_6477-768x768.jpg\" alt=\"\" srcset=\"https:\/\/saisonsculturelleschaumont.fr\/mdxpuixt\/wp-content\/uploads\/2019\/07\/DSC_6477-768x768.jpg 768w, https:\/\/saisonsculturelleschaumont.fr\/mdxpuixt\/wp-content\/uploads\/2019\/07\/DSC_6477-300x300.jpg 300w, https:\/\/saisonsculturelleschaumont.fr\/mdxpuixt\/wp-content\/uploads\/2019\/07\/DSC_6477-1030x1030.jpg 1030w, https:\/\/saisonsculturelleschaumont.fr\/mdxpuixt\/wp-content\/uploads\/2019\/07\/DSC_6477-80x80.jpg 80w, https:\/\/saisonsculturelleschaumont.fr\/mdxpuixt\/wp-content\/uploads\/2019\/07\/DSC_6477-60x60.jpg 60w, https:\/\/saisonsculturelleschaumont.fr\/mdxpuixt\/wp-content\/uploads\/2019\/07\/DSC_6477-36x36.jpg 36w, https:\/\/saisonsculturelleschaumont.fr\/mdxpuixt\/wp-content\/uploads\/2019\/07\/DSC_6477-180x180.jpg 180w\" sizes=\"(max-width: 768px) 100vw, 768px\" \/>\t\t\t\t\t\t\t\t\t\t\t\t\t\t<\/p>\n<p>Situ\u00e9s au c\u0153ur du quartier de la gare de chaumont, les silos abritent depuis 1994 une <strong>m\u00e9diath\u00e8que<\/strong> riche et insolite. La d\u00e9nomination rappelle qu\u2019\u00e0 l\u2019origine, le b\u00e2timent \u00e9tait une coop\u00e9rative agricole, caract\u00e9ristique de l\u2019architecture des ann\u00e9es 1930. Le projet de r\u00e9habilitation a permis de conserver les anciennes tr\u00e9mies \u00e0 grain, qui traversent les \u00e9tages de part en part r\u00e9v\u00e9lant un b\u00e2timent de verre impressionnant, tant \u00e0 l\u2019int\u00e9rieur qu\u2019\u00e0 l\u2019ext\u00e9rieur. Le b\u00e2timent a obtenu en 2011 le label \u00ab patrimoine du XX\u00e8me si\u00e8cle \u00bb d\u00e9livr\u00e9 par le minist\u00e8re de la culture et de la communication.\u00a0<\/p>\n<p>Les silos proposent une offre multiple et coh\u00e9rente de <strong>130 000 documents<\/strong>, dont 84 000 en acc\u00e8s libre r\u00e9partis sur 3 niveaux, accessible au public 30h par semaine. Au premier niveau se trouvent tous les documents concernant <strong>l\u2019audio-visuel et la presse<\/strong>, au deuxi\u00e8me <strong>la section adulte<\/strong> et au troisi\u00e8me \u00e9tage <strong>la section jeunesse<\/strong>. Le catalogue est consultable en ligne \u00e0 travers le portail flora, <a href=\"http:\/\/silos.ville-chaumont.fr\/flora\/\">http:\/\/silos.ville-chaumont.fr\/flora\/<\/a>ou sur place.\u00a0\u00a0<\/p>\n<p>Les silos veillent \u00e9galement sur un fonds prestigieux de<strong> 285 manuscrits<\/strong> et <strong>200 incunables<\/strong> et plus de 30 000 documents anciens divers. Ils accueillent \u00e9galement les r\u00e9serves de la <strong>collection d\u2019affiches anciennes et contemporaines<\/strong> de la ville de chaumont sous la responsabilit\u00e9 du signe \u2013 centre national du graphisme. Ces fonds ne sont, quant \u00e0 eux, pas accessibles au public. Au 2\u00e8me \u00e9tage, une table tactile invite \u00e0 d\u00e9couvrir les collections num\u00e9ris\u00e9es des silos : cartes postales des ann\u00e9es 1900, plans anciens de chaumont, cartes publicitaires du 19e si\u00e8cle, \u00e9tiquettes de rhum et autres documents.\u00a0<\/p>\n<p>Profitez des nouveaux services mis en place par la m\u00e9diath\u00e8que :\u00a0<\/p>\n<ul>\n<li>les Silos \u00e0 domicile<\/li>\n<li>les Silos \u00e0 emporter<\/li>\n<\/ul>\n<p><img decoding=\"async\" loading=\"lazy\" src=\"https:\/\/saisonsculturelleschaumont.fr\/mdxpuixt\/wp-content\/uploads\/2022\/04\/Les-silos-a-domicile-notice-copie-1500x696.jpg\" alt=\"\" width=\"1500\" height=\"696\" \/><\/p>\n<p><img decoding=\"async\" loading=\"lazy\" src=\"https:\/\/saisonsculturelleschaumont.fr\/mdxpuixt\/wp-content\/uploads\/2022\/04\/Les-silos-a-emporter-notice-copie-scaled.jpg\" alt=\"\" width=\"2560\" height=\"1160\" \/><\/p>\n<p><b>Politique Tarifaire<\/b><\/p>\n<table border=\"0\" width=\"737\" cellspacing=\"0\" cellpadding=\"0\">\n<colgroup>\n<col width=\"289\" \/>\n<col width=\"316\" \/>\n<col width=\"132\" \/><\/colgroup>\n<tbody>\n<tr>\n<td width=\"289\" height=\"40\">Chaumontais et Brottais de plus de 18 ans titulaire de la carte familiale (cat. A \u00e0 E)<\/td>\n<td width=\"316\">20 documents<\/td>\n<td width=\"132\">Gratuit<\/td>\n<\/tr>\n<tr>\n<td width=\"289\" height=\"21\">Chaumontais et Brottais de moins de 18 ans, scolaris\u00e9s et \u00e9tudiants \u00e0 Chaumont<\/td>\n<td width=\"316\">8 documents<\/td>\n<td width=\"132\">Gratuit<\/td>\n<\/tr>\n<tr>\n<td width=\"289\" height=\"21\">Demandeurs d\u2019emploi<\/td>\n<td width=\"316\">8 documents<\/td>\n<td width=\"132\">Gratuit<\/td>\n<\/tr>\n<tr>\n<td width=\"289\" height=\"21\">Non Chaumontais de moins de 18 ans<\/td>\n<td width=\"316\">8 documents<\/td>\n<td width=\"132\">5,10 \u20ac<\/td>\n<\/tr>\n<tr>\n<td width=\"289\" height=\"21\">Non Chaumontais de plus de 18 ans<\/td>\n<td width=\"316\">20 documents<\/td>\n<td width=\"132\">26,50 \u20ac<\/td>\n<\/tr>\n<tr>\n<td width=\"289\" height=\"21\">Collectivit\u00e9s<\/td>\n<td width=\"316\">30 \u00e0 50 documents selon convention<\/td>\n<td width=\"132\">Gratuit<\/td>\n<\/tr>\n<tr>\n<td width=\"289\" height=\"21\">Enseignants \u00e0 Chaumont<\/td>\n<td width=\"316\">30 documents pour un usage en classe<\/td>\n<td width=\"132\">Gratuit<\/td>\n<\/tr>\n<\/tbody>\n<\/table>","slug":"les-silos","image":{"url":"https:\/\/saisonsculturelleschaumont.fr\/mdxpuixt\/wp-content\/uploads\/2019\/07\/BANDEAUX-SIlos-10.png","id":4860,"extension":"png","width":1427,"height":851,"sizes":{"medium":{"width":300,"height":300,"mime-type":"image\/png","url":"https:\/\/saisonsculturelleschaumont.fr\/mdxpuixt\/wp-content\/uploads\/2019\/07\/BANDEAUX-SIlos-10-300x300.png"},"large":{"width":1030,"height":851,"mime-type":"image\/png","url":"https:\/\/saisonsculturelleschaumont.fr\/mdxpuixt\/wp-content\/uploads\/2019\/07\/BANDEAUX-SIlos-10-1030x851.png"},"thumbnail":{"width":80,"height":80,"mime-type":"image\/png","url":"https:\/\/saisonsculturelleschaumont.fr\/mdxpuixt\/wp-content\/uploads\/2019\/07\/BANDEAUX-SIlos-10-80x80.png"},"medium_large":{"width":768,"height":768,"mime-type":"image\/png","url":"https:\/\/saisonsculturelleschaumont.fr\/mdxpuixt\/wp-content\/uploads\/2019\/07\/BANDEAUX-SIlos-10-768x768.png"},"fiat_thumb":{"width":60,"height":60,"mime-type":"image\/png","url":"https:\/\/saisonsculturelleschaumont.fr\/mdxpuixt\/wp-content\/uploads\/2019\/07\/BANDEAUX-SIlos-10-60x60.png"},"widget":{"width":36,"height":36,"mime-type":"image\/png","url":"https:\/\/saisonsculturelleschaumont.fr\/mdxpuixt\/wp-content\/uploads\/2019\/07\/BANDEAUX-SIlos-10-36x36.png"},"square":{"width":180,"height":180,"mime-type":"image\/png","url":"https:\/\/saisonsculturelleschaumont.fr\/mdxpuixt\/wp-content\/uploads\/2019\/07\/BANDEAUX-SIlos-10-180x180.png"},"featured":{"width":1427,"height":430,"mime-type":"image\/png","url":"https:\/\/saisonsculturelleschaumont.fr\/mdxpuixt\/wp-content\/uploads\/2019\/07\/BANDEAUX-SIlos-10-1427x430.png"},"featured_large":{"width":1427,"height":630,"mime-type":"image\/png","url":"https:\/\/saisonsculturelleschaumont.fr\/mdxpuixt\/wp-content\/uploads\/2019\/07\/BANDEAUX-SIlos-10-1427x630.png"},"portfolio":{"width":495,"height":400,"mime-type":"image\/png","url":"https:\/\/saisonsculturelleschaumont.fr\/mdxpuixt\/wp-content\/uploads\/2019\/07\/BANDEAUX-SIlos-10-495x400.png"},"portfolio_small":{"width":260,"height":185,"mime-type":"image\/png","url":"https:\/\/saisonsculturelleschaumont.fr\/mdxpuixt\/wp-content\/uploads\/2019\/07\/BANDEAUX-SIlos-10-260x185.png"},"gallery":{"width":845,"height":684,"mime-type":"image\/png","url":"https:\/\/saisonsculturelleschaumont.fr\/mdxpuixt\/wp-content\/uploads\/2019\/07\/BANDEAUX-SIlos-10-845x684.png"},"magazine":{"width":710,"height":375,"mime-type":"image\/png","url":"https:\/\/saisonsculturelleschaumont.fr\/mdxpuixt\/wp-content\/uploads\/2019\/07\/BANDEAUX-SIlos-10-710x375.png"},"masonry":{"width":705,"height":420,"mime-type":"image\/png","url":"https:\/\/saisonsculturelleschaumont.fr\/mdxpuixt\/wp-content\/uploads\/2019\/07\/BANDEAUX-SIlos-10-705x420.png"},"entry_with_sidebar":{"width":845,"height":321,"mime-type":"image\/png","url":"https:\/\/saisonsculturelleschaumont.fr\/mdxpuixt\/wp-content\/uploads\/2019\/07\/BANDEAUX-SIlos-10-845x321.png"},"entry_without_sidebar":{"width":1210,"height":423,"mime-type":"image\/png","url":"https:\/\/saisonsculturelleschaumont.fr\/mdxpuixt\/wp-content\/uploads\/2019\/07\/BANDEAUX-SIlos-10-1210x423.png"}}},"json_ld":{"@type":"Person","name":"m\u00e9diath\u00e8que les silos","description":"&lt;p&gt;Pendant les travaux du b\u00e2timent avenue Foch, la m\u00e9diath\u00e8que les Silos vient \u00e0 votre rencontre gr\u00e2ce aux SILOS \u00c9PH\u00c9M\u00c8RES !l\\'espace Bouchardon mar., jeu. &amp; ven.\u00a0de 13h30 \u2794 18h30mer. &amp; sam. [&hellip;]&lt;\/p&gt;\\n","image":"https:\/\/saisonsculturelleschaumont.fr\/mdxpuixt\/wp-content\/uploads\/2019\/07\/BANDEAUX-SIlos-10.png","url":"","telephone":"","email":"","sameAs":""},"global_id":"saisonsculturelleschaumont.fr\/mdxpuixt?id=1190","global_id_lineage":["saisonsculturelleschaumont.fr\/mdxpuixt?id=1190"]}],"json_ld":{"@context":"http:\/\/schema.org","@type":"Event","name":"Ateliers jeux &#8211; Construction 3D","description":"&lt;p&gt;Minutie de rigueur pour la construction de puzzles en 3D. Mais ce n\u2019est pas tout ! Il vous faudra ensuite r\u00e9soudre l\u2019\u00e9nigme de l\u2019arbre de la for\u00eat ou trouver la [&hellip;]&lt;\/p&gt;\\n","image":"https:\/\/saisonsculturelleschaumont.fr\/mdxpuixt\/wp-content\/uploads\/2022\/09\/20209006_MONDES_IMAGINAIRES_Constructions-scaled-e1663230617867.jpg","url":"https:\/\/saisonsculturelleschaumont.fr\/mdxpuixt\/evenement\/ateliers-jeux-construction-3d\/","eventAttendanceMode":"https:\/\/schema.org\/OfflineEventAttendanceMode","eventStatus":"https:\/\/schema.org\/EventScheduled","startDate":"2023-01-07T15:00:00+01:00","endDate":"2023-01-07T18:00:00+01:00","location":{"@type":"Place","name":"le Quarante 4","description":"","url":"https:\/\/saisonsculturelleschaumont.fr\/mdxpuixt\/ou\/le-quarante-4\/","address":{"@type":"PostalAddress","streetAddress":"44 Rue Fleming","addressLocality":"Chaumont","postalCode":"52000"},"telephone":"","sameAs":""},"organizer":{"@type":"Person","name":"m\u00e9diath\u00e8que les silos","description":"&lt;p&gt;Pendant les travaux du b\u00e2timent avenue Foch, la m\u00e9diath\u00e8que les Silos vient \u00e0 votre rencontre gr\u00e2ce aux SILOS \u00c9PH\u00c9M\u00c8RES !l\\'espace Bouchardon mar., jeu. &amp; ven.\u00a0de 13h30 \u2794 18h30mer. &amp; sam. [&hellip;]&lt;\/p&gt;\\n","image":"https:\/\/saisonsculturelleschaumont.fr\/mdxpuixt\/wp-content\/uploads\/2019\/07\/BANDEAUX-SIlos-10.png","url":"","telephone":"","email":"","sameAs":""},"performer":"Organization"},"event_bgcolor":"","event_text_color":""}