{"id":9233,"global_id":"saisonsculturelleschaumont.fr\/mdxpuixt?id=9233","global_id_lineage":["saisonsculturelleschaumont.fr\/mdxpuixt?id=9233"],"author":"3","status":"publish","date":"2022-09-23 17:07:23","date_utc":"2022-09-23 15:07:23","modified":"2022-11-09 09:43:03","modified_utc":"2022-11-09 08:43:03","url":"https:\/\/saisonsculturelleschaumont.fr\/mdxpuixt\/evenement\/jefferson\/","rest_url":"https:\/\/saisonsculturelleschaumont.fr\/mdxpuixt\/wp-json\/tribe\/events\/v1\/events\/9233","title":"JEFFERSON","description":"<p>TH\u00c9\u00c2TRE EN FAMILLE &#8211; \u00c0 partir de 9 ansCompagnie M\u00e9lim\u00e9lo Fabrique<\/p>\n<p>En ce radieux matin d\u2019automne, le h\u00e9risson Jefferson d\u00e9cide d\u2019aller chez son coiffeur se faire rafra\u00eechir la houpette. Comment peut-il imaginer, alors qu\u2019il arrive plein d\u2019entrain au salon D\u00e9fini-Tif, que sa vie est sur le point de basculer ? Accus\u00e9 d\u2019un meurtre qu\u2019il n\u2019a pas commis, le brave Jefferson, 72 cm de frousse et de courage, est jet\u00e9 dans une aventure qui le m\u00e8nera, pour le meilleur et pour le pire, au pays des \u00eatres humains.<\/p>\n<p>TARIFS<br \/>\n4\u20ac \/ 5\u20ac \/ 9\u20ac \/ 15\u20ac<\/p>","excerpt":"","slug":"jefferson","image":{"url":"https:\/\/saisonsculturelleschaumont.fr\/mdxpuixt\/wp-content\/uploads\/2022\/09\/2-Jefferson-e1663945865719.jpg","id":9263,"extension":"jpg","width":650,"height":433,"filesize":533288,"sizes":{"medium":{"width":300,"height":300,"mime-type":"image\/jpeg","filesize":103755,"url":"https:\/\/saisonsculturelleschaumont.fr\/mdxpuixt\/wp-content\/uploads\/2022\/09\/2-Jefferson-e1663945865719-300x300.jpg"},"large":{"width":1030,"height":800,"mime-type":"image\/jpeg","filesize":647646,"url":"https:\/\/saisonsculturelleschaumont.fr\/mdxpuixt\/wp-content\/uploads\/2022\/09\/2-Jefferson-1030x800.jpg"},"thumbnail":{"width":80,"height":80,"mime-type":"image\/jpeg","filesize":22082,"url":"https:\/\/saisonsculturelleschaumont.fr\/mdxpuixt\/wp-content\/uploads\/2022\/09\/2-Jefferson-e1663945865719-80x80.jpg"},"medium_large":{"width":768,"height":768,"mime-type":"image\/jpeg","filesize":499372,"url":"https:\/\/saisonsculturelleschaumont.fr\/mdxpuixt\/wp-content\/uploads\/2022\/09\/2-Jefferson-768x768.jpg"},"fiat_thumb":{"width":60,"height":60,"mime-type":"image\/jpeg","filesize":18735,"url":"https:\/\/saisonsculturelleschaumont.fr\/mdxpuixt\/wp-content\/uploads\/2022\/09\/2-Jefferson-e1663945865719-60x60.jpg"},"widget":{"width":36,"height":36,"mime-type":"image\/jpeg","filesize":15110,"url":"https:\/\/saisonsculturelleschaumont.fr\/mdxpuixt\/wp-content\/uploads\/2022\/09\/2-Jefferson-e1663945865719-36x36.jpg"},"square":{"width":180,"height":180,"mime-type":"image\/jpeg","filesize":51162,"url":"https:\/\/saisonsculturelleschaumont.fr\/mdxpuixt\/wp-content\/uploads\/2022\/09\/2-Jefferson-e1663945865719-180x180.jpg"},"featured":{"width":650,"height":430,"mime-type":"image\/jpeg","filesize":253242,"url":"https:\/\/saisonsculturelleschaumont.fr\/mdxpuixt\/wp-content\/uploads\/2022\/09\/2-Jefferson-e1663945865719-650x430.jpg"},"featured_large":{"width":1200,"height":630,"mime-type":"image\/jpeg","filesize":579052,"url":"https:\/\/saisonsculturelleschaumont.fr\/mdxpuixt\/wp-content\/uploads\/2022\/09\/2-Jefferson-1200x630.jpg"},"portfolio":{"width":495,"height":400,"mime-type":"image\/jpeg","filesize":180183,"url":"https:\/\/saisonsculturelleschaumont.fr\/mdxpuixt\/wp-content\/uploads\/2022\/09\/2-Jefferson-e1663945865719-495x400.jpg"},"portfolio_small":{"width":260,"height":185,"mime-type":"image\/jpeg","filesize":62154,"url":"https:\/\/saisonsculturelleschaumont.fr\/mdxpuixt\/wp-content\/uploads\/2022\/09\/2-Jefferson-e1663945865719-260x185.jpg"},"gallery":{"width":845,"height":684,"mime-type":"image\/jpeg","filesize":481245,"url":"https:\/\/saisonsculturelleschaumont.fr\/mdxpuixt\/wp-content\/uploads\/2022\/09\/2-Jefferson-845x684.jpg"},"magazine":{"width":650,"height":375,"mime-type":"image\/jpeg","filesize":224842,"url":"https:\/\/saisonsculturelleschaumont.fr\/mdxpuixt\/wp-content\/uploads\/2022\/09\/2-Jefferson-e1663945865719-650x375.jpg"},"masonry":{"width":705,"height":470,"mime-type":"image\/jpeg","filesize":293543,"url":"https:\/\/saisonsculturelleschaumont.fr\/mdxpuixt\/wp-content\/uploads\/2022\/09\/2-Jefferson-705x470.jpg"},"entry_with_sidebar":{"width":650,"height":321,"mime-type":"image\/jpeg","filesize":197042,"url":"https:\/\/saisonsculturelleschaumont.fr\/mdxpuixt\/wp-content\/uploads\/2022\/09\/2-Jefferson-e1663945865719-650x321.jpg"},"entry_without_sidebar":{"width":650,"height":423,"mime-type":"image\/jpeg","filesize":248350,"url":"https:\/\/saisonsculturelleschaumont.fr\/mdxpuixt\/wp-content\/uploads\/2022\/09\/2-Jefferson-e1663945865719-650x423.jpg"},"cmplz_banner_image":{"width":350,"height":100,"mime-type":"image\/jpeg","filesize":48220,"url":"https:\/\/saisonsculturelleschaumont.fr\/mdxpuixt\/wp-content\/uploads\/2022\/09\/2-Jefferson-350x100.jpg"}}},"all_day":false,"start_date":"2022-10-20 18:30:00","start_date_details":{"year":"2022","month":"10","day":"20","hour":"18","minutes":"30","seconds":"00"},"end_date":"2022-10-20 19:50:00","end_date_details":{"year":"2022","month":"10","day":"20","hour":"19","minutes":"50","seconds":"00"},"utc_start_date":"2022-10-20 16:30:00","utc_start_date_details":{"year":"2022","month":"10","day":"20","hour":"16","minutes":"30","seconds":"00"},"utc_end_date":"2022-10-20 17:50:00","utc_end_date_details":{"year":"2022","month":"10","day":"20","hour":"17","minutes":"50","seconds":"00"},"timezone":"Europe\/Paris","timezone_abbr":"CEST","cost":"","cost_details":{"currency_symbol":"","currency_code":"","currency_position":"suffix","values":[]},"website":"https:\/\/www.lenouveaurelax.fr\/spectacles\/","show_map":true,"show_map_link":false,"hide_from_listings":true,"sticky":false,"featured":false,"categories":[{"name":"spectacle vivant","slug":"spectacle-vivant","term_group":0,"term_taxonomy_id":44,"taxonomy":"tribe_events_cat","description":"","parent":0,"count":148,"filter":"raw","id":44,"urls":{"self":"https:\/\/saisonsculturelleschaumont.fr\/mdxpuixt\/wp-json\/tribe\/events\/v1\/categories\/44","collection":"https:\/\/saisonsculturelleschaumont.fr\/mdxpuixt\/wp-json\/tribe\/events\/v1\/categories"}}],"tags":[{"name":"spectacle","slug":"spectacle","term_group":0,"term_taxonomy_id":55,"taxonomy":"post_tag","description":"","parent":0,"count":114,"filter":"raw","id":55,"urls":{"self":"https:\/\/saisonsculturelleschaumont.fr\/mdxpuixt\/wp-json\/tribe\/events\/v1\/tags\/55","collection":"https:\/\/saisonsculturelleschaumont.fr\/mdxpuixt\/wp-json\/tribe\/events\/v1\/tags"}}],"venue":{"id":1183,"author":"3","status":"publish","date":"2019-07-11 19:35:32","date_utc":"2019-07-11 17:35:32","modified":"2020-02-11 21:40:30","modified_utc":"2020-02-11 20:40:30","url":"https:\/\/saisonsculturelleschaumont.fr\/mdxpuixt\/ou\/le-nouveau-relax\/","venue":"le nouveau relax","slug":"le-nouveau-relax","address":"15 bis rue L\u00e9vy-Alphand\u00e9ry","city":"Chaumont","country":"France","zip":"52000","phone":"03 25 01 68 80","website":"https:\/\/www.lenouveaurelax.fr","geo_lat":48.1074264,"geo_lng":5.1373537,"json_ld":{"@type":"Place","name":"le nouveau relax","description":"","url":"https:\/\/saisonsculturelleschaumont.fr\/mdxpuixt\/ou\/le-nouveau-relax\/","address":{"@type":"PostalAddress","streetAddress":"15 bis rue L\u00e9vy-Alphand\u00e9ry","addressLocality":"Chaumont","postalCode":"52000","addressCountry":"France"},"geo":{"@type":"GeoCoordinates","latitude":48.1074264,"longitude":5.1373537},"telephone":"03 25 01 68 80","sameAs":"https:\/\/www.lenouveaurelax.fr"},"show_map":true,"show_map_link":true,"global_id":"saisonsculturelleschaumont.fr\/mdxpuixt?id=1183","global_id_lineage":["saisonsculturelleschaumont.fr\/mdxpuixt?id=1183"]},"organizer":[{"id":1192,"author":"3","status":"publish","date":"2019-07-11 19:36:09","date_utc":"2019-07-11 17:36:09","modified":"2020-02-11 21:38:24","modified_utc":"2020-02-11 20:38:24","url":"https:\/\/saisonsculturelleschaumont.fr\/mdxpuixt\/qui\/le-nouveau-relax\/","organizer":"le nouveau relax","slug":"le-nouveau-relax","phone":"03 25 01 68 80","website":"http:\/\/www.lenouveaurelax.fr\/","email":"accueil.theatre@ville-chaumont.fr","json_ld":{"@type":"Person","name":"le nouveau relax","description":"","url":"http:\/\/www.lenouveaurelax.fr\/","telephone":"03 25 01 68 80","email":"a&#99;&#99;u&#101;i&#108;&#46;theat&#114;e&#64;&#118;&#105;&#108;l&#101;&#45;&#99;&#104;au&#109;o&#110;&#116;.&#102;&#114;","sameAs":"http:\/\/www.lenouveaurelax.fr\/"},"global_id":"saisonsculturelleschaumont.fr\/mdxpuixt?id=1192","global_id_lineage":["saisonsculturelleschaumont.fr\/mdxpuixt?id=1192"]}],"json_ld":{"@context":"http:\/\/schema.org","@type":"Event","name":"JEFFERSON","description":"&lt;p&gt;TH\u00c9\u00c2TRE EN FAMILLE - \u00c0 partir de 9 ansCompagnie M\u00e9lim\u00e9lo Fabrique En ce radieux matin d\u2019automne, le h\u00e9risson Jefferson d\u00e9cide d\u2019aller chez son coiffeur se faire rafra\u00eechir la houpette. Comment [&hellip;]&lt;\/p&gt;\\n","image":"https:\/\/saisonsculturelleschaumont.fr\/mdxpuixt\/wp-content\/uploads\/2022\/09\/2-Jefferson-e1663945865719.jpg","url":"https:\/\/saisonsculturelleschaumont.fr\/mdxpuixt\/evenement\/jefferson\/","eventAttendanceMode":"https:\/\/schema.org\/OfflineEventAttendanceMode","eventStatus":"https:\/\/schema.org\/EventScheduled","startDate":"2022-10-20T18:30:00+02:00","endDate":"2022-10-20T19:50:00+02:00","location":{"@type":"Place","name":"le nouveau relax","description":"","url":"https:\/\/saisonsculturelleschaumont.fr\/mdxpuixt\/ou\/le-nouveau-relax\/","address":{"@type":"PostalAddress","streetAddress":"15 bis rue L\u00e9vy-Alphand\u00e9ry","addressLocality":"Chaumont","postalCode":"52000","addressCountry":"France"},"geo":{"@type":"GeoCoordinates","latitude":48.1074264,"longitude":5.1373537},"telephone":"03 25 01 68 80","sameAs":"https:\/\/www.lenouveaurelax.fr"},"organizer":{"@type":"Person","name":"le nouveau relax","description":"","url":"http:\/\/www.lenouveaurelax.fr\/","telephone":"03 25 01 68 80","email":"&#97;&#99;c&#117;eil.&#116;h&#101;&#97;t&#114;e&#64;v&#105;&#108;l&#101;&#45;cha&#117;m&#111;&#110;t&#46;f&#114;","sameAs":"http:\/\/www.lenouveaurelax.fr\/"},"performer":"Organization"},"event_bgcolor":"","event_text_color":""}