{"id":9244,"global_id":"saisonsculturelleschaumont.fr\/mdxpuixt?id=9244","global_id_lineage":["saisonsculturelleschaumont.fr\/mdxpuixt?id=9244"],"author":"3","status":"publish","date":"2023-01-17 16:54:59","date_utc":"2023-01-17 15:54:59","modified":"2023-02-07 15:26:45","modified_utc":"2023-02-07 14:26:45","url":"https:\/\/saisonsculturelleschaumont.fr\/mdxpuixt\/evenement\/lodeur-du-gel\/","rest_url":"https:\/\/saisonsculturelleschaumont.fr\/mdxpuixt\/wp-json\/tribe\/events\/v1\/events\/9244","title":"L\u2019ODEUR DU GEL","description":"<p>TH\u00c9\u00c2TRE D\u2019OBJETS &#8211; EN FAMILLE &#8211; \u00c0 partir de 8 ans<\/p>\n<p>Compagnie Br\u00fblante<\/p>\n<p>L\u2019Odeur du Gel est un po\u00e8me sc\u00e9nique, une esquisse floue, un r\u00eave des Grands Nords, un voyage onirique d\u00e9form\u00e9 par le d\u00e9sir. C\u2019est une rencontre avec les monstres du Grand Nord.<\/p>\n<p>Un bestiaire imaginaire peupl\u00e9 de cr\u00e9atures en fourrure, humaines ou animales, faisant craquer la neige ou \u00e9mergeant d\u2019une grotte voire d\u2019un gouffre\u2026 N\u2019en retenir qu\u2019un sentiment flou troubl\u00e9 de d\u00e9sir, de fiction et de r\u00e9alit\u00e9. Au croisement d\u2019un documentaire et du fantasme d\u2019un paysage que l\u2019on n\u2019a jamais foul\u00e9.<\/p>\n<p>TARIFS<br \/>\n4\u20ac \/ 5\u20ac \/ 9\u20ac \/ 15\u20ac<\/p>","excerpt":"","slug":"lodeur-du-gel","image":{"url":"https:\/\/saisonsculturelleschaumont.fr\/mdxpuixt\/wp-content\/uploads\/2022\/09\/13-L-odeur-du-gel-e1663945977414.jpg","id":9274,"extension":"jpg","width":650,"height":975,"filesize":467879,"sizes":{"medium":{"width":300,"height":300,"mime-type":"image\/jpeg","filesize":88298,"url":"https:\/\/saisonsculturelleschaumont.fr\/mdxpuixt\/wp-content\/uploads\/2022\/09\/13-L-odeur-du-gel-e1663945977414-300x300.jpg"},"large":{"width":800,"height":1030,"mime-type":"image\/jpeg","filesize":510663,"url":"https:\/\/saisonsculturelleschaumont.fr\/mdxpuixt\/wp-content\/uploads\/2022\/09\/13-L-odeur-du-gel-800x1030.jpg"},"thumbnail":{"width":80,"height":80,"mime-type":"image\/jpeg","filesize":24226,"url":"https:\/\/saisonsculturelleschaumont.fr\/mdxpuixt\/wp-content\/uploads\/2022\/09\/13-L-odeur-du-gel-e1663945977414-80x80.jpg"},"medium_large":{"width":650,"height":768,"mime-type":"image\/jpeg","filesize":324775,"url":"https:\/\/saisonsculturelleschaumont.fr\/mdxpuixt\/wp-content\/uploads\/2022\/09\/13-L-odeur-du-gel-e1663945977414-650x768.jpg"},"fiat_thumb":{"width":60,"height":60,"mime-type":"image\/jpeg","filesize":21261,"url":"https:\/\/saisonsculturelleschaumont.fr\/mdxpuixt\/wp-content\/uploads\/2022\/09\/13-L-odeur-du-gel-e1663945977414-60x60.jpg"},"widget":{"width":36,"height":36,"mime-type":"image\/jpeg","filesize":18215,"url":"https:\/\/saisonsculturelleschaumont.fr\/mdxpuixt\/wp-content\/uploads\/2022\/09\/13-L-odeur-du-gel-e1663945977414-36x36.jpg"},"square":{"width":180,"height":180,"mime-type":"image\/jpeg","filesize":47875,"url":"https:\/\/saisonsculturelleschaumont.fr\/mdxpuixt\/wp-content\/uploads\/2022\/09\/13-L-odeur-du-gel-e1663945977414-180x180.jpg"},"featured":{"width":650,"height":430,"mime-type":"image\/jpeg","filesize":213745,"url":"https:\/\/saisonsculturelleschaumont.fr\/mdxpuixt\/wp-content\/uploads\/2022\/09\/13-L-odeur-du-gel-e1663945977414-650x430.jpg"},"featured_large":{"width":650,"height":630,"mime-type":"image\/jpeg","filesize":281196,"url":"https:\/\/saisonsculturelleschaumont.fr\/mdxpuixt\/wp-content\/uploads\/2022\/09\/13-L-odeur-du-gel-e1663945977414-650x630.jpg"},"portfolio":{"width":495,"height":400,"mime-type":"image\/jpeg","filesize":155047,"url":"https:\/\/saisonsculturelleschaumont.fr\/mdxpuixt\/wp-content\/uploads\/2022\/09\/13-L-odeur-du-gel-e1663945977414-495x400.jpg"},"portfolio_small":{"width":260,"height":185,"mime-type":"image\/jpeg","filesize":61253,"url":"https:\/\/saisonsculturelleschaumont.fr\/mdxpuixt\/wp-content\/uploads\/2022\/09\/13-L-odeur-du-gel-e1663945977414-260x185.jpg"},"gallery":{"width":650,"height":684,"mime-type":"image\/jpeg","filesize":296799,"url":"https:\/\/saisonsculturelleschaumont.fr\/mdxpuixt\/wp-content\/uploads\/2022\/09\/13-L-odeur-du-gel-e1663945977414-650x684.jpg"},"magazine":{"width":650,"height":375,"mime-type":"image\/jpeg","filesize":191016,"url":"https:\/\/saisonsculturelleschaumont.fr\/mdxpuixt\/wp-content\/uploads\/2022\/09\/13-L-odeur-du-gel-e1663945977414-650x375.jpg"},"masonry":{"width":470,"height":705,"mime-type":"image\/jpeg","filesize":232958,"url":"https:\/\/saisonsculturelleschaumont.fr\/mdxpuixt\/wp-content\/uploads\/2022\/09\/13-L-odeur-du-gel-e1663945977414-470x705.jpg"},"entry_with_sidebar":{"width":650,"height":321,"mime-type":"image\/jpeg","filesize":168234,"url":"https:\/\/saisonsculturelleschaumont.fr\/mdxpuixt\/wp-content\/uploads\/2022\/09\/13-L-odeur-du-gel-e1663945977414-650x321.jpg"},"entry_without_sidebar":{"width":650,"height":423,"mime-type":"image\/jpeg","filesize":211234,"url":"https:\/\/saisonsculturelleschaumont.fr\/mdxpuixt\/wp-content\/uploads\/2022\/09\/13-L-odeur-du-gel-e1663945977414-650x423.jpg"},"cmplz_banner_image":{"width":350,"height":100,"mime-type":"image\/jpeg","filesize":50444,"url":"https:\/\/saisonsculturelleschaumont.fr\/mdxpuixt\/wp-content\/uploads\/2022\/09\/13-L-odeur-du-gel-350x100.jpg"}}},"all_day":false,"start_date":"2023-02-03 20:30:00","start_date_details":{"year":"2023","month":"02","day":"03","hour":"20","minutes":"30","seconds":"00"},"end_date":"2023-02-03 21:30:00","end_date_details":{"year":"2023","month":"02","day":"03","hour":"21","minutes":"30","seconds":"00"},"utc_start_date":"2023-02-03 19:30:00","utc_start_date_details":{"year":"2023","month":"02","day":"03","hour":"19","minutes":"30","seconds":"00"},"utc_end_date":"2023-02-03 20:30:00","utc_end_date_details":{"year":"2023","month":"02","day":"03","hour":"20","minutes":"30","seconds":"00"},"timezone":"Europe\/Paris","timezone_abbr":"CET","cost":"","cost_details":{"currency_symbol":"","currency_code":"","currency_position":"suffix","values":[]},"website":"https:\/\/www.lenouveaurelax.fr\/spectacles\/","show_map":true,"show_map_link":false,"hide_from_listings":true,"sticky":false,"featured":false,"categories":[{"name":"spectacle vivant","slug":"spectacle-vivant","term_group":0,"term_taxonomy_id":44,"taxonomy":"tribe_events_cat","description":"","parent":0,"count":148,"filter":"raw","id":44,"urls":{"self":"https:\/\/saisonsculturelleschaumont.fr\/mdxpuixt\/wp-json\/tribe\/events\/v1\/categories\/44","collection":"https:\/\/saisonsculturelleschaumont.fr\/mdxpuixt\/wp-json\/tribe\/events\/v1\/categories"}}],"tags":[{"name":"spectacle","slug":"spectacle","term_group":0,"term_taxonomy_id":55,"taxonomy":"post_tag","description":"","parent":0,"count":114,"filter":"raw","id":55,"urls":{"self":"https:\/\/saisonsculturelleschaumont.fr\/mdxpuixt\/wp-json\/tribe\/events\/v1\/tags\/55","collection":"https:\/\/saisonsculturelleschaumont.fr\/mdxpuixt\/wp-json\/tribe\/events\/v1\/tags"}}],"venue":{"id":1183,"author":"3","status":"publish","date":"2019-07-11 19:35:32","date_utc":"2019-07-11 17:35:32","modified":"2020-02-11 21:40:30","modified_utc":"2020-02-11 20:40:30","url":"https:\/\/saisonsculturelleschaumont.fr\/mdxpuixt\/ou\/le-nouveau-relax\/","venue":"le nouveau relax","slug":"le-nouveau-relax","address":"15 bis rue L\u00e9vy-Alphand\u00e9ry","city":"Chaumont","country":"France","zip":"52000","phone":"03 25 01 68 80","website":"https:\/\/www.lenouveaurelax.fr","geo_lat":48.1074264,"geo_lng":5.1373537,"json_ld":{"@type":"Place","name":"le nouveau relax","description":"","url":"https:\/\/saisonsculturelleschaumont.fr\/mdxpuixt\/ou\/le-nouveau-relax\/","address":{"@type":"PostalAddress","streetAddress":"15 bis rue L\u00e9vy-Alphand\u00e9ry","addressLocality":"Chaumont","postalCode":"52000","addressCountry":"France"},"geo":{"@type":"GeoCoordinates","latitude":48.1074264,"longitude":5.1373537},"telephone":"03 25 01 68 80","sameAs":"https:\/\/www.lenouveaurelax.fr"},"show_map":true,"show_map_link":true,"global_id":"saisonsculturelleschaumont.fr\/mdxpuixt?id=1183","global_id_lineage":["saisonsculturelleschaumont.fr\/mdxpuixt?id=1183"]},"organizer":[{"id":1192,"author":"3","status":"publish","date":"2019-07-11 19:36:09","date_utc":"2019-07-11 17:36:09","modified":"2020-02-11 21:38:24","modified_utc":"2020-02-11 20:38:24","url":"https:\/\/saisonsculturelleschaumont.fr\/mdxpuixt\/qui\/le-nouveau-relax\/","organizer":"le nouveau relax","slug":"le-nouveau-relax","phone":"03 25 01 68 80","website":"http:\/\/www.lenouveaurelax.fr\/","email":"accueil.theatre@ville-chaumont.fr","json_ld":{"@type":"Person","name":"le nouveau relax","description":"","url":"http:\/\/www.lenouveaurelax.fr\/","telephone":"03 25 01 68 80","email":"a&#99;cuei&#108;.t&#104;&#101;atre&#64;&#118;i&#108;&#108;&#101;-cha&#117;mon&#116;&#46;&#102;r","sameAs":"http:\/\/www.lenouveaurelax.fr\/"},"global_id":"saisonsculturelleschaumont.fr\/mdxpuixt?id=1192","global_id_lineage":["saisonsculturelleschaumont.fr\/mdxpuixt?id=1192"]}],"json_ld":{"@context":"http:\/\/schema.org","@type":"Event","name":"L\u2019ODEUR DU GEL","description":"&lt;p&gt;TH\u00c9\u00c2TRE D\u2019OBJETS - EN FAMILLE - \u00c0 partir de 8 ans Compagnie Br\u00fblante L\u2019Odeur du Gel est un po\u00e8me sc\u00e9nique, une esquisse floue, un r\u00eave des Grands Nords, un voyage [&hellip;]&lt;\/p&gt;\\n","image":"https:\/\/saisonsculturelleschaumont.fr\/mdxpuixt\/wp-content\/uploads\/2022\/09\/13-L-odeur-du-gel-e1663945977414.jpg","url":"https:\/\/saisonsculturelleschaumont.fr\/mdxpuixt\/evenement\/lodeur-du-gel\/","eventAttendanceMode":"https:\/\/schema.org\/OfflineEventAttendanceMode","eventStatus":"https:\/\/schema.org\/EventScheduled","startDate":"2023-02-03T20:30:00+01:00","endDate":"2023-02-03T21:30:00+01:00","location":{"@type":"Place","name":"le nouveau relax","description":"","url":"https:\/\/saisonsculturelleschaumont.fr\/mdxpuixt\/ou\/le-nouveau-relax\/","address":{"@type":"PostalAddress","streetAddress":"15 bis rue L\u00e9vy-Alphand\u00e9ry","addressLocality":"Chaumont","postalCode":"52000","addressCountry":"France"},"geo":{"@type":"GeoCoordinates","latitude":48.1074264,"longitude":5.1373537},"telephone":"03 25 01 68 80","sameAs":"https:\/\/www.lenouveaurelax.fr"},"organizer":{"@type":"Person","name":"le nouveau relax","description":"","url":"http:\/\/www.lenouveaurelax.fr\/","telephone":"03 25 01 68 80","email":"&#97;c&#99;&#117;eil.&#116;h&#101;&#97;tre&#64;vil&#108;&#101;-&#99;haum&#111;nt.f&#114;","sameAs":"http:\/\/www.lenouveaurelax.fr\/"},"performer":"Organization"},"event_bgcolor":"","event_text_color":""}