{"id":9255,"global_id":"saisonsculturelleschaumont.fr\/mdxpuixt?id=9255","global_id_lineage":["saisonsculturelleschaumont.fr\/mdxpuixt?id=9255"],"author":"3","status":"publish","date":"2022-09-23 17:08:26","date_utc":"2022-09-23 15:08:26","modified":"2023-05-11 18:18:56","modified_utc":"2023-05-11 16:18:56","url":"https:\/\/saisonsculturelleschaumont.fr\/mdxpuixt\/evenement\/puisque-cest-comme-ca-je-vais-faire-un-opera-toute-seule\/","rest_url":"https:\/\/saisonsculturelleschaumont.fr\/mdxpuixt\/wp-json\/tribe\/events\/v1\/events\/9255","title":"PUISQUE C\u2019EST COMME \u00c7A JE VAIS FAIRE UN OP\u00c9RA TOUTE SEULE","description":"<p>MUSIQUE &#8211; \u00c0 partir de 9 ansSPECTACLE EN PARTENARIAT AVEC \u00ab TOUS A L\u2019OP\u00c9RA \u00bb<br \/>\nCompagnie Je garde le chien<\/p>\n<p>Anya, 12 ans, d\u00e9voile son d\u00e9sir d\u2019\u00e9crire un op\u00e9ra. \u00c0 l\u2019\u00e9cole, on explique que les grandes compositrices, \u00e7a n\u2019existe pas ! Seulement pour Anya, la musique, c\u2019est sa langue maternelle\u2026<br \/>\nNotre histoire commence par une grande col\u00e8re. Une col\u00e8re d\u2019enfant qui fait claquer les portes et trembler les murs. Une col\u00e8re russe pour en finir avec l\u2019injustice, les interdits, les injonctions a\u0300 devenir autre chose que ce qu\u2019elle veut \u00eatre : LIBRE.<\/p>\n<p>TARIFS<br \/>\n4\u20ac \/ 5\u20ac \/ 9\u20ac \/ 15\u20ac<\/p>","excerpt":"","slug":"puisque-cest-comme-ca-je-vais-faire-un-opera-toute-seule","image":{"url":"https:\/\/saisonsculturelleschaumont.fr\/mdxpuixt\/wp-content\/uploads\/2022\/09\/24-puisque-cest-comme-ca-\u00a9J-M-Lobbe-e1663946087551.jpg","id":9285,"extension":"jpg","width":650,"height":433,"filesize":544628,"sizes":{"medium":{"width":300,"height":300,"mime-type":"image\/jpeg","filesize":112505,"url":"https:\/\/saisonsculturelleschaumont.fr\/mdxpuixt\/wp-content\/uploads\/2022\/09\/24-puisque-cest-comme-ca-\u00a9J-M-Lobbe-e1663946087551-300x300.jpg"},"large":{"width":1030,"height":800,"mime-type":"image\/jpeg","filesize":662179,"url":"https:\/\/saisonsculturelleschaumont.fr\/mdxpuixt\/wp-content\/uploads\/2022\/09\/24-puisque-cest-comme-ca-\u00a9J-M-Lobbe-1030x800.jpg"},"thumbnail":{"width":80,"height":80,"mime-type":"image\/jpeg","filesize":25088,"url":"https:\/\/saisonsculturelleschaumont.fr\/mdxpuixt\/wp-content\/uploads\/2022\/09\/24-puisque-cest-comme-ca-\u00a9J-M-Lobbe-e1663946087551-80x80.jpg"},"medium_large":{"width":768,"height":768,"mime-type":"image\/jpeg","filesize":506880,"url":"https:\/\/saisonsculturelleschaumont.fr\/mdxpuixt\/wp-content\/uploads\/2022\/09\/24-puisque-cest-comme-ca-\u00a9J-M-Lobbe-768x768.jpg"},"fiat_thumb":{"width":60,"height":60,"mime-type":"image\/jpeg","filesize":21157,"url":"https:\/\/saisonsculturelleschaumont.fr\/mdxpuixt\/wp-content\/uploads\/2022\/09\/24-puisque-cest-comme-ca-\u00a9J-M-Lobbe-e1663946087551-60x60.jpg"},"widget":{"width":36,"height":36,"mime-type":"image\/jpeg","filesize":16823,"url":"https:\/\/saisonsculturelleschaumont.fr\/mdxpuixt\/wp-content\/uploads\/2022\/09\/24-puisque-cest-comme-ca-\u00a9J-M-Lobbe-e1663946087551-36x36.jpg"},"square":{"width":180,"height":180,"mime-type":"image\/jpeg","filesize":58214,"url":"https:\/\/saisonsculturelleschaumont.fr\/mdxpuixt\/wp-content\/uploads\/2022\/09\/24-puisque-cest-comme-ca-\u00a9J-M-Lobbe-e1663946087551-180x180.jpg"},"featured":{"width":650,"height":430,"mime-type":"image\/jpeg","filesize":257538,"url":"https:\/\/saisonsculturelleschaumont.fr\/mdxpuixt\/wp-content\/uploads\/2022\/09\/24-puisque-cest-comme-ca-\u00a9J-M-Lobbe-e1663946087551-650x430.jpg"},"featured_large":{"width":1200,"height":630,"mime-type":"image\/jpeg","filesize":601893,"url":"https:\/\/saisonsculturelleschaumont.fr\/mdxpuixt\/wp-content\/uploads\/2022\/09\/24-puisque-cest-comme-ca-\u00a9J-M-Lobbe-1200x630.jpg"},"portfolio":{"width":495,"height":400,"mime-type":"image\/jpeg","filesize":185221,"url":"https:\/\/saisonsculturelleschaumont.fr\/mdxpuixt\/wp-content\/uploads\/2022\/09\/24-puisque-cest-comme-ca-\u00a9J-M-Lobbe-e1663946087551-495x400.jpg"},"portfolio_small":{"width":260,"height":185,"mime-type":"image\/jpeg","filesize":70617,"url":"https:\/\/saisonsculturelleschaumont.fr\/mdxpuixt\/wp-content\/uploads\/2022\/09\/24-puisque-cest-comme-ca-\u00a9J-M-Lobbe-e1663946087551-260x185.jpg"},"gallery":{"width":845,"height":684,"mime-type":"image\/jpeg","filesize":472289,"url":"https:\/\/saisonsculturelleschaumont.fr\/mdxpuixt\/wp-content\/uploads\/2022\/09\/24-puisque-cest-comme-ca-\u00a9J-M-Lobbe-845x684.jpg"},"magazine":{"width":650,"height":375,"mime-type":"image\/jpeg","filesize":228448,"url":"https:\/\/saisonsculturelleschaumont.fr\/mdxpuixt\/wp-content\/uploads\/2022\/09\/24-puisque-cest-comme-ca-\u00a9J-M-Lobbe-e1663946087551-650x375.jpg"},"masonry":{"width":705,"height":470,"mime-type":"image\/jpeg","filesize":295028,"url":"https:\/\/saisonsculturelleschaumont.fr\/mdxpuixt\/wp-content\/uploads\/2022\/09\/24-puisque-cest-comme-ca-\u00a9J-M-Lobbe-705x470.jpg"},"entry_with_sidebar":{"width":650,"height":321,"mime-type":"image\/jpeg","filesize":202228,"url":"https:\/\/saisonsculturelleschaumont.fr\/mdxpuixt\/wp-content\/uploads\/2022\/09\/24-puisque-cest-comme-ca-\u00a9J-M-Lobbe-e1663946087551-650x321.jpg"},"entry_without_sidebar":{"width":650,"height":423,"mime-type":"image\/jpeg","filesize":253616,"url":"https:\/\/saisonsculturelleschaumont.fr\/mdxpuixt\/wp-content\/uploads\/2022\/09\/24-puisque-cest-comme-ca-\u00a9J-M-Lobbe-e1663946087551-650x423.jpg"},"cmplz_banner_image":{"width":350,"height":100,"mime-type":"image\/jpeg","filesize":53829,"url":"https:\/\/saisonsculturelleschaumont.fr\/mdxpuixt\/wp-content\/uploads\/2022\/09\/24-puisque-cest-comme-ca-\u00a9J-M-Lobbe-350x100.jpg"}}},"all_day":false,"start_date":"2023-05-05 20:30:00","start_date_details":{"year":"2023","month":"05","day":"05","hour":"20","minutes":"30","seconds":"00"},"end_date":"2023-05-05 21:15:00","end_date_details":{"year":"2023","month":"05","day":"05","hour":"21","minutes":"15","seconds":"00"},"utc_start_date":"2023-05-05 18:30:00","utc_start_date_details":{"year":"2023","month":"05","day":"05","hour":"18","minutes":"30","seconds":"00"},"utc_end_date":"2023-05-05 19:15:00","utc_end_date_details":{"year":"2023","month":"05","day":"05","hour":"19","minutes":"15","seconds":"00"},"timezone":"Europe\/Paris","timezone_abbr":"CEST","cost":"","cost_details":{"currency_symbol":"","currency_code":"","currency_position":"suffix","values":[]},"website":"https:\/\/www.lenouveaurelax.fr\/spectacles\/","show_map":true,"show_map_link":false,"hide_from_listings":true,"sticky":false,"featured":false,"categories":[{"name":"spectacle vivant","slug":"spectacle-vivant","term_group":0,"term_taxonomy_id":44,"taxonomy":"tribe_events_cat","description":"","parent":0,"count":148,"filter":"raw","id":44,"urls":{"self":"https:\/\/saisonsculturelleschaumont.fr\/mdxpuixt\/wp-json\/tribe\/events\/v1\/categories\/44","collection":"https:\/\/saisonsculturelleschaumont.fr\/mdxpuixt\/wp-json\/tribe\/events\/v1\/categories"}}],"tags":[{"name":"spectacle","slug":"spectacle","term_group":0,"term_taxonomy_id":55,"taxonomy":"post_tag","description":"","parent":0,"count":114,"filter":"raw","id":55,"urls":{"self":"https:\/\/saisonsculturelleschaumont.fr\/mdxpuixt\/wp-json\/tribe\/events\/v1\/tags\/55","collection":"https:\/\/saisonsculturelleschaumont.fr\/mdxpuixt\/wp-json\/tribe\/events\/v1\/tags"}}],"venue":{"id":1183,"author":"3","status":"publish","date":"2019-07-11 19:35:32","date_utc":"2019-07-11 17:35:32","modified":"2020-02-11 21:40:30","modified_utc":"2020-02-11 20:40:30","url":"https:\/\/saisonsculturelleschaumont.fr\/mdxpuixt\/ou\/le-nouveau-relax\/","venue":"le nouveau relax","slug":"le-nouveau-relax","address":"15 bis rue L\u00e9vy-Alphand\u00e9ry","city":"Chaumont","country":"France","zip":"52000","phone":"03 25 01 68 80","website":"https:\/\/www.lenouveaurelax.fr","geo_lat":48.1074264,"geo_lng":5.1373537,"json_ld":{"@type":"Place","name":"le nouveau relax","description":"","url":"https:\/\/saisonsculturelleschaumont.fr\/mdxpuixt\/ou\/le-nouveau-relax\/","address":{"@type":"PostalAddress","streetAddress":"15 bis rue L\u00e9vy-Alphand\u00e9ry","addressLocality":"Chaumont","postalCode":"52000","addressCountry":"France"},"geo":{"@type":"GeoCoordinates","latitude":48.1074264,"longitude":5.1373537},"telephone":"03 25 01 68 80","sameAs":"https:\/\/www.lenouveaurelax.fr"},"show_map":true,"show_map_link":true,"global_id":"saisonsculturelleschaumont.fr\/mdxpuixt?id=1183","global_id_lineage":["saisonsculturelleschaumont.fr\/mdxpuixt?id=1183"]},"organizer":[{"id":1192,"author":"3","status":"publish","date":"2019-07-11 19:36:09","date_utc":"2019-07-11 17:36:09","modified":"2020-02-11 21:38:24","modified_utc":"2020-02-11 20:38:24","url":"https:\/\/saisonsculturelleschaumont.fr\/mdxpuixt\/qui\/le-nouveau-relax\/","organizer":"le nouveau relax","slug":"le-nouveau-relax","phone":"03 25 01 68 80","website":"http:\/\/www.lenouveaurelax.fr\/","email":"accueil.theatre@ville-chaumont.fr","json_ld":{"@type":"Person","name":"le nouveau relax","description":"","url":"http:\/\/www.lenouveaurelax.fr\/","telephone":"03 25 01 68 80","email":"&#97;&#99;&#99;ue&#105;l.t&#104;e&#97;&#116;re&#64;&#118;&#105;&#108;&#108;&#101;&#45;c&#104;&#97;&#117;mo&#110;t&#46;fr","sameAs":"http:\/\/www.lenouveaurelax.fr\/"},"global_id":"saisonsculturelleschaumont.fr\/mdxpuixt?id=1192","global_id_lineage":["saisonsculturelleschaumont.fr\/mdxpuixt?id=1192"]}],"json_ld":{"@context":"http:\/\/schema.org","@type":"Event","name":"PUISQUE C\u2019EST COMME \u00c7A JE VAIS FAIRE UN OP\u00c9RA TOUTE SEULE","description":"&lt;p&gt;MUSIQUE - \u00c0 partir de 9 ansSPECTACLE EN PARTENARIAT AVEC \u00ab TOUS A L\u2019OP\u00c9RA \u00bb Compagnie Je garde le chien Anya, 12 ans, d\u00e9voile son d\u00e9sir d\u2019\u00e9crire un op\u00e9ra. \u00c0 [&hellip;]&lt;\/p&gt;\\n","image":"https:\/\/saisonsculturelleschaumont.fr\/mdxpuixt\/wp-content\/uploads\/2022\/09\/24-puisque-cest-comme-ca-\u00a9J-M-Lobbe-e1663946087551.jpg","url":"https:\/\/saisonsculturelleschaumont.fr\/mdxpuixt\/evenement\/puisque-cest-comme-ca-je-vais-faire-un-opera-toute-seule\/","eventAttendanceMode":"https:\/\/schema.org\/OfflineEventAttendanceMode","eventStatus":"https:\/\/schema.org\/EventScheduled","startDate":"2023-05-05T20:30:00+02:00","endDate":"2023-05-05T21:15:00+02:00","location":{"@type":"Place","name":"le nouveau relax","description":"","url":"https:\/\/saisonsculturelleschaumont.fr\/mdxpuixt\/ou\/le-nouveau-relax\/","address":{"@type":"PostalAddress","streetAddress":"15 bis rue L\u00e9vy-Alphand\u00e9ry","addressLocality":"Chaumont","postalCode":"52000","addressCountry":"France"},"geo":{"@type":"GeoCoordinates","latitude":48.1074264,"longitude":5.1373537},"telephone":"03 25 01 68 80","sameAs":"https:\/\/www.lenouveaurelax.fr"},"organizer":{"@type":"Person","name":"le nouveau relax","description":"","url":"http:\/\/www.lenouveaurelax.fr\/","telephone":"03 25 01 68 80","email":"a&#99;cu&#101;il&#46;&#116;heatr&#101;&#64;&#118;ille-&#99;hau&#109;o&#110;&#116;&#46;fr","sameAs":"http:\/\/www.lenouveaurelax.fr\/"},"performer":"Organization"},"event_bgcolor":"","event_text_color":""}