{"id":9415,"global_id":"saisonsculturelleschaumont.fr\/mdxpuixt?id=9415","global_id_lineage":["saisonsculturelleschaumont.fr\/mdxpuixt?id=9415"],"author":"3","status":"publish","date":"2022-10-12 16:48:58","date_utc":"2022-10-12 14:48:58","modified":"2023-01-27 08:52:51","modified_utc":"2023-01-27 07:52:51","url":"https:\/\/saisonsculturelleschaumont.fr\/mdxpuixt\/evenement\/audition-des-classes-de-flute-2\/","rest_url":"https:\/\/saisonsculturelleschaumont.fr\/mdxpuixt\/wp-json\/tribe\/events\/v1\/events\/9415","title":"Audition des classes de fl\u00fbte","description":"<p>Audition des classes de fl\u00fbte traversi\u00e8re de Corinne Bouhaben et Amandine Granger<\/p>\n<p>Entr\u00e9e lbre<\/p>","excerpt":"","slug":"audition-des-classes-de-flute-2","image":{"url":"https:\/\/saisonsculturelleschaumont.fr\/mdxpuixt\/wp-content\/uploads\/2020\/02\/Flutes.jpg","id":5128,"extension":"jpg","width":600,"height":400,"sizes":{"medium":{"width":300,"height":300,"mime-type":"image\/jpeg","url":"https:\/\/saisonsculturelleschaumont.fr\/mdxpuixt\/wp-content\/uploads\/2020\/02\/Flutes-300x300.jpg"},"thumbnail":{"width":80,"height":80,"mime-type":"image\/jpeg","url":"https:\/\/saisonsculturelleschaumont.fr\/mdxpuixt\/wp-content\/uploads\/2020\/02\/Flutes-80x80.jpg"},"fiat_thumb":{"width":60,"height":60,"mime-type":"image\/jpeg","url":"https:\/\/saisonsculturelleschaumont.fr\/mdxpuixt\/wp-content\/uploads\/2020\/02\/Flutes-60x60.jpg"},"widget":{"width":36,"height":36,"mime-type":"image\/jpeg","url":"https:\/\/saisonsculturelleschaumont.fr\/mdxpuixt\/wp-content\/uploads\/2020\/02\/Flutes-36x36.jpg"},"square":{"width":180,"height":180,"mime-type":"image\/jpeg","url":"https:\/\/saisonsculturelleschaumont.fr\/mdxpuixt\/wp-content\/uploads\/2020\/02\/Flutes-180x180.jpg"},"portfolio":{"width":495,"height":400,"mime-type":"image\/jpeg","url":"https:\/\/saisonsculturelleschaumont.fr\/mdxpuixt\/wp-content\/uploads\/2020\/02\/Flutes-495x400.jpg"},"portfolio_small":{"width":260,"height":185,"mime-type":"image\/jpeg","url":"https:\/\/saisonsculturelleschaumont.fr\/mdxpuixt\/wp-content\/uploads\/2020\/02\/Flutes-260x185.jpg"},"magazine":{"width":600,"height":375,"mime-type":"image\/jpeg","url":"https:\/\/saisonsculturelleschaumont.fr\/mdxpuixt\/wp-content\/uploads\/2020\/02\/Flutes-600x375.jpg"},"entry_with_sidebar":{"width":600,"height":321,"mime-type":"image\/jpeg","url":"https:\/\/saisonsculturelleschaumont.fr\/mdxpuixt\/wp-content\/uploads\/2020\/02\/Flutes-600x321.jpg"}}},"all_day":false,"start_date":"2023-01-26 18:30:00","start_date_details":{"year":"2023","month":"01","day":"26","hour":"18","minutes":"30","seconds":"00"},"end_date":"2023-01-26 19:30:00","end_date_details":{"year":"2023","month":"01","day":"26","hour":"19","minutes":"30","seconds":"00"},"utc_start_date":"2023-01-26 17:30:00","utc_start_date_details":{"year":"2023","month":"01","day":"26","hour":"17","minutes":"30","seconds":"00"},"utc_end_date":"2023-01-26 18:30:00","utc_end_date_details":{"year":"2023","month":"01","day":"26","hour":"18","minutes":"30","seconds":"00"},"timezone":"Europe\/Paris","timezone_abbr":"CET","cost":"","cost_details":{"currency_symbol":"","currency_code":"","currency_position":"suffix","values":[]},"website":"","show_map":true,"show_map_link":true,"hide_from_listings":true,"sticky":false,"featured":false,"categories":[{"name":"musique","slug":"musique","term_group":0,"term_taxonomy_id":305,"taxonomy":"tribe_events_cat","description":"","parent":0,"count":238,"filter":"raw","id":305,"urls":{"self":"https:\/\/saisonsculturelleschaumont.fr\/mdxpuixt\/wp-json\/tribe\/events\/v1\/categories\/305","collection":"https:\/\/saisonsculturelleschaumont.fr\/mdxpuixt\/wp-json\/tribe\/events\/v1\/categories"}}],"tags":[{"name":"audition","slug":"audition","term_group":0,"term_taxonomy_id":140,"taxonomy":"post_tag","description":"","parent":0,"count":70,"filter":"raw","id":140,"urls":{"self":"https:\/\/saisonsculturelleschaumont.fr\/mdxpuixt\/wp-json\/tribe\/events\/v1\/tags\/140","collection":"https:\/\/saisonsculturelleschaumont.fr\/mdxpuixt\/wp-json\/tribe\/events\/v1\/tags"}},{"name":"\u00e9l\u00e8ves","slug":"eleves","term_group":0,"term_taxonomy_id":142,"taxonomy":"post_tag","description":"","parent":0,"count":77,"filter":"raw","id":142,"urls":{"self":"https:\/\/saisonsculturelleschaumont.fr\/mdxpuixt\/wp-json\/tribe\/events\/v1\/tags\/142","collection":"https:\/\/saisonsculturelleschaumont.fr\/mdxpuixt\/wp-json\/tribe\/events\/v1\/tags"}},{"name":"fl\u00fbte","slug":"flute","term_group":0,"term_taxonomy_id":361,"taxonomy":"post_tag","description":"","parent":0,"count":1,"filter":"raw","id":361,"urls":{"self":"https:\/\/saisonsculturelleschaumont.fr\/mdxpuixt\/wp-json\/tribe\/events\/v1\/tags\/361","collection":"https:\/\/saisonsculturelleschaumont.fr\/mdxpuixt\/wp-json\/tribe\/events\/v1\/tags"}},{"name":"musique","slug":"musique","term_group":0,"term_taxonomy_id":99,"taxonomy":"post_tag","description":"","parent":0,"count":203,"filter":"raw","id":99,"urls":{"self":"https:\/\/saisonsculturelleschaumont.fr\/mdxpuixt\/wp-json\/tribe\/events\/v1\/tags\/99","collection":"https:\/\/saisonsculturelleschaumont.fr\/mdxpuixt\/wp-json\/tribe\/events\/v1\/tags"}}],"venue":{"id":4468,"author":"3","status":"publish","date":"2019-12-11 11:28:01","date_utc":"2019-12-11 10:28:01","modified":"2021-06-16 15:28:07","modified_utc":"2021-06-16 13:28:07","url":"https:\/\/saisonsculturelleschaumont.fr\/mdxpuixt\/ou\/auditorium-de-lespace-bouchardon\/","venue":"l&rsquo;auditorium de l\u2019espace Bouchardon","slug":"auditorium-de-lespace-bouchardon","address":"87 Rue Victoire de la Marne","city":"Chaumont","zip":"52 000","json_ld":{"@type":"Place","name":"l&rsquo;auditorium de l\u2019espace Bouchardon","description":"","url":"https:\/\/saisonsculturelleschaumont.fr\/mdxpuixt\/ou\/auditorium-de-lespace-bouchardon\/","address":{"@type":"PostalAddress","streetAddress":"87 Rue Victoire de la Marne","addressLocality":"Chaumont","postalCode":"52 000"},"telephone":"","sameAs":""},"show_map":true,"show_map_link":true,"global_id":"saisonsculturelleschaumont.fr\/mdxpuixt?id=4468","global_id_lineage":["saisonsculturelleschaumont.fr\/mdxpuixt?id=4468"]},"organizer":[{"id":2911,"author":"3","status":"publish","date":"2019-08-02 09:50:39","date_utc":"2019-08-02 07:50:39","modified":"2023-08-03 16:30:07","modified_utc":"2023-08-03 14:30:07","url":"https:\/\/saisonsculturelleschaumont.fr\/mdxpuixt\/qui\/le-conservatoire\/","organizer":"le conservatoire de musique","description":"<h5>le conservatoire de musique<\/h5>\n<p>12 rue dutailly<br \/>52000 chaumont<br \/>03 25 30 60 50<\/p>\n<h5>horaires<\/h5>\n<ul>\n<li>ouvert du lundi au vendredi de 9h a\u0300 11h30 &amp; de 14h a\u0300 18h samedi de 9h a\u0300 11h\u00a0<\/li>\n<\/ul>\n<p>Le conservatoire de musique situ\u00e9 au c\u0153ur de la vieille ville, a deux champs d\u2019action prioritaires : la formation et la diffusion musicales et artistiques. Il occupe une place pr\u00e9pond\u00e9rante dans la vie culturelle de la ville et du\u202f\u00a0d\u00e9partement, dans le cadre du sch\u00e9ma d\u00e9partemental des enseignements artistiques. Ses missions\u202fsont renforc\u00e9es, enrichies et \u00e9tay\u00e9es par de nombreux partenariats privil\u00e9gi\u00e9s.\u00a0<\/p>\n<p>Pr\u00e8s de <strong>500 \u00e9l\u00e8<\/strong><strong>ves<\/strong> s\u2019y rendent chaque semaine. L\u2019\u00e9quipe p\u00e9dagogique est constitu\u00e9e de <strong>32\u00a0<\/strong><strong>\u202fprof<\/strong><strong>esseurs<\/strong> qui enseignent <strong>35 disciplines<\/strong> diff\u00e9rentes dans une grande diversit\u00e9 de genres, allant de la musique ancienne aux musiques actuelles.\u00a0<\/p>\n<p><strong>Clarinette, fl\u00fbte traversi\u00e8re, hautbois, saxophone, trompette, trombone, saxhorn, cor, violon, alto, violoncelle, contrebasse, clavecin, orgue, piano, guitare, percussions, chant, batterie, guitare \u00e9lectrique, basse \u00e9lectrique, jazz\u2026\u00a0<\/strong><\/p>\n<p>Et pratiques collectives aussi : <strong>ch\u0153ur d\u2019enfants, classe d\u2019orchestre, b<\/strong><strong>ig<\/strong><strong>\u00a0band, atelier de chanson fran\u00e7aise, atelier chanson d\u2019ici et d\u2019ailleurs, atelier jazz, atelier rock et ensembles instrumentaux<\/strong>.\u00a0<\/p>\n<p>De l\u2019\u00e9veil musical d\u00e8s 6 ans gr\u00e2ce aux jeux, chants ou activit\u00e9s ludiques, jusqu\u2019\u00e0 la formation musicale pour adultes, le conservatoire offre un \u00e9ventail d\u2019activit\u00e9s et une exp\u00e9rience unique, celui de l\u2019appartenance \u00e0 une maison qui a vu na\u00eetre de grands talents et qui a su faire aimer la musique aux plus petits comme aux plus grands.\u00a0\u00a0\u00a0<\/p>\n<p>Plus de <strong>70 concerts<\/strong> sont donn\u00e9s chaque ann\u00e9e scolaire. Les concerts d\u2019\u00e9l\u00e8ves sont en acc\u00e8s libre.\u00a0<\/p>\n<p><strong>\u2192 Les inscriptions au conservatoire ont lieu \u00e0 partir de la fin du mois d\u2019ao\u00fbt de chaque ann\u00e9e<\/strong>.\u00a0<\/p>","slug":"le-conservatoire","image":{"url":"https:\/\/saisonsculturelleschaumont.fr\/mdxpuixt\/wp-content\/uploads\/2019\/08\/conservatoire-org.png","id":4858,"extension":"png","width":1311,"height":779,"sizes":{"medium":{"width":300,"height":300,"mime-type":"image\/png","url":"https:\/\/saisonsculturelleschaumont.fr\/mdxpuixt\/wp-content\/uploads\/2019\/08\/conservatoire-org-300x300.png"},"large":{"width":1030,"height":779,"mime-type":"image\/png","url":"https:\/\/saisonsculturelleschaumont.fr\/mdxpuixt\/wp-content\/uploads\/2019\/08\/conservatoire-org-1030x779.png"},"thumbnail":{"width":80,"height":80,"mime-type":"image\/png","url":"https:\/\/saisonsculturelleschaumont.fr\/mdxpuixt\/wp-content\/uploads\/2019\/08\/conservatoire-org-80x80.png"},"medium_large":{"width":768,"height":768,"mime-type":"image\/png","url":"https:\/\/saisonsculturelleschaumont.fr\/mdxpuixt\/wp-content\/uploads\/2019\/08\/conservatoire-org-768x768.png"},"fiat_thumb":{"width":60,"height":60,"mime-type":"image\/png","url":"https:\/\/saisonsculturelleschaumont.fr\/mdxpuixt\/wp-content\/uploads\/2019\/08\/conservatoire-org-60x60.png"},"widget":{"width":36,"height":36,"mime-type":"image\/png","url":"https:\/\/saisonsculturelleschaumont.fr\/mdxpuixt\/wp-content\/uploads\/2019\/08\/conservatoire-org-36x36.png"},"square":{"width":180,"height":180,"mime-type":"image\/png","url":"https:\/\/saisonsculturelleschaumont.fr\/mdxpuixt\/wp-content\/uploads\/2019\/08\/conservatoire-org-180x180.png"},"featured":{"width":1311,"height":430,"mime-type":"image\/png","url":"https:\/\/saisonsculturelleschaumont.fr\/mdxpuixt\/wp-content\/uploads\/2019\/08\/conservatoire-org-1311x430.png"},"featured_large":{"width":1311,"height":630,"mime-type":"image\/png","url":"https:\/\/saisonsculturelleschaumont.fr\/mdxpuixt\/wp-content\/uploads\/2019\/08\/conservatoire-org-1311x630.png"},"portfolio":{"width":495,"height":400,"mime-type":"image\/png","url":"https:\/\/saisonsculturelleschaumont.fr\/mdxpuixt\/wp-content\/uploads\/2019\/08\/conservatoire-org-495x400.png"},"portfolio_small":{"width":260,"height":185,"mime-type":"image\/png","url":"https:\/\/saisonsculturelleschaumont.fr\/mdxpuixt\/wp-content\/uploads\/2019\/08\/conservatoire-org-260x185.png"},"gallery":{"width":845,"height":684,"mime-type":"image\/png","url":"https:\/\/saisonsculturelleschaumont.fr\/mdxpuixt\/wp-content\/uploads\/2019\/08\/conservatoire-org-845x684.png"},"magazine":{"width":710,"height":375,"mime-type":"image\/png","url":"https:\/\/saisonsculturelleschaumont.fr\/mdxpuixt\/wp-content\/uploads\/2019\/08\/conservatoire-org-710x375.png"},"masonry":{"width":705,"height":419,"mime-type":"image\/png","url":"https:\/\/saisonsculturelleschaumont.fr\/mdxpuixt\/wp-content\/uploads\/2019\/08\/conservatoire-org-705x419.png"},"entry_with_sidebar":{"width":845,"height":321,"mime-type":"image\/png","url":"https:\/\/saisonsculturelleschaumont.fr\/mdxpuixt\/wp-content\/uploads\/2019\/08\/conservatoire-org-845x321.png"},"entry_without_sidebar":{"width":1210,"height":423,"mime-type":"image\/png","url":"https:\/\/saisonsculturelleschaumont.fr\/mdxpuixt\/wp-content\/uploads\/2019\/08\/conservatoire-org-1210x423.png"}}},"json_ld":{"@type":"Person","name":"le conservatoire de musique","description":"&lt;p&gt;le conservatoire de musique12 rue dutailly52000 chaumont03 25 30 60 50horairesouvert du lundi au vendredi de 9h a\u0300 11h30 &amp; de 14h a\u0300 18h samedi de 9h a\u0300 11h\u00a0Le conservatoire [&hellip;]&lt;\/p&gt;\\n","image":"https:\/\/saisonsculturelleschaumont.fr\/mdxpuixt\/wp-content\/uploads\/2019\/08\/conservatoire-org.png","url":"","telephone":"","email":"","sameAs":""},"global_id":"saisonsculturelleschaumont.fr\/mdxpuixt?id=2911","global_id_lineage":["saisonsculturelleschaumont.fr\/mdxpuixt?id=2911"]}],"json_ld":{"@context":"http:\/\/schema.org","@type":"Event","name":"Audition des classes de fl\u00fbte","description":"&lt;p&gt;Audition des classes de fl\u00fbte traversi\u00e8re de Corinne Bouhaben et Amandine Granger Entr\u00e9e lbre&lt;\/p&gt;\\n","image":"https:\/\/saisonsculturelleschaumont.fr\/mdxpuixt\/wp-content\/uploads\/2020\/02\/Flutes.jpg","url":"https:\/\/saisonsculturelleschaumont.fr\/mdxpuixt\/evenement\/audition-des-classes-de-flute-2\/","eventAttendanceMode":"https:\/\/schema.org\/OfflineEventAttendanceMode","eventStatus":"https:\/\/schema.org\/EventScheduled","startDate":"2023-01-26T18:30:00+01:00","endDate":"2023-01-26T19:30:00+01:00","location":{"@type":"Place","name":"l&rsquo;auditorium de l\u2019espace Bouchardon","description":"","url":"https:\/\/saisonsculturelleschaumont.fr\/mdxpuixt\/ou\/auditorium-de-lespace-bouchardon\/","address":{"@type":"PostalAddress","streetAddress":"87 Rue Victoire de la Marne","addressLocality":"Chaumont","postalCode":"52 000"},"telephone":"","sameAs":""},"organizer":{"@type":"Person","name":"le conservatoire de musique","description":"&lt;p&gt;le conservatoire de musique12 rue dutailly52000 chaumont03 25 30 60 50horairesouvert du lundi au vendredi de 9h a\u0300 11h30 &amp; de 14h a\u0300 18h samedi de 9h a\u0300 11h\u00a0Le conservatoire [&hellip;]&lt;\/p&gt;\\n","image":"https:\/\/saisonsculturelleschaumont.fr\/mdxpuixt\/wp-content\/uploads\/2019\/08\/conservatoire-org.png","url":"","telephone":"","email":"","sameAs":""},"performer":"Organization"},"event_bgcolor":"","event_text_color":""}